{"id":122792,"date":"2025-12-22T03:45:19","date_gmt":"2025-12-22T03:45:19","guid":{"rendered":"https:\/\/www.europesays.com\/fi\/122792\/"},"modified":"2025-12-22T03:45:19","modified_gmt":"2025-12-22T03:45:19","slug":"seinajoen-ainoa-itsepalvelukirpputori-lopettaa-itsepalvelun-kavijoita-ei-ole-riittanyt","status":"publish","type":"post","link":"https:\/\/www.europesays.com\/fi\/122792\/","title":{"rendered":"Sein\u00e4joen ainoa itsepalvelukirpputori lopettaa itsepalvelun \u2013 &#8221;K\u00e4vij\u00f6it\u00e4 ei ole riitt\u00e4nyt&#8221;"},"content":{"rendered":"<p>\n      Viime vuoden kes\u00e4ll\u00e4 toimintansa aloittanut All Day kirppis muuttaa vuodenvaihteessa Sein\u00e4joen keskustaan ja p\u00e4\u00e4tt\u00e4\u00e4 itsepalvelutoimintansa. Syyn\u00e4 on konseptin kannattamattomuus.\n    <\/p>\n<p>\n      \u2013 Harmittaa, ett\u00e4 kaikki on toiminut muutoin odotetusti, mutta k\u00e4vij\u00f6it\u00e4 ei ole riitt\u00e4nyt, omistaja Joni Berg kertoo.\n    <\/p>\n<p class=\"article__paragraph\">\n      T\u00e4h\u00e4n asti Sein\u00e4joen Pohjassa sijainnut kirpputori on ollut avoinna aamukuudesta iltakymmeneen viikon jokaisena p\u00e4iv\u00e4n\u00e4. Henkil\u00f6kunnan ty\u00f6llist\u00e4misen sijaan maksaminen on hoitunut itsepalvelukassoilla.\n    <\/p>\n<p class=\"article__paragraph\">\n      Tammikuussa Bergin ja t\u00e4m\u00e4n puolison Marika Kiviahon liike avaa uudet ovensa Kalevankadulla. Aukioloajat supistuvat, liikkeen nimi muuttuu Second Selectiksi ja itsepalvelutoiminta p\u00e4\u00e4ttyy.\n    <\/p>\n<p class=\"article__paragraph\">\n      \u2013 Itsepalvelukassoista toinen tulee liikkeeseen, mutta jatkossa paikalla on aina henkil\u00f6kuntaa.\n    <\/p>\n<p>      Merkkivaatteet keski\u00f6ss\u00e4<\/p>\n<p class=\"article__paragraph\">\n      Muuton yhteydess\u00e4 liike lopettaa myyntipaikkojen tarjoamisen ja panostaa t\u00e4ysin jo aiemmasta myym\u00e4l\u00e4st\u00e4 tuttuun \u201dall-inclusive\u201d -palveluun. Siin\u00e4 yritt\u00e4j\u00e4pariskunta noutaa myyt\u00e4v\u00e4t tuotteet ja huolehtii myynnist\u00e4. Tuotot jaetaan tasan alkuper\u00e4isen myyj\u00e4n ja yritt\u00e4jien kesken.\n    <\/p>\n<p class=\"article__paragraph\">\n      \u2013 Palvelu on ollut kannattavaa, joten otamme nyt konseptimme toimivan osan ja siirr\u00e4mme sen uusiin tiloihin.\n    <\/p>\n<p class=\"article__paragraph\">\n      Jatkossa valikoima keskittyy merkkivaatteisiin. Omistajat k\u00e4yv\u00e4t tuotteet l\u00e4pi ja valitsevat myyntiin laatukriteerit t\u00e4ytt\u00e4v\u00e4t vaatteet. T\u00e4m\u00e4 juontaa juurensa siit\u00e4, ett\u00e4 kirpputorin alkutaipaleella kauppa k\u00e4vi hyvin juuri merkkivaatteiden kohdalla. Lis\u00e4ksi Kiviaho huomauttaa, ett\u00e4 Sein\u00e4joella on paljon kirpputoreja v\u00e4kilukuun suhteutettuna. Pelkkien merkkivaatteiden myynti erottaa heid\u00e4t kilpailijoista.\n    <\/p>\n<p>    <img decoding=\"async\" class=\"responsive-image article__image-image lozad\"   src=\"https:\/\/www.europesays.com\/fi\/wp-content\/uploads\/2025\/12\/ZVOA4a1vcb6w_qNKFSP9M_3xar3A0NforCwkehX4iyQl-MbmYMpWSMneL-EFNQ4okiGuyvMk4gvhp-bZDfdG5rKuZD57kxnOW90h.jpeg\" alt=\"Vaikka uuden liikkeen valikoima supistuu vaatteiden kohdalla vain merkkivaatteisiin, laajenee se toisella tavalla. Liikkeen yhteyteen tulee Bergin oma yritys, JB Woodarts, joka myy Sein\u00e4joella valmistettuja puusep\u00e4ntuotteita.\"\/><\/p>\n<p>\n                Vaikka uuden liikkeen valikoima supistuu vaatteiden kohdalla vain merkkivaatteisiin, laajenee se toisella tavalla. Liikkeen yhteyteen tulee Bergin oma yritys, JB Woodarts, joka myy Sein\u00e4joella valmistettuja puusep\u00e4ntuotteita.\n              <\/p>\n<p>\n                Kuva: Tomi Kosonen\n              <\/p>\n<p class=\"article__paragraph\">\n      Sein\u00e4joen keskustassa palvelee jo yksi merkkivaatteisiin erikoistunut second hand -liike Vintarelle. Berg ja Kiviaho n\u00e4kev\u00e4t l\u00e4heisen sijainnin mahdollisuutena.\n    <\/p>\n<p class=\"article__paragraph\">\n      \u2013\u202fMonesti ihmiset haluavat vierailla samankaltaisissa liikkeiss\u00e4 samalla kerralla. Ovathan esimerkiksi huonekaluliikkeet usein vierekk\u00e4in, Berg kertoo.\n    <\/p>\n<p>      Itsepalvelu saattaa palata<\/p>\n<p class=\"article__paragraph\">\n      Berg ja Kiviaho my\u00f6nt\u00e4v\u00e4t, ett\u00e4 itsepalvelumyym\u00e4l\u00e4ss\u00e4 varkauksien riski on suurempi kuin tavallisilla kirpputoreilla. T\u00e4m\u00e4n vuoksi my\u00f6s myynnin pit\u00e4isi olla tavallista suurempaa kattaakseen ilkivallasta aiheutuvat kulut.\n    <\/p>\n<p class=\"article__paragraph\">\n      \u2013 \u202fAsiakaspalautteiden perusteella konseptista on pidetty valtavasti. Uskon, ett\u00e4 ep\u00e4onnistuimme markkinoinnissa.\n    <\/p>\n<p class=\"article__paragraph\">\n      Ennen All Day kirppiksen avaamista yritt\u00e4j\u00e4pariskunta kertoi Ilkka-Pohjalaiselle, ett\u00e4 toiveena on laajentaa itsepalvelukirpputorin toimintaa my\u00f6s muihin kaupunkeihin. Tulevasta muutoksesta huolimatta haave el\u00e4\u00e4 viel\u00e4.\n    <\/p>\n<p class=\"article__paragraph\">\n      \u2013 \u00a0Nyt on kuitenkin aika heng\u00e4ht\u00e4\u00e4 ja kokeilla toista systeemi\u00e4, Berg toteaa.\n    <\/p>\n","protected":false},"excerpt":{"rendered":"Viime vuoden kes\u00e4ll\u00e4 toimintansa aloittanut All Day kirppis muuttaa vuodenvaihteessa Sein\u00e4joen keskustaan ja p\u00e4\u00e4tt\u00e4\u00e4 itsepalvelutoimintansa. Syyn\u00e4 on konseptin&hellip;\n","protected":false},"author":2,"featured_media":122793,"comment_status":"","ping_status":"","sticky":false,"template":"","format":"standard","meta":{"footnotes":""},"categories":[12],"tags":[22,23,26,27,33,31,30,17,24,25,28,29,15,18,21,32,19,20,16],"class_list":{"0":"post-122792","1":"post","2":"type-post","3":"status-publish","4":"format-standard","5":"has-post-thumbnail","7":"category-suomi","8":"tag-breaking-news","9":"tag-breakingnews","10":"tag-featured-news","11":"tag-featurednews","12":"tag-fi","13":"tag-finland","14":"tag-finnish","15":"tag-headlines","16":"tag-latest-news","17":"tag-latestnews","18":"tag-main-news","19":"tag-mainnews","20":"tag-news","21":"tag-otsikot","22":"tag-paauutiset","23":"tag-suomi","24":"tag-top-stories","25":"tag-topstories","26":"tag-uutiset"},"share_on_mastodon":{"url":"https:\/\/pubeurope.com\/@fi\/115761166805214917","error":""},"_links":{"self":[{"href":"https:\/\/www.europesays.com\/fi\/wp-json\/wp\/v2\/posts\/122792","targetHints":{"allow":["GET"]}}],"collection":[{"href":"https:\/\/www.europesays.com\/fi\/wp-json\/wp\/v2\/posts"}],"about":[{"href":"https:\/\/www.europesays.com\/fi\/wp-json\/wp\/v2\/types\/post"}],"author":[{"embeddable":true,"href":"https:\/\/www.europesays.com\/fi\/wp-json\/wp\/v2\/users\/2"}],"replies":[{"embeddable":true,"href":"https:\/\/www.europesays.com\/fi\/wp-json\/wp\/v2\/comments?post=122792"}],"version-history":[{"count":0,"href":"https:\/\/www.europesays.com\/fi\/wp-json\/wp\/v2\/posts\/122792\/revisions"}],"wp:featuredmedia":[{"embeddable":true,"href":"https:\/\/www.europesays.com\/fi\/wp-json\/wp\/v2\/media\/122793"}],"wp:attachment":[{"href":"https:\/\/www.europesays.com\/fi\/wp-json\/wp\/v2\/media?parent=122792"}],"wp:term":[{"taxonomy":"category","embeddable":true,"href":"https:\/\/www.europesays.com\/fi\/wp-json\/wp\/v2\/categories?post=122792"},{"taxonomy":"post_tag","embeddable":true,"href":"https:\/\/www.europesays.com\/fi\/wp-json\/wp\/v2\/tags?post=122792"}],"curies":[{"name":"wp","href":"https:\/\/api.w.org\/{rel}","templated":true}]}}