{"id":122794,"date":"2025-12-22T03:46:12","date_gmt":"2025-12-22T03:46:12","guid":{"rendered":"https:\/\/www.europesays.com\/fi\/122794\/"},"modified":"2025-12-22T03:46:12","modified_gmt":"2025-12-22T03:46:12","slug":"jarmo-kekalainen-palkkasi-itselleen-kaksi-apuria","status":"publish","type":"post","link":"https:\/\/www.europesays.com\/fi\/122794\/","title":{"rendered":"Jarmo Kek\u00e4l\u00e4inen palkkasi itselleen kaksi apuria"},"content":{"rendered":"<p><strong class=\"typography-bold\">NHL:ss\u00e4 pelaava Buffalo Sabres on palkannut Marc Bergevinin ja Josh Flynnin seuran apulais-GM:ksi.\u00a0<\/strong><\/p>\n<p>Hiljattain Buffalon GM:ksi palkattu Kek\u00e4l\u00e4inen vahvisti ensit\u00f6ikseen omaa apulaistiimi\u00e4\u00e4n. Bergevin on toiminut aiemmin muun muassa Montreal Canadiensin GM:n\u00e4, mutta viime vuosina h\u00e4n on ollut Los Angeles Kingsin neuvonantajana.<\/p>\n<p>Flynn puolestaan on Kek\u00e4l\u00e4iselle tuttu mies Columbus Blue Jacketsista, jossa h\u00e4n on ty\u00f6skennellyt vuodesta 2013 l\u00e4htien.<\/p>\n<p>\u2013 <strong class=\"typography-bold\">Marc Bergevin<\/strong> ja <strong class=\"typography-bold\">Josh Flynn<\/strong> tuovat uniikkia kokemusta ja perspektiivi\u00e4 organisaatioomme. Molemmat tuovat monipuolisuutta auttaakseen meit\u00e4 rakentamaan kokonaisvaltaisen johtoportaan, Kek\u00e4l\u00e4inen kertoo tiedotteessa.<\/p>\n<p>Buffalo on t\u00e4ll\u00e4 hetkell\u00e4 NHL:n it\u00e4isess\u00e4 konferenssissa sijalla 14. Joukkue on pelannut edellisen kerran pudotuspeleiss\u00e4 kaudella 2010-11.<\/p>\n","protected":false},"excerpt":{"rendered":"NHL:ss\u00e4 pelaava Buffalo Sabres on palkannut Marc Bergevinin ja Josh Flynnin seuran apulais-GM:ksi.\u00a0 Hiljattain Buffalon GM:ksi palkattu Kek\u00e4l\u00e4inen&hellip;\n","protected":false},"author":2,"featured_media":122795,"comment_status":"","ping_status":"","sticky":false,"template":"","format":"standard","meta":{"footnotes":""},"categories":[5],"tags":[22,23,26,27,33,31,30,17,24,25,28,29,15,18,21,32,19,20,16],"class_list":{"0":"post-122794","1":"post","2":"type-post","3":"status-publish","4":"format-standard","5":"has-post-thumbnail","7":"category-otsikot","8":"tag-breaking-news","9":"tag-breakingnews","10":"tag-featured-news","11":"tag-featurednews","12":"tag-fi","13":"tag-finland","14":"tag-finnish","15":"tag-headlines","16":"tag-latest-news","17":"tag-latestnews","18":"tag-main-news","19":"tag-mainnews","20":"tag-news","21":"tag-otsikot","22":"tag-paauutiset","23":"tag-suomi","24":"tag-top-stories","25":"tag-topstories","26":"tag-uutiset"},"share_on_mastodon":{"url":"https:\/\/pubeurope.com\/@fi\/115761170589314121","error":""},"_links":{"self":[{"href":"https:\/\/www.europesays.com\/fi\/wp-json\/wp\/v2\/posts\/122794","targetHints":{"allow":["GET"]}}],"collection":[{"href":"https:\/\/www.europesays.com\/fi\/wp-json\/wp\/v2\/posts"}],"about":[{"href":"https:\/\/www.europesays.com\/fi\/wp-json\/wp\/v2\/types\/post"}],"author":[{"embeddable":true,"href":"https:\/\/www.europesays.com\/fi\/wp-json\/wp\/v2\/users\/2"}],"replies":[{"embeddable":true,"href":"https:\/\/www.europesays.com\/fi\/wp-json\/wp\/v2\/comments?post=122794"}],"version-history":[{"count":0,"href":"https:\/\/www.europesays.com\/fi\/wp-json\/wp\/v2\/posts\/122794\/revisions"}],"wp:featuredmedia":[{"embeddable":true,"href":"https:\/\/www.europesays.com\/fi\/wp-json\/wp\/v2\/media\/122795"}],"wp:attachment":[{"href":"https:\/\/www.europesays.com\/fi\/wp-json\/wp\/v2\/media?parent=122794"}],"wp:term":[{"taxonomy":"category","embeddable":true,"href":"https:\/\/www.europesays.com\/fi\/wp-json\/wp\/v2\/categories?post=122794"},{"taxonomy":"post_tag","embeddable":true,"href":"https:\/\/www.europesays.com\/fi\/wp-json\/wp\/v2\/tags?post=122794"}],"curies":[{"name":"wp","href":"https:\/\/api.w.org\/{rel}","templated":true}]}}