{"id":122796,"date":"2025-12-22T03:58:09","date_gmt":"2025-12-22T03:58:09","guid":{"rendered":"https:\/\/www.europesays.com\/fi\/122796\/"},"modified":"2025-12-22T03:58:09","modified_gmt":"2025-12-22T03:58:09","slug":"aitinsa-menettanyt-kurre-westerlund-kertoo-kauhunhetkista-kulosaaren-casinolla-aitienpaivana-2025","status":"publish","type":"post","link":"https:\/\/www.europesays.com\/fi\/122796\/","title":{"rendered":"\u00c4itins\u00e4 menett\u00e4nyt Kurre Westerlund kertoo kauhunhetkist\u00e4 Kulosaaren Casinolla \u00e4itienp\u00e4iv\u00e4n\u00e4 2025"},"content":{"rendered":"<p>            Timo Korhonen\n        <\/p>\n<p class=\"subtitle \">Rankan vuoden l\u00e4pik\u00e4ynyt Kurre avautuu Seiskalle synkist\u00e4 tapahtumista.<\/p>\n<p class=\"article-content article-content-width !bg-background\">Joulutunnelma on t\u00e4ydellinen, kun laulajapariskunta , 61, ja , 38, istahtavat Kulosaaren Casinon klassiseen joulup\u00f6yt\u00e4\u00e4n.<\/p>\n<p class=\"article-content article-content-width !bg-background\">Samalla ilmassa on my\u00f6s haikeutta. Vain puolisen vuotta aiemmin Westerlundit nauttivat samassa paikassa \u00e4itienp\u00e4iv\u00e4lounasta.<\/p>\n<p class=\"article-content article-content-width !bg-background\">Se sai dramaattisen k\u00e4\u00e4nteen, kun Kurren i\u00e4k\u00e4s \u00e4iti alkoi yht\u00e4kki\u00e4 voida huonosti.<\/p>\n<p class=\"article-content article-content-width !bg-background\">\u2013 Olimme t\u00e4\u00e4ll\u00e4 Jennan ja lapsieni kanssa sy\u00f6m\u00e4ss\u00e4, kun 93-vuotiaalle \u00e4idilleni alkoi ilmaantua erin\u00e4k\u00f6isi\u00e4 ongelmia.<\/p>\n<p>        <a itemprop=\"url\" href=\"https:\/\/www.seiska.fi\/kotimaa\/kurre-westerlund-60-ja-jenna-valikangas-38-jattiuutisia\/1681761\" rel=\"nofollow noopener\" target=\"_blank\"><\/p>\n<p>\nKurre, 60, ja Jenna, 38:\n<\/p>\n<p class=\"section-date\">\n        <strong class=\"article-section\" data-section=\"kotimaa\"><br \/>\n            kotimaa<br \/>\n        <\/strong><br \/>\n        23.4. 14:31\n    <\/p>\n<p>Kurre Westerlund, 60, ja Jenna V\u00e4likangas, 38: j\u00e4ttiuutisia!\n    <\/p>\n<p itemprop=\"description\" class=\"subtitle \">\n    Vuosi sitten kihlautuneet syd\u00e4nk\u00e4pyset astelevat pian alttarille.\n<\/p>\n<p>        <\/a><\/p>\n<p class=\"article-content article-content-width !bg-background\">Lopulta tilanne eskaloitui niin, ett\u00e4 Westerlundit joutuivat soittamaan paikalle ambulanssin.<\/p>\n<p class=\"article-content article-content-width !bg-background\">\u2013 Siin\u00e4 vaiheessa olimme jo ehtineet ravintolan pihalle. \u00c4itini l\u00e4hti ambulanssilla, ja siit\u00e4 alkoi h\u00e4nen alam\u00e4kens\u00e4, Kurre kertoo.<\/p>\n<p>                <img decoding=\"async\" src=\"https:\/\/www.europesays.com\/fi\/wp-content\/uploads\/2025\/12\/2015121.webp\" width=\"576\" height=\"720\" alt=\"Kurre ja Jenna Westerlund kertovat dramaattisesta \u00e4itienp\u00e4iv\u00e4lounaasta Kulosaaren Casinolla 2025.\" loading=\"lazy\" \/>            <\/p>\n<p>\n            Kurre ja Jenna Westerlund kertovat dramaattisesta \u00e4itienp\u00e4iv\u00e4lounaasta Kulosaaren Casinolla 2025.<br \/>\n            Timo Korhonen\n        <\/p>\n<p>Karmea sattuma<\/p>\n<p class=\"article-content article-content-width !bg-background\">Balladeista kuten J\u00e4it sateen taa tunnettu Kurre on ollut avoin \u00e4itins\u00e4 kuolemasta.  siirtyi ajasta ikuisuuteen poikansa syntym\u00e4p\u00e4iv\u00e4n\u00e4 6. lokakuuta 2025.<\/p>\n<p class=\"article-content article-content-width !bg-background\">Viime \u00e4itienp\u00e4iv\u00e4n kohtaus ei ollut ensimm\u00e4inen merkki siit\u00e4, ettei kaikki ollut kunnossa.<\/p>\n<p class=\"article-content article-content-width !bg-background\">\u2013 Se alkoi viime vuoden kes\u00e4kuussa. Itse asiassa samana p\u00e4iv\u00e4n\u00e4, kun  kuoli.<\/p>\n<p class=\"article-content article-content-width !bg-background\">\u2013 Olimme juuri samana aamuna saaneet tiedon Makin menehtymisest\u00e4, ja heti per\u00e4\u00e4n \u00e4itini sai aivoinfarktin.<\/p>\n<p>        <a itemprop=\"url\" href=\"https:\/\/www.seiska.fi\/kotimaa\/kurre-westerlundin-idankaupat-paljastuivat-olen-kaynyt-yli-100-kertaa-kiinassa\/1681933\" rel=\"nofollow noopener\" target=\"_blank\"><\/p>\n<p>\n100 kertaa Kiinassa!\n<\/p>\n<p class=\"section-date\">\n        <strong class=\"article-section\" data-section=\"kotimaa\"><br \/>\n            kotimaa<br \/>\n        <\/strong><br \/>\n        27.4. 11:00\n    <\/p>\n<p>Kurre Westerlundin id\u00e4nkaupat paljastuivat \u2013 \u201dOlen k\u00e4ynyt yli 100 kertaa Kiinassa\u201d\n    <\/p>\n<p itemprop=\"description\" class=\"subtitle \">\n    Kultakurkkuna tunnettu viihdemies kertoo Kaukoid\u00e4n kauppareissuistaan.\n<\/p>\n<p>        <\/a><\/p>\n<p>Pys\u00e4ytt\u00e4v\u00e4 puhelu<\/p>\n<p class=\"article-content article-content-width !bg-background\">Kurre kertoo \u00e4itins\u00e4 toipuneen hyvin aivoinfarktista, mutta sitten koitti seuraava kev\u00e4t ja \u00e4itienp\u00e4iv\u00e4. Sit\u00e4 seurasi raskas kes\u00e4.<\/p>\n<p class=\"article-content article-content-width !bg-background\">Westerlundit paljastavat kuulleensa Kurren \u00e4idist\u00e4 musertavan diagnoosin vain kaksi p\u00e4iv\u00e4\u00e4 ennen heid\u00e4n h\u00e4it\u00e4\u00e4n hein\u00e4kuussa 2025.<\/p>\n<p class=\"article-content article-content-width !bg-background\">\u2013 Saimme kuulla, ett\u00e4 Anneli sairastaa verisy\u00f6p\u00e4\u00e4, Jenna nieleskelee.<\/p>\n<p class=\"article-content article-content-width !bg-background\">\u2013 Silloin tein p\u00e4\u00e4t\u00f6ksen, ettei \u00e4idin kannattaisi tulla edes kirkkoon. H\u00e4nen vointinsa ei olisi kest\u00e4nyt sit\u00e4. Ja hyv\u00e4 ettei h\u00e4n tullutkaan, sill\u00e4 kirkossa oli kauhean kuuma, Kurre muistelee h\u00e4it\u00e4\u00e4n.<\/p>\n<p>        <a itemprop=\"url\" href=\"https:\/\/www.seiska.fi\/kotimaa\/kurre-westerlundin-mitta-tuli-tayteen-puhuu-suunsa-puhtaaksi-intiimista-asiasta\/1685877\" rel=\"nofollow noopener\" target=\"_blank\"><\/p>\n<p>\nMitta tuli t\u00e4yteen\n<\/p>\n<p class=\"section-date\">\n        <strong class=\"article-section\" data-section=\"kotimaa\"><br \/>\n            kotimaa<br \/>\n        <\/strong><br \/>\n        28.4. 17:00\n    <\/p>\n<p>Kurre Westerlundin mitta tuli t\u00e4yteen \u2013 puhuu suunsa puhtaaksi intiimist\u00e4 asiasta\n    <\/p>\n<p itemprop=\"description\" class=\"subtitle \">\n    Kes\u00e4ll\u00e4 avioon astelevalla kultakurkulla on perspektiivi\u00e4 kommentoida maailmanmenoa.\n<\/p>\n<p>        <\/a><\/p>\n<p>Suurella syd\u00e4mell\u00e4<\/p>\n<p class=\"article-content article-content-width !bg-background\">Jenna l\u00e4hes liikuttuu kertoessaan, miten paljon h\u00e4nen anoppinsa olisi halunnut olla l\u00e4sn\u00e4 heid\u00e4n suurena p\u00e4iv\u00e4n\u00e4\u00e4n.<\/p>\n<p>\n            On tosi t\u00e4rke\u00e4 asia itsellekin, miten h\u00e4n tuki meit\u00e4 alusta asti.\n            <\/p>\n<p class=\"article-content article-content-width !bg-background\">\u2013 Anneli oli tosi onnellinen meist\u00e4. On tosi t\u00e4rke\u00e4 asia itsellekin, miten h\u00e4n tuki meit\u00e4 alusta asti.<\/p>\n<p class=\"article-content article-content-width !bg-background\">\u2013 H\u00e4n tiedosti onneksi itsekin, ettei voinut osallistua h\u00e4ihimme ja ett\u00e4 se olisi ollut liian rankkaa h\u00e4nelle. Silti h\u00e4n eli kaiken sen suurella syd\u00e4mell\u00e4 mukanamme.<\/p>\n<p>Mystinen kommentti<\/p>\n<p class=\"article-content article-content-width !bg-background\">Kurre huokaa syv\u00e4\u00e4n miettiess\u00e4\u00e4n mennytt\u00e4 syksy\u00e4. H\u00e4n ei kuitenkaan erittele tarkemmin, mist\u00e4 kaikesta on kyse.<\/p>\n<p class=\"article-content article-content-width !bg-background\">\u2013 T\u00e4m\u00e4 on ollut oikeasti poikkeuksellisen rankka syksy, monellakin tavalla. Ei pelk\u00e4st\u00e4\u00e4n \u00e4idin kuolemani takia.<\/p>\n<p>\n            Ei pelk\u00e4st\u00e4\u00e4n \u00e4idin kuolemani takia.\n            <\/p>\n<p class=\"article-content article-content-width !bg-background\">\u2013 Tuntuu, ett\u00e4 siit\u00e4 l\u00e4htien kun saavuimme h\u00e4\u00e4matkalta elokuun puolessa v\u00e4liss\u00e4, niin on tapahtunut paljon kaikenlaista.<\/p>\n<p class=\"article-content article-content-width !bg-background\">\u2013 Niin, mutta onneksi nyt jouluna saamme heng\u00e4ht\u00e4\u00e4, Jenna hymyilee ja laskee lempe\u00e4sti k\u00e4tens\u00e4 Kurren k\u00e4den p\u00e4\u00e4lle.<\/p>\n<p>                <img decoding=\"async\" src=\"https:\/\/www.europesays.com\/fi\/wp-content\/uploads\/2025\/12\/2015131.webp\" width=\"576\" height=\"720\" alt=\"Kurrella ja Jennalla on takanaan rankka syksy.\" loading=\"lazy\" \/>            <\/p>\n<p>\n            Kurrella ja Jennalla on takanaan rankka syksy.<br \/>\n            Timo Korhonen\n        <\/p>\n","protected":false},"excerpt":{"rendered":"Timo Korhonen Rankan vuoden l\u00e4pik\u00e4ynyt Kurre avautuu Seiskalle synkist\u00e4 tapahtumista. Joulutunnelma on t\u00e4ydellinen, kun laulajapariskunta , 61, ja&hellip;\n","protected":false},"author":2,"featured_media":122797,"comment_status":"","ping_status":"","sticky":false,"template":"","format":"standard","meta":{"footnotes":""},"categories":[136],"tags":[22036,11625,21484,407,137,33,31,30,1208,8916,21947,408,22035,17479,683,8917,32,167,15569,109],"class_list":{"0":"post-122796","1":"post","2":"type-post","3":"status-publish","4":"format-standard","5":"has-post-thumbnail","7":"category-julkkikset","8":"tag-aitienpaiva","9":"tag-aivoinfarkti","10":"tag-anneli-westerlund","11":"tag-celebrities","12":"tag-entertainment","13":"tag-fi","14":"tag-finland","15":"tag-finnish","16":"tag-haat","17":"tag-jenna-westerlund","18":"tag-joululounas","19":"tag-julkkikset","20":"tag-kulosaaren-casino","21":"tag-kulosaari","22":"tag-kuolema","23":"tag-kurre-westerlund","24":"tag-suomi","25":"tag-terveys","26":"tag-tilitys","27":"tag-viihde"},"share_on_mastodon":{"url":"https:\/\/pubeurope.com\/@fi\/115761217863676521","error":""},"_links":{"self":[{"href":"https:\/\/www.europesays.com\/fi\/wp-json\/wp\/v2\/posts\/122796","targetHints":{"allow":["GET"]}}],"collection":[{"href":"https:\/\/www.europesays.com\/fi\/wp-json\/wp\/v2\/posts"}],"about":[{"href":"https:\/\/www.europesays.com\/fi\/wp-json\/wp\/v2\/types\/post"}],"author":[{"embeddable":true,"href":"https:\/\/www.europesays.com\/fi\/wp-json\/wp\/v2\/users\/2"}],"replies":[{"embeddable":true,"href":"https:\/\/www.europesays.com\/fi\/wp-json\/wp\/v2\/comments?post=122796"}],"version-history":[{"count":0,"href":"https:\/\/www.europesays.com\/fi\/wp-json\/wp\/v2\/posts\/122796\/revisions"}],"wp:featuredmedia":[{"embeddable":true,"href":"https:\/\/www.europesays.com\/fi\/wp-json\/wp\/v2\/media\/122797"}],"wp:attachment":[{"href":"https:\/\/www.europesays.com\/fi\/wp-json\/wp\/v2\/media?parent=122796"}],"wp:term":[{"taxonomy":"category","embeddable":true,"href":"https:\/\/www.europesays.com\/fi\/wp-json\/wp\/v2\/categories?post=122796"},{"taxonomy":"post_tag","embeddable":true,"href":"https:\/\/www.europesays.com\/fi\/wp-json\/wp\/v2\/tags?post=122796"}],"curies":[{"name":"wp","href":"https:\/\/api.w.org\/{rel}","templated":true}]}}