{"id":122798,"date":"2025-12-22T04:01:08","date_gmt":"2025-12-22T04:01:08","guid":{"rendered":"https:\/\/www.europesays.com\/fi\/122798\/"},"modified":"2025-12-22T04:01:08","modified_gmt":"2025-12-22T04:01:08","slug":"tanaan-tvssa-kotimainen-menestyselokuva-kerasi-247-000-katsojaa-nyt-on-hyva-hetki-katsoa-silla-jatkoa-on-tulossa","status":"publish","type":"post","link":"https:\/\/www.europesays.com\/fi\/122798\/","title":{"rendered":"T\u00e4n\u00e4\u00e4n tv:ss\u00e4: Kotimainen menestyselokuva ker\u00e4si 247 000 katsojaa \u2013 Nyt on hyv\u00e4 hetki katsoa, sill\u00e4 jatkoa on tulossa"},"content":{"rendered":"<p>T\u00e4n\u00e4\u00e4n n\u00e4hd\u00e4\u00e4n televisiossa vuonna 2020 valmistunut Ter\u00e4sleidit.<\/p>\n<p><strong>Leena Uotilan<\/strong> esitt\u00e4m\u00e4 75-vuotias Inkeri ly\u00f6 miest\u00e4\u00e4n paistinpannulla p\u00e4\u00e4h\u00e4n ja suunnittelee hautaavansa h\u00e4net puutarhaan. Vankilatuomio odottaa, mutta sit\u00e4 ennen on l\u00e4hdett\u00e4v\u00e4 automatkalle isosiskojen (<strong>Seela Sella<\/strong> ja <strong>Saara Pakkasvirta<\/strong>) kanssa.<\/p>\n<p>Ter\u00e4sleidit on suosikkin\u00e4yttelij\u00e4 <strong>Pamela Tolan<\/strong> toinen ohjausty\u00f6. Vuoden 2018 Swingers oli kevyt komedia, mutta kaksi vuotta my\u00f6hemmin valmistunut Ter\u00e4sleidit on selv\u00e4sti kunnianhimoisempi tapaus.<\/p>\n<p>Kolmen i\u00e4kk\u00e4\u00e4n naisen matkakertomus on my\u00f6s komedia, mutta se on samalla puheenvuoro sek\u00e4 ik\u00e4\u00e4ntymisest\u00e4 ett\u00e4 naisen asemasta yleens\u00e4. Juonikuviosta tulee mieleen Thelma &amp; Louise, jossa on naiskaksikon sijaan kolme el\u00e4ik\u00e4ist\u00e4 sisarusta.<\/p>\n<p>P\u00e4\u00e4osissa on upeita n\u00e4yttelij\u00f6it\u00e4, ja elokuva l\u00e4htee k\u00e4yntiin tehokkaasti. Pian se muuttuu kuitenkin h\u00f6lm\u00f6ksi farssiksi, ja yll\u00e4tykseksi tarkoitettu k\u00e4\u00e4nne on helposti arvattavissa.<\/p>\n<p>Lue my\u00f6s: <a href=\"https:\/\/www.episodi.fi\/uutiset\/vuoden-2020-katsotuin-kotimainen-elokuva-saa-jatko-osan\/\" title=\"Vuoden 2020 katsotuin kotimainen elokuva saa jatko-osan\" class=\"underline-custom !font-montserrat !font-bold !underline-offset-4 !decoration-4 !decoration-episodi-blue !text-md\" rel=\"nofollow noopener\" target=\"_blank\">Vuoden 2020 katsotuin kotimainen elokuva saa jatko-osan<\/a><\/p>\n<p>Ter\u00e4sleidit tuli teattereihin tammikuussa 2020 hieman ennen koronaepidemian puhkeamista. Se ehti kuitenkin ker\u00e4t\u00e4 suuret katsojaluvut ennen kuin elokuvateattereissa k\u00e4ynti\u00e4 rajoitettiin. Siit\u00e4 tuli vuoden katsotuin ensi-iltaelokuva 247 000 katsojalla. <\/p>\n<p>Elokuvalle on tulossa jatkoa. Ter\u00e4sleidit 2 n\u00e4hd\u00e4\u00e4n teattereissa jouluna. Jatko-osassa Inkeri ja h\u00e4nen siskonsa seikkailevat j\u00e4lleen kuin viimeist\u00e4 p\u00e4iv\u00e4\u00e4. Pamela Tola on palannut ohjaajaksi.<\/p>\n<p>Ter\u00e4sleidit esitet\u00e4\u00e4n Subilla maanantaina 22.12.2025 klo 21.00. Katso traileri alta.<\/p>\n<p><strong>Lue arvio:<\/strong> <a href=\"https:\/\/www.episodi.fi\/elokuvat\/terasleidit\/\" target=\"_blank\" rel=\"noreferrer noopener nofollow\">Kliseinen juoni ei pilaa hauskaa ja ter\u00e4v\u00e4\u00e4 dialogia<\/a><\/p>\n<p><img loading=\"lazy\" decoding=\"async\" alt=\"YouTube video\" width=\"480\" height=\"360\" data-pin-nopin=\"true\" nopin=\"nopin\" class=\"perfmatters-lazy\" src=\"https:\/\/www.europesays.com\/fi\/wp-content\/uploads\/2025\/12\/1766376068_264_hqdefault.jpg\"\/><\/p>\n<p>Lue my\u00f6s: <a href=\"https:\/\/www.episodi.fi\/uutiskirje\/?uutiskirjemainos=tekstilinkkimainos\" title=\"Tilaa Episodin uutiskirje ja voit voittaa leffalippuja! Nappaa tv-vinkit suoraan s\u00e4hk\u00f6postiin t\u00e4st\u00e4.\" class=\"underline-custom !font-montserrat !font-bold !underline-offset-4 !decoration-4 !decoration-episodi-blue !text-md\" rel=\"nofollow noopener\" target=\"_blank\">Tilaa Episodin uutiskirje ja voit voittaa leffalippuja! Nappaa katseluvinkit suoraan s\u00e4hk\u00f6postiin t\u00e4st\u00e4.<\/a><\/p>\n","protected":false},"excerpt":{"rendered":"T\u00e4n\u00e4\u00e4n n\u00e4hd\u00e4\u00e4n televisiossa vuonna 2020 valmistunut Ter\u00e4sleidit. Leena Uotilan esitt\u00e4m\u00e4 75-vuotias Inkeri ly\u00f6 miest\u00e4\u00e4n paistinpannulla p\u00e4\u00e4h\u00e4n ja suunnittelee&hellip;\n","protected":false},"author":2,"featured_media":122799,"comment_status":"","ping_status":"","sticky":false,"template":"","format":"standard","meta":{"footnotes":""},"categories":[133],"tags":[137,33,31,30,32,206,139,156,109],"class_list":{"0":"post-122798","1":"post","2":"type-post","3":"status-publish","4":"format-standard","5":"has-post-thumbnail","7":"category-televisiot","8":"tag-entertainment","9":"tag-fi","10":"tag-finland","11":"tag-finnish","12":"tag-suomi","13":"tag-televisiot","14":"tag-tv-ohjelmat","15":"tag-tv","16":"tag-viihde"},"share_on_mastodon":{"url":"https:\/\/pubeurope.com\/@fi\/115761229688888305","error":""},"_links":{"self":[{"href":"https:\/\/www.europesays.com\/fi\/wp-json\/wp\/v2\/posts\/122798","targetHints":{"allow":["GET"]}}],"collection":[{"href":"https:\/\/www.europesays.com\/fi\/wp-json\/wp\/v2\/posts"}],"about":[{"href":"https:\/\/www.europesays.com\/fi\/wp-json\/wp\/v2\/types\/post"}],"author":[{"embeddable":true,"href":"https:\/\/www.europesays.com\/fi\/wp-json\/wp\/v2\/users\/2"}],"replies":[{"embeddable":true,"href":"https:\/\/www.europesays.com\/fi\/wp-json\/wp\/v2\/comments?post=122798"}],"version-history":[{"count":0,"href":"https:\/\/www.europesays.com\/fi\/wp-json\/wp\/v2\/posts\/122798\/revisions"}],"wp:featuredmedia":[{"embeddable":true,"href":"https:\/\/www.europesays.com\/fi\/wp-json\/wp\/v2\/media\/122799"}],"wp:attachment":[{"href":"https:\/\/www.europesays.com\/fi\/wp-json\/wp\/v2\/media?parent=122798"}],"wp:term":[{"taxonomy":"category","embeddable":true,"href":"https:\/\/www.europesays.com\/fi\/wp-json\/wp\/v2\/categories?post=122798"},{"taxonomy":"post_tag","embeddable":true,"href":"https:\/\/www.europesays.com\/fi\/wp-json\/wp\/v2\/tags?post=122798"}],"curies":[{"name":"wp","href":"https:\/\/api.w.org\/{rel}","templated":true}]}}