{"id":122808,"date":"2025-12-22T04:11:10","date_gmt":"2025-12-22T04:11:10","guid":{"rendered":"https:\/\/www.europesays.com\/fi\/122808\/"},"modified":"2025-12-22T04:11:10","modified_gmt":"2025-12-22T04:11:10","slug":"is-kysely-yksi-suosikki-seuraavaksi-paaministeriksi","status":"publish","type":"post","link":"https:\/\/www.europesays.com\/fi\/122808\/","title":{"rendered":"IS-kysely: Yksi suosikki seuraavaksi p\u00e4\u00e4ministeriksi"},"content":{"rendered":"<p>Istuva p\u00e4\u00e4ministeri Orpo on vasta kolmanneksi suosituin seuraavaksi p\u00e4\u00e4ministeriksi. Alle 35-vuotiailla on eri suosikit kuin vanhemmilla.<\/p>\n<p>Lue tiivistelm\u00e4<\/p>\n<p class=\"article-body mb-nof-24 px-nof-16 sndp-summary-bullet-point-font\">Sdp:n puheenjohtaja Antti Lindtman on suosituin seuraavaksi p\u00e4\u00e4ministeriksi Ilta-Sanomien kyselyss\u00e4, jossa 21 prosenttia suomalaisista toivoi h\u00e4nt\u00e4 p\u00e4\u00e4ministeriksi.<\/p>\n<p class=\"article-body mb-nof-24 px-nof-16 sndp-summary-bullet-point-font\">Keskustan puheenjohtaja Antti Kaikkonen oli toiseksi suosituin 12 prosentin kannatuksella, kun taas istuva p\u00e4\u00e4ministeri Petteri Orpo sai 11 prosentin kannatuksen.<\/p>\n<p class=\"article-body mb-nof-24 px-nof-16 sndp-summary-bullet-point-font\">Alle 35-vuotiaiden suosikit ovat vihreiden Sofia Virta ja vasemmistoliiton Minja Koskela, kun taas vanhemmat ik\u00e4luokat kannattavat Lindtmania ja Kaikkosta.<\/p>\n<p class=\"article-body mb-nof-24 px-nof-16 sndp-summary-bullet-point-font\">Iro Researchin tutkimuksessa oli tuhat vastaajaa, ja tiedot ker\u00e4ttiin 28.11.\u20135.12.<\/p>\n<p class=\"article-body mb-nof-24 px-nof-16\">Suomalaisilla on selke\u00e4 suosikki seuraavaksi p\u00e4\u00e4ministeriksi, ja se on Sdp:n puheenjohtaja <a class=\"article-personlink\" href=\"https:\/\/www.is.fi\/haku\/?query=Antti%20Lindtman\" rel=\"nofollow noopener\" target=\"_blank\">Antti Lindtman<\/a>.<\/p>\n<p class=\"article-body mb-nof-24 px-nof-16\">IS:n kyselyss\u00e4 21 prosenttia kansasta toivoi Lindtmanista seuraavaa p\u00e4\u00e4ministeri\u00e4.<\/p>\n<p><img decoding=\"async\" src=\"https:\/\/www.europesays.com\/fi\/wp-content\/uploads\/2025\/12\/1766376669_257_468.jpg\" alt=\"Sdp:n puheenjohtaja Antti Lindtmanin johto p\u00e4\u00e4ministerikyselyss\u00e4 oli per\u00e4ti yhdeks\u00e4n prosenttiyksikk\u00f6\u00e4.\" class=\"_Img_1rerz_1\" style=\"aspect-ratio:1.5\" loading=\"eager\"\/><\/p>\n<p class=\"article-picture-caption\">Sdp:n puheenjohtaja Antti Lindtmanin johto p\u00e4\u00e4ministerikyselyss\u00e4 oli per\u00e4ti yhdeks\u00e4n prosenttiyksikk\u00f6\u00e4. Kuva:\u00a0Kalle Koponen \/ HS<\/p>\n<p class=\"article-body mb-nof-24 px-nof-16\">Iro Reaserchin tekem\u00e4ss\u00e4 tutkimuksessa toiseksi suosituin p\u00e4\u00e4ministerinimi oli toinen oppositiojohtaja <a class=\"article-personlink\" href=\"https:\/\/www.is.fi\/haku\/?query=Antti%20Kaikkonen\" rel=\"nofollow noopener\" target=\"_blank\">Antti Kaikkonen<\/a> (kesk). Kaikkosesta seuraavaa p\u00e4\u00e4ministeri\u00e4 huuteli 12 prosenttia suomalaisista.<\/p>\n<p class=\"article-body mb-nof-24 px-nof-16\">P\u00e4\u00e4ministeri <a class=\"article-personlink\" href=\"https:\/\/www.is.fi\/haku\/?query=Petteri%20Orpolle\" rel=\"nofollow noopener\" target=\"_blank\">Petteri Orpolle<\/a> (kok) jatkokautta liputtaa ainoastaan 11 prosenttia kyselyyn vastanneista.<\/p>\n<p class=\"article-body mb-nof-24 px-nof-16\">Iro Researcin asiakkuusjohtajan <a class=\"article-personlink\" href=\"https:\/\/www.is.fi\/haku\/?query=Juho%20Rahkosen\" rel=\"nofollow noopener\" target=\"_blank\">Juho Rahkosen<\/a> mielest\u00e4 Lindtmanin suosiota selitt\u00e4v\u00e4t politiikan nykyasetelmat.<\/p>\n<p class=\"article-body mb-nof-24 px-nof-16\">\u2013 Ensinn\u00e4kin Sdp on suurin oppositiopuolue, joka lupaa tehd\u00e4 erilaista politiikkaa kuin hallitus. Esill\u00e4 ovat Sdp:lle ominaiset teemat: ty\u00f6tt\u00f6myys ja sote-asiat, p\u00e4\u00e4sy terveydenhoitoon. Ajan henki ja asetelmat suosivat Sdp:t\u00e4.<\/p>\n<p class=\"article-body mb-nof-24 px-nof-16\">\u2013 Lindtman on mukavan oloisena miehen\u00e4 onnistunut edustamaan ik\u00e4\u00e4n kuin muutosta. H\u00e4n on onnistunut esiintym\u00e4\u00e4n riitt\u00e4v\u00e4n maltillisesti ja vakuuttavasti. Ei hirve\u00e4n paljon ole tarvinnut \u00e4rh\u00e4kk\u00e4\u00e4 oppositiopolitiikkaa nyt tehd\u00e4, Rahkonen totesi.<\/p>\n<p class=\"article-body mb-nof-24 px-nof-16\">Lindtman saa Sdp:n \u00e4\u00e4nest\u00e4jien lis\u00e4ksi kannatusta vasemmistoliiton, vihreiden ja Rkp:n \u00e4\u00e4nest\u00e4jilt\u00e4.<\/p>\n<p class=\"article-body mb-nof-24 px-nof-16\">Iro Researchin Juho Rahkonen n\u00e4kee yht\u00e4l\u00e4isyyksi\u00e4 Lindtmanin ja p\u00e4\u00e4ministerikyselyn kakkosen, Kaikkosen, persoonissa.<\/p>\n<p><img decoding=\"async\" src=\"https:\/\/www.europesays.com\/fi\/wp-content\/uploads\/2025\/12\/1766376669_397_468.jpg\" alt=\"Keskustan puheenjohtaja Antti Kaikkonen on IS:n kyselyn mukaan toiseksi suosituin ehdokas seuraavaksi p\u00e4\u00e4ministeriksi.\" class=\"_Img_1rerz_1\" style=\"aspect-ratio:1.7777777777777777\" loading=\"eager\"\/><\/p>\n<p class=\"article-picture-caption\">Keskustan puheenjohtaja Antti Kaikkonen on IS:n kyselyn mukaan toiseksi suosituin ehdokas seuraavaksi p\u00e4\u00e4ministeriksi. Kuva:\u00a0Paula Kaskimaa \/ IS, Kalle Koponen \/ HS<\/p>\n<p class=\"article-body mb-nof-24 px-nof-16\">\u2013 Ehk\u00e4 molemmat k\u00e4rkiherrat edustavat kaikkien kaveria. Heiss\u00e4 on jotain, mik\u00e4 vetoaa suomalaisiin. Joku tietty tasaisuus, rauhallisuus, ennustettavuus. Nyt haetaan vakautta, ja eiv\u00e4t he mit\u00e4\u00e4n show-painijoita ole.<\/p>\n<p class=\"article-body mb-nof-24 px-nof-16\">IS:n p\u00e4\u00e4ministerikyselyss\u00e4 puoluekannatuslukemiin ei p\u00e4\u00e4st\u00e4, koska vastaajista 27 prosenttia ei osannut nimet\u00e4 suosikkiaan ja verrokkilukuna ei ole sata kuten puoluegallupeissa.<\/p>\n<p class=\"article-body mb-nof-24 px-nof-16\">Kaikkosen kakkossija on yll\u00e4tt\u00e4v\u00e4.<\/p>\n<p class=\"article-body mb-nof-24 px-nof-16\">Keskusta on puoluekannatuksessa ollut selke\u00e4sti kokoomuksen per\u00e4ss\u00e4, mutta p\u00e4\u00e4ministerikyselyss\u00e4 Kaikkonen ylsi kakkoseksi ohi p\u00e4\u00e4ministeri Orpon.<\/p>\n<p class=\"article-body mb-nof-24 px-nof-16\">\u2013 Puheenjohtaja Kaikkonen on t\u00e4ss\u00e4 puolueensa kokoa suurempi. Se tietty maltillisuus vieh\u00e4tt\u00e4\u00e4 ja vetoaa, Iron Rahkonen sanoi.<\/p>\n<p class=\"article-body mb-nof-24 px-nof-16\">\u2013 Ei Kaikkosenkaan tarvitse tehd\u00e4 mit\u00e4\u00e4n r\u00e4v\u00e4kk\u00e4\u00e4 oppositiopolitiikkaa, koska monien \u00e4\u00e4nest\u00e4jien tyytym\u00e4tt\u00f6myys kohdistuu nykyhallituksen toimintaan. Aika tekee ty\u00f6t\u00e4 heid\u00e4n puolestaan, punamultaa jo sekoitellaan, ja tietty keskihakuisuus miellytt\u00e4\u00e4 suomalaisia, Rahkonen kommentoi Kaikkosta ja keskustaa.<\/p>\n<p class=\"article-body mb-nof-24 px-nof-16\">P\u00e4\u00e4ministeri Orpo sai siis vain 11 prosentin kannatuksen p\u00e4\u00e4ministeriksi. Iro Researchin Rahkosen mukaan t\u00e4m\u00e4 ei johdu Orpon persoonasta vaan kansan haluamasta muutoksesta.<\/p>\n<p><img decoding=\"async\" src=\"https:\/\/www.europesays.com\/fi\/wp-content\/uploads\/2025\/12\/1766376670_297_468.jpg\" alt=\"P\u00e4\u00e4ministeri Petteri Orpon tulosta p\u00e4\u00e4ministerikyselyss\u00e4 selitt\u00e4\u00e4 se, ett\u00e4 kansa haluaa vallan vaihtuvan ja siksi istuva p\u00e4\u00e4ministeri ei ole kyselyss\u00e4 vahvoilla.\" class=\"_Img_1rerz_1\" style=\"aspect-ratio:1.5\" loading=\"eager\"\/><\/p>\n<p class=\"article-picture-caption\">P\u00e4\u00e4ministeri Petteri Orpon tulosta p\u00e4\u00e4ministerikyselyss\u00e4 selitt\u00e4\u00e4 se, ett\u00e4 kansa haluaa vallan vaihtuvan ja siksi istuva p\u00e4\u00e4ministeri ei ole kyselyss\u00e4 vahvoilla. Kuva:\u00a0Juhani Niiranen \/ HS<\/p>\n<p class=\"article-body mb-nof-24 px-nof-16\">\u2013 T\u00e4m\u00e4 kertoo siit\u00e4, ett\u00e4 suuri osa kansasta haluaa, ett\u00e4 valta vaihtuu. Kokoomuslaiset itsekin, koska t\u00e4m\u00e4 nykyinen hallituspohja ei ole suosituin. T\u00e4lle hallituspohjalle ei ole oikein kannatusta.<\/p>\n<p class=\"article-body mb-nof-24 px-nof-16\">\u2013 T\u00e4m\u00e4 ei varmaankaan kerro siit\u00e4, mink\u00e4lainen nykyinen p\u00e4\u00e4ministeri henkil\u00f6n\u00e4 on. Lukema johtuu enemm\u00e4nkin t\u00e4st\u00e4 hallituskaudesta ja \u00e4\u00e4nest\u00e4jien halusta vaihtaa valta. Tietenk\u00e4\u00e4n nykyisest\u00e4 p\u00e4\u00e4ministerist\u00e4 ei ole siihen, jos valta vaihtuu, Rahkonen sanoi.<\/p>\n<p class=\"article-body mb-nof-24 px-nof-16\">Perussuomalaisten puheenjohtajaa <a class=\"article-personlink\" href=\"https:\/\/www.is.fi\/haku\/?query=Riikka%20Purraa\" rel=\"nofollow noopener\" target=\"_blank\">Riikka Purraa<\/a> (ps) kannatti kyselyss\u00e4 p\u00e4\u00e4ministeriksi 8 prosenttia.<\/p>\n<p class=\"article-body mb-nof-24 px-nof-16\">Muista puheenjohtajista <a class=\"article-personlink\" href=\"https:\/\/www.is.fi\/haku\/?query=Minja%20Koskela\" rel=\"nofollow noopener\" target=\"_blank\">Minja Koskela<\/a> (vas) ja<a class=\"article-personlink\" href=\"https:\/\/www.is.fi\/haku\/?query=%20Sofia%20Virta\" rel=\"nofollow noopener\" target=\"_blank\"> Sofia Virta <\/a>(vihr) saivat kumpikin 7 prosentin lukemat. <a class=\"article-personlink\" href=\"https:\/\/www.is.fi\/haku\/?query=Harry%20Harkimoa\" rel=\"nofollow noopener\" target=\"_blank\">Harry Harkimoa<\/a> (liik) kannatti 3 prosenttia, <a class=\"article-personlink\" href=\"https:\/\/www.is.fi\/haku\/?query=Anders%20Adlercreutzia\" rel=\"nofollow noopener\" target=\"_blank\">Anders Adlercreutzia<\/a> (r) 2 prosenttia ja<a class=\"article-personlink\" href=\"https:\/\/www.is.fi\/haku\/?query=%20Sari%20Essayahia\" rel=\"nofollow noopener\" target=\"_blank\"> Sari Essayahia<\/a> (kd) prosentti vastaajista.<\/p>\n<p class=\"article-body mb-nof-24 px-nof-16\">P\u00e4\u00e4ministerikyselyss\u00e4 puolueiden kannattajat antavat usein \u00e4\u00e4nens\u00e4 \u201domille puheenjohtajilleen\u201d.<\/p>\n<p class=\"article-body mb-nof-24 px-nof-16\">Sdp:n \u00e4\u00e4nest\u00e4jist\u00e4 yli kaksi kolmasosaa toivoi Lindtmanista p\u00e4\u00e4ministeri\u00e4. Kaikkosta ja Purraa kannatti vajaat kaksi kolmasosaa puolueidensa \u00e4\u00e4nest\u00e4jist\u00e4.<\/p>\n<p class=\"article-body mb-nof-24 px-nof-16\">Kokoomuslaisista \u201dvain\u201d 54 prosenttia oli sit\u00e4 mielt\u00e4, ett\u00e4 Orpo olisi paras seuraavaksi p\u00e4\u00e4ministeriksi.<\/p>\n<p class=\"article-body mb-nof-24 px-nof-16\">\u2013 Onko sitten jotain piilev\u00e4\u00e4 ajatusta kuitenkin, ett\u00e4 nykyinen puheenjohtajakin on ollut aika pitk\u00e4\u00e4n t\u00e4ss\u00e4 jo vallassa, Rahkonen kyseli.<\/p>\n<p class=\"article-body mb-nof-24 px-nof-16\">\u2013 Se kertoo my\u00f6s siit\u00e4, ett\u00e4 kokoomuksessa on oikeistosiipi ja puolue joutuu tasapainoilemaan. Kaikki eiv\u00e4t pid\u00e4 Orpoa henkil\u00f6n\u00e4 niin korvaamattomana, vaan osa kokoomuslaisista ajattelee hallituskuvioita laajemmin, Rahkonen lis\u00e4si.<\/p>\n<p class=\"article-body mb-nof-24 px-nof-16\">Pienempien puolueiden \u00e4\u00e4nest\u00e4jist\u00e4 moni on ehk\u00e4 enemm\u00e4n realisti, ja omat puheenjohtajat saavat \u00e4\u00e4nest\u00e4jilt\u00e4\u00e4n 39\u201345 prosentin kannatuksen. Poikkeuksena on Rkp.<\/p>\n<p class=\"article-body mb-nof-24 px-nof-16\">Rkp:n \u00e4\u00e4nest\u00e4jien suosikki seuraavaksi p\u00e4\u00e4ministeriksi ei ole Adlercreutz vaan Sdp:n Lindtman (29 %). My\u00f6s Kaikkonen (17 %) p\u00e4ihitti Adlercreutzin (16 %) Rkp:n sis\u00e4isess\u00e4 mittel\u00f6ss\u00e4.<\/p>\n<p><img decoding=\"async\" src=\"https:\/\/www.europesays.com\/fi\/wp-content\/uploads\/2025\/12\/1766376670_902_468.jpg\" alt=\"Rkp:n \u00e4\u00e4nest\u00e4jien mielest\u00e4 Anders Adlercreutz on puheenjohtajien joukosta vasta kolmanneksi paras vaihtoehto seuraavaksi p\u00e4\u00e4ministeriksi.\" class=\"_Img_1rerz_1\" style=\"aspect-ratio:1.5\" loading=\"eager\"\/><\/p>\n<p class=\"article-picture-caption\">Rkp:n \u00e4\u00e4nest\u00e4jien mielest\u00e4 Anders Adlercreutz on puheenjohtajien joukosta vasta kolmanneksi paras vaihtoehto seuraavaksi p\u00e4\u00e4ministeriksi. Kuva:\u00a0Ivan Bessedin<\/p>\n<p class=\"article-body mb-nof-24 px-nof-16\">P\u00e4\u00e4ministerikyselyn ehk\u00e4 yll\u00e4tt\u00e4vin tulos on, ett\u00e4 nuoremmilla \u00e4\u00e4nest\u00e4jill\u00e4 on t\u00e4ysin eri suosikit seuraavaksi p\u00e4\u00e4ministeriksi kuin varttuneemmalla kansanosalla.<\/p>\n<p class=\"article-body mb-nof-24 px-nof-16\">Puheenjohtaja <a class=\"article-personlink\" href=\"https:\/\/www.is.fi\/haku\/?query=Sofia%20Virta\" rel=\"nofollow noopener\" target=\"_blank\">Sofia Virta<\/a> (vihr) on nuorten \u00e4\u00e4nest\u00e4jien suosikki p\u00e4\u00e4ministeriksi, kannoillaan puheenjohtaja <a class=\"article-personlink\" href=\"https:\/\/www.is.fi\/haku\/?query=Minja%20Koskela\" rel=\"nofollow noopener\" target=\"_blank\">Minja Koskela<\/a> (vas).<\/p>\n<p><img decoding=\"async\" src=\"https:\/\/www.europesays.com\/fi\/wp-content\/uploads\/2025\/12\/1766376670_454_468.jpg\" alt=\"Vasemmistoliiton Minja Koskela on nuorten \u00e4\u00e4nest\u00e4jien mielest\u00e4 toiseksi paras puheenjohtaja seuraavaksi p\u00e4\u00e4ministeriksi. Alle 35-vuotiaiden mielest\u00e4 paras puheenjohtaja p\u00e4\u00e4ministeriksi olisi vihreiden Sofia Virta.\" class=\"_Img_1rerz_1\" style=\"aspect-ratio:1.7777777777777777\" loading=\"eager\"\/><\/p>\n<p class=\"article-picture-caption\">Vasemmistoliiton Minja Koskela on nuorten \u00e4\u00e4nest\u00e4jien mielest\u00e4 toiseksi paras puheenjohtaja seuraavaksi p\u00e4\u00e4ministeriksi. Alle 35-vuotiaiden mielest\u00e4 paras puheenjohtaja p\u00e4\u00e4ministeriksi olisi vihreiden Sofia Virta. Kuva:\u00a0Matti Pietola \/ HS, Rio Gandara \/ HS<\/p>\n<p class=\"article-body mb-nof-24 px-nof-16\">Kun 18\u201324-vuotiailta kysyttiin parasta puheenjohtajaa seuraavaksi p\u00e4\u00e4ministeriksi, Virta sai 23 prosenttia \u00e4\u00e4nist\u00e4 ja Koskela 16 prosenttia.<\/p>\n<p class=\"article-body mb-nof-24 px-nof-16\">Virta ja Koskela ovat p\u00e4\u00e4ministerikyselyn k\u00e4rjess\u00e4 my\u00f6s 25\u201334-vuotiaiden mielest\u00e4. T\u00e4ss\u00e4 ik\u00e4ryhm\u00e4ss\u00e4 Virtaa p\u00e4\u00e4ministeriksi kannatti 16 prosenttia ja Koskelaa 15 prosenttia.<\/p>\n<p class=\"article-body mb-nof-24 px-nof-16\">Sdp:n Lindtman oli Koskelan kanssa tasoissa nuorimmassa ik\u00e4luokassa ja Koskelaa yhden prosenttiyksik\u00f6n per\u00e4ss\u00e4 25\u201334-vuotiaiden mielest\u00e4.<\/p>\n<p class=\"article-body mb-nof-24 px-nof-16\">Iro Researcin Juho Rahkonen muistuttaa, ett\u00e4 Virran ja Koskelan vihre\u00e4t ja vasemmistoliitto ovat nuorten suosimia puolueita.<\/p>\n<p class=\"article-body mb-nof-24 px-nof-16\">\u2013 Sofia Virta n\u00e4ytt\u00e4\u00e4 henkil\u00f6n\u00e4 olevan pikkuisen suositumpi kuin Minja Koskela, vaikka vasemmistoliitolla muuten on kannatus korkeampi.<\/p>\n<p class=\"article-body mb-nof-24 px-nof-16\">\u2013 Nuoret, alle kolmevitoset el\u00e4v\u00e4t varsin toisenlaisessa poliittisessa todellisuudessa kuin keski-ik\u00e4iset, saati sitten boomerit. Varmaan osansa on sill\u00e4, ett\u00e4 nykyinen hallitus on leikannut esimerkiksi opintotuen asumislis\u00e4\u00e4 ja se on ollut myrkky\u00e4 opiskelijaik\u00e4isille, Rahkonen pohti Virran ja Koskelan suosiota nuorten keskuudessa.<\/p>\n<p><img decoding=\"async\" src=\"https:\/\/www.europesays.com\/fi\/wp-content\/uploads\/2025\/12\/1766376670_751_468.jpg\" alt=\"Iro Researchin asiakkuusjohtajan Juho Rahkosen mukaan nuorilla \u00e4\u00e4nest\u00e4jill\u00e4 on erilainen poliittinen todellisuus kuin keski-ik\u00e4isill\u00e4 ja vanhemmilla.\" class=\"_Img_1rerz_1\" style=\"aspect-ratio:0.6651041666666667\" loading=\"eager\"\/><\/p>\n<p class=\"article-picture-caption\">Iro Researchin asiakkuusjohtajan Juho Rahkosen mukaan nuorilla \u00e4\u00e4nest\u00e4jill\u00e4 on erilainen poliittinen todellisuus kuin keski-ik\u00e4isill\u00e4 ja vanhemmilla. Kuva:\u00a0Kimmo R\u00e4is\u00e4nen<\/p>\n<p class=\"article-body mb-nof-24 px-nof-16\">Lindtmanin, Kaikkosen ja Orpon p\u00e4\u00e4ministerisuosio on suurinta vanhemmissa ik\u00e4luokissa.<\/p>\n<p class=\"article-body mb-nof-24 px-nof-16\">Kaikkonen p\u00e4rj\u00e4\u00e4 erityisen hyvin 55\u201364-vuotiaiden ja yli 75-vuotiaiden \u00e4\u00e4nest\u00e4jien joukossa.<\/p>\n<p class=\"article-body mb-nof-24 px-nof-16\">Yli 75-vuotiaissa Kaikkonen on melkein tasoissa Lindtmanin kanssa, lukemat 24\u201323 Lindtmanin eduksi.<\/p>\n<p class=\"article-body mb-nof-24 px-nof-16\">IRO Research kysyi tutkimuksessa sit\u00e4, kuka eduskuntapuolueiden puheenjohtajista olisi paras seuraavaksi p\u00e4\u00e4ministeriksi.<\/p>\n<p class=\"article-body mb-nof-24 px-nof-16\">Vastaajia oli tasan tuhat. Tiedot ker\u00e4ttiin 28.11.\u20135.12. Tutkimuksen virhemarginaali on 3,2 prosenttiyksikk\u00f6\u00e4 suuntaansa.<\/p>\n","protected":false},"excerpt":{"rendered":"Istuva p\u00e4\u00e4ministeri Orpo on vasta kolmanneksi suosituin seuraavaksi p\u00e4\u00e4ministeriksi. Alle 35-vuotiailla on eri suosikit kuin vanhemmilla. Lue tiivistelm\u00e4&hellip;\n","protected":false},"author":2,"featured_media":122809,"comment_status":"","ping_status":"","sticky":false,"template":"","format":"standard","meta":{"footnotes":""},"categories":[12],"tags":[22,23,26,27,33,31,30,17,34,24,25,28,29,15,18,21,32,19,20,16],"class_list":{"0":"post-122808","1":"post","2":"type-post","3":"status-publish","4":"format-standard","5":"has-post-thumbnail","7":"category-suomi","8":"tag-breaking-news","9":"tag-breakingnews","10":"tag-featured-news","11":"tag-featurednews","12":"tag-fi","13":"tag-finland","14":"tag-finnish","15":"tag-headlines","16":"tag-ilta-sanomat","17":"tag-latest-news","18":"tag-latestnews","19":"tag-main-news","20":"tag-mainnews","21":"tag-news","22":"tag-otsikot","23":"tag-paauutiset","24":"tag-suomi","25":"tag-top-stories","26":"tag-topstories","27":"tag-uutiset"},"share_on_mastodon":{"url":"https:\/\/pubeurope.com\/@fi\/115761269212296360","error":""},"_links":{"self":[{"href":"https:\/\/www.europesays.com\/fi\/wp-json\/wp\/v2\/posts\/122808","targetHints":{"allow":["GET"]}}],"collection":[{"href":"https:\/\/www.europesays.com\/fi\/wp-json\/wp\/v2\/posts"}],"about":[{"href":"https:\/\/www.europesays.com\/fi\/wp-json\/wp\/v2\/types\/post"}],"author":[{"embeddable":true,"href":"https:\/\/www.europesays.com\/fi\/wp-json\/wp\/v2\/users\/2"}],"replies":[{"embeddable":true,"href":"https:\/\/www.europesays.com\/fi\/wp-json\/wp\/v2\/comments?post=122808"}],"version-history":[{"count":0,"href":"https:\/\/www.europesays.com\/fi\/wp-json\/wp\/v2\/posts\/122808\/revisions"}],"wp:featuredmedia":[{"embeddable":true,"href":"https:\/\/www.europesays.com\/fi\/wp-json\/wp\/v2\/media\/122809"}],"wp:attachment":[{"href":"https:\/\/www.europesays.com\/fi\/wp-json\/wp\/v2\/media?parent=122808"}],"wp:term":[{"taxonomy":"category","embeddable":true,"href":"https:\/\/www.europesays.com\/fi\/wp-json\/wp\/v2\/categories?post=122808"},{"taxonomy":"post_tag","embeddable":true,"href":"https:\/\/www.europesays.com\/fi\/wp-json\/wp\/v2\/tags?post=122808"}],"curies":[{"name":"wp","href":"https:\/\/api.w.org\/{rel}","templated":true}]}}