{"id":122810,"date":"2025-12-22T04:12:14","date_gmt":"2025-12-22T04:12:14","guid":{"rendered":"https:\/\/www.europesays.com\/fi\/122810\/"},"modified":"2025-12-22T04:12:14","modified_gmt":"2025-12-22T04:12:14","slug":"kreikka-ohitti-suomen-talouskasvussa-nain-se-tapahtui-ulkomaat","status":"publish","type":"post","link":"https:\/\/www.europesays.com\/fi\/122810\/","title":{"rendered":"Kreikka ohitti Suomen talouskasvussa \u2013 n\u00e4in se tapahtui | Ulkomaat"},"content":{"rendered":"<ul class=\"aw-1jjocuh iJTSwP yle__article__list yle__article__list--ul\">\n<li class=\"aw-1j7gwms gNYKfi\">Entinen talouden murheenkryyni Kreikka on noussut Euroopan k\u00e4rkimaiden joukkoon talouskasvussa.<\/li>\n<li class=\"aw-1j7gwms gNYKfi\">Ateenan yliopiston apulaisprofessorin mukaan kasvu on kuitenkin ep\u00e4tasaista eik\u00e4 n\u00e4y kansalaisten arjessa.<\/li>\n<li class=\"aw-1j7gwms gNYKfi\">Uudet ty\u00f6paikat ovat syntyneet matalapalkkaisille palvelualoille, ja kreikkalaisten ostovoima on yh\u00e4 EU:n heikoimpia.<br \/>\nTiivistelm\u00e4 on teko\u00e4lyn tekem\u00e4 ja toimittajan tarkistama.<\/li>\n<\/ul>\n<p class=\"aw-1gybjub aw-1p7kakr kEtdKx cEmitX yle__article__paragraph\"><strong class=\"aw-ak79eh KyCXm yle__article__strong\">ATEENA<\/strong> Kansantalouksien paremmuusj\u00e4rjestys meni uusiksi Euroopassa, kun entinen murheenkryyni Kreikka kiilasi talouslehti <a class=\"aw-iao6s4 iHOxEa yle__article__link\" href=\"https:\/\/www.economist.com\/finance-and-economics\/2024\/12\/10\/which-economy-did-best-in-2024\" role=\"link\" rel=\"nofollow noopener\" target=\"_blank\">The Economistin vertailussa<\/a> nelj\u00e4nnelle sijalle viime vuonna.<\/p>\n<p class=\"aw-1gybjub aw-1p7kakr kEtdKx cEmitX yle__article__paragraph\">Viel\u00e4 reilu vuosikymmen takaperin Kreikan pel\u00e4ttiin hajottavan koko euroalueen. Kreikka oli el\u00e4nyt yli varojensa eik\u00e4 pystynyt selviytym\u00e4\u00e4n veloistaan.<\/p>\n<p class=\"aw-1gybjub aw-1p7kakr kEtdKx cEmitX yle__article__paragraph\">Vuonna 2010 Kreikka joutui tukeutumaan EU:n, Euroopan keskuspankin ja Kansainv\u00e4lisen valuuttarahaston kokoamaan h\u00e4t\u00e4rahoitukseen. Luotottajat vaativat Kreikalta rankkaa kulukuria ja uudistuksia <a class=\"aw-iao6s4 iHOxEa yle__article__link\" href=\"https:\/\/yle.fi\/a\/3-10244967\" role=\"link\" rel=\"nofollow noopener\" target=\"_blank\">kolmea eri tukipakettia <\/a>vastaan.<\/p>\n<p class=\"aw-1gybjub aw-1p7kakr kEtdKx cEmitX yle__article__paragraph\">Nyt Kreikan talous kasvaa ripe\u00e4mmin kuin <a class=\"aw-iao6s4 iHOxEa yle__article__link\" href=\"https:\/\/yle.fi\/a\/74-20200435\" role=\"link\" rel=\"nofollow noopener\" target=\"_blank\">Suomen<\/a>. My\u00f6s Kreikan julkinen velka suhteessa bruttokansantuotteeseen alenee ripe\u00e4sti.<\/p>\n<p class=\"aw-1gybjub aw-1p7kakr kEtdKx cEmitX yle__article__paragraph\">Viime vuonna Kreikka piti my\u00f6s EU:n k\u00e4rkisijoja <a class=\"aw-iao6s4 iHOxEa yle__article__link\" href=\"https:\/\/www.ekathimerini.com\/economy\/1253721\/eu-sees-higher-greek-primary-surplus\/\" role=\"link\" rel=\"nofollow noopener\" target=\"_blank\">perusylij\u00e4\u00e4m\u00e4ss\u00e4<\/a>. Ylij\u00e4\u00e4m\u00e4 syntyy, kun julkisen talouden tulot ovat menoja suuremmat ja kun velanhoitokulut j\u00e4tet\u00e4\u00e4n pois laskuista.<\/p>\n<p class=\"aw-1gybjub aw-1p7kakr kEtdKx cEmitX yle__article__paragraph\">Suomi taas on joutumassa EU:n <a class=\"aw-iao6s4 iHOxEa yle__article__link\" href=\"https:\/\/yle.fi\/a\/74-20196170\" role=\"link\" rel=\"nofollow noopener\" target=\"_blank\">liiallisen alij\u00e4\u00e4m\u00e4n menettelyyn<\/a>. Suomen julkinen talous on rajusti velkaantunut.<\/p>\n<p class=\"aw-1gybjub aw-1p7kakr kEtdKx cEmitX yle__article__paragraph\">My\u00f6s ty\u00f6tt\u00f6myys suhteessa kokonaistuotantoon kutistuu Kreikassa nopeimmin EU:ssa. Ty\u00f6tt\u00f6myysaste oli Kreikassa vaikeiden vuosien aikaan vuonna 2013 noin 28 prosenttia, nyt <a class=\"aw-iao6s4 iHOxEa yle__article__link\" href=\"https:\/\/www.thenationalherald.com\/greece-unemployment-rate-at-8-6-in-october-2025\/\" role=\"link\" rel=\"nofollow noopener\" target=\"_blank\">lokakuussa se oli 8,6<\/a>. Suomen ty\u00f6tt\u00f6myysaste nousi lokakuussa 10,3 prosenttiin.<\/p>\n<p class=\"aw-1gybjub aw-1p7kakr kEtdKx cEmitX yle__article__paragraph\">Kreikan finanssiministeri <strong class=\"aw-ak79eh KyCXm yle__article__strong\">Kyriakos Pierrakakisin<\/strong> mukaan talouskasvu on nostanut luottamusta Kreikkaan, ja se n\u00e4kyy luottoluokituksen sek\u00e4 sijoittajien kiinnostuksen kohenemisena. Luottoluokitus on arvio valtion kyvyst\u00e4 selviyty\u00e4 veloistaan ja vaikuttaa siihen, mihin hintaan valtio saa markkinoilta lainarahaa.<\/p>\n<p class=\"aw-1gybjub aw-1p7kakr kEtdKx cEmitX yle__article__paragraph\">Kreikan edistysaskeleet ovat niin huomattavia, ett\u00e4 Pierrakakis valittiin t\u00e4ss\u00e4 kuussa euroryhm\u00e4n eli <a class=\"aw-iao6s4 iHOxEa yle__article__link\" href=\"https:\/\/www.reuters.com\/business\/finance\/greek-finance-minister-pierrakakis-named-new-head-eurogroup-2025-12-11\/\" role=\"link\" rel=\"nofollow noopener\" target=\"_blank\">euroalueen valtiovarainministerien uudeksi puheenjohtajaksi<\/a>.<\/p>\n<p class=\"aw-1gybjub aw-1p7kakr kEtdKx cEmitX yle__article__paragraph\">Mit\u00e4 Kreikassa oikein tapahtuu, ja kuinka vakaalla pohjalla maan talous nyt on? Ent\u00e4 voisiko nyky-Suomi oppia Kreikalta jotain?<\/p>\n<p>Kasvua ilman hyvinvointia<\/p>\n<p class=\"aw-1gybjub aw-1p7kakr kEtdKx cEmitX yle__article__paragraph\">Kysymyksiin vastaa <strong class=\"aw-ak79eh KyCXm yle__article__strong\">Vlassis Missos<\/strong>. H\u00e4n on Ateenan yliopiston apulaisprofessori ja erikoistunut talouden eriarvoisuuteen.<\/p>\n<p class=\"aw-1gybjub aw-1p7kakr kEtdKx cEmitX yle__article__paragraph\">Missos tekee selv\u00e4ksi, ettei ole huojentunut Kreikan nykyisest\u00e4 2\u20132,5 prosentin talouskasvusta. Vauhti ei riit\u00e4 paikkaamaan talouskriisin menetyksi\u00e4 ja parantamaan kansalaisten elintasoa, Missos toteaa.<\/p>\n<p class=\"aw-1gybjub aw-1p7kakr kEtdKx cEmitX yle__article__paragraph\">Henke\u00e4 kohden Kreikan kokonaistuotanto on yh\u00e4 perin matala.<\/p>\n<p class=\"aw-1gybjub aw-1p7kakr kEtdKx cEmitX yle__article__paragraph\"><strong class=\"aw-ak79eh KyCXm yle__article__strong\">Videolla Vlassis Missos kertoo, mihin Kreikan hyv\u00e4t talousluvut pohjaavat:<\/strong><\/p>\n<p>Video: Sara Saure<\/p>\n<p class=\"aw-1gybjub aw-1p7kakr kEtdKx cEmitX yle__article__paragraph\">Missos arvostelee Kreikan kehityst\u00e4 siit\u00e4, ett\u00e4 kasvu jakautuu ep\u00e4tasaisesti. Maa on saavuttanut korkeita perusylij\u00e4\u00e4mi\u00e4 muun muassa leikkaamalla el\u00e4kkeit\u00e4 ja julkisen sektorin palkkoja ankarasti.<\/p>\n<p class=\"aw-1gybjub aw-1p7kakr kEtdKx cEmitX yle__article__paragraph\">Missosin sanat saavat painoa Euroopan keskuspankin tilastosta. Tilaston mukaan kreikkalainen keskivertokotitalous oli kuluvan vuoden ensimm\u00e4isell\u00e4 nelj\u00e4nneksell\u00e4 yh\u00e4 15 prosenttia k\u00f6yhempi kuin talouskriisin alkaessa vuonna 2009.<\/p>\n<p class=\"aw-1gybjub aw-1p7kakr kEtdKx cEmitX yle__article__paragraph\">Missos havainnoi tilannetta lis\u00e4\u00e4. Kreikan nykyinen keskustaoikeistolainen hallitus kartuttaa tuloja ker\u00e4\u00e4m\u00e4ll\u00e4 24 prosentin yleist\u00e4 arvonlis\u00e4veroa. Se koettelee pahiten v\u00e4h\u00e4varaisia.<\/p>\n<p class=\"aw-1gybjub aw-1p7kakr kEtdKx cEmitX yle__article__paragraph\">Keskim\u00e4\u00e4r\u00e4inen bruttopalkka on noussut Kreikassa noin 1\u00a0380 euroon. Se on silti v\u00e4hemm\u00e4n kuin velkakriisin alussa.<\/p>\n<p class=\"aw-1gybjub aw-1p7kakr kEtdKx cEmitX yle__article__paragraph\">\u2013 Ostovoiman mittarilla Kreikka on EU:n pohjilla, Missos pamauttaa.<\/p>\n<p class=\"aw-1gybjub aw-1p7kakr kEtdKx cEmitX yle__article__paragraph\">\u039fsa viime vuosina tehdyist\u00e4 uudistuksista on Missosin mielest\u00e4 kyll\u00e4 tuottanut tulosta. Kreikka valvoo nyt julkisen sektorin kulujaan ja on helpottanut elinkeinoel\u00e4m\u00e4n lupak\u00e4yt\u00e4nt\u00f6j\u00e4. Byrokratiaa on suitsittu.<\/p>\n<p class=\"aw-1gybjub aw-1p7kakr kEtdKx cEmitX yle__article__paragraph\">Missos tiet\u00e4\u00e4, ett\u00e4 velkaantuminen ja s\u00e4\u00e4st\u00f6toimet ovat Suomessa ykk\u00f6saiheita juuri nyt. H\u00e4n neuvoo Suomea kohdentamaan sopeutustoimet huolella. Kreikan kriisiss\u00e4 v\u00e4est\u00f6 piti kiinteist\u00f6veroa ep\u00e4oikeudenmukaisena, koska se oli tuloista riippumaton.<\/p>\n<p><img decoding=\"async\" alt=\"Turistien joukko k\u00e4velee kuumuudessa aukiolla. \" src=\"https:\/\/www.europesays.com\/fi\/wp-content\/uploads\/2025\/12\/39-1561790692b645c233b4.jpeg\" loading=\"lazy\" class=\"aw-1l9m598 hKVVvP\"\/><\/p>\n<p>Avaa kuvien katselu<\/p>\n<p>Kreikan matkailutulot voivat ylt\u00e4\u00e4 t\u00e4n\u00e4 vuonna enn\u00e4tykselliseen 22 miljardiin euroon. Kuva: Sara Saure \/ Yle\u201dKahvilatalous\u201d alensi ty\u00f6tt\u00f6myysasteen<\/p>\n<p class=\"aw-1gybjub aw-1p7kakr kEtdKx cEmitX yle__article__paragraph\">Kreikan p\u00e4\u00e4ministeri <strong class=\"aw-ak79eh KyCXm yle__article__strong\">Kyriakos Mitsotakis<\/strong> lupasi pari vuotta sitten kreikkalaisille enemm\u00e4n ja parempia ty\u00f6paikkoja. Uusia ty\u00f6paikkoja on syntynyt puolisen miljoonaa.<\/p>\n<p class=\"aw-1gybjub aw-1p7kakr kEtdKx cEmitX yle__article__paragraph\">Rohkaiseva suuntaus selittyy Missosin mukaan kuitenkin sill\u00e4, ett\u00e4 ihmiset ty\u00f6llistyv\u00e4t p\u00e4\u00e4osin matkailu-, ravitsemus- ja majoitusaloilla. Nuoret paiskivat t\u00f6it\u00e4 saarilla tarjoilijoina maisterin papereilla tai hotellin vastaanotossa tohtorintutkinnolla.<\/p>\n<p class=\"aw-1gybjub aw-1p7kakr kEtdKx cEmitX yle__article__paragraph\">Missos k\u00e4ytt\u00e4\u00e4 Kreikasta termi\u00e4 \u201dkahvilatalous\u201d.<\/p>\n<p><img decoding=\"async\" alt=\"Turisteja istuu kahvilan p\u00f6yd\u00e4ss\u00e4 puun varjossa.\" src=\"https:\/\/www.europesays.com\/fi\/wp-content\/uploads\/2025\/12\/39-1561791692b6526d8caa.jpeg\" loading=\"lazy\" class=\"aw-1l9m598 hKVVvP\"\/><\/p>\n<p>Avaa kuvien katselu<\/p>\n<p>Ateenan ydinkeskustan ulkokahviloissa ja ravintoloissa riitt\u00e4\u00e4 matkailijoita my\u00f6s syyskaudella. Kuva: Sara Saure \/ Yle<\/p>\n<p class=\"aw-1gybjub aw-1p7kakr kEtdKx cEmitX yle__article__paragraph\">\u2013 Valtaosa suorista ulkomaisista sijoituksistakin on matkailuun nivoutuvalla kiinteist\u00f6alalla, h\u00e4n toteaa.<\/p>\n<p class=\"aw-1gybjub aw-1p7kakr kEtdKx cEmitX yle__article__paragraph\">Kahvilataloudessa ty\u00f6 on huonosti palkattua ja kiivastahtista. Hallitus on vienyt l\u00e4pi my\u00f6s mahdollisuuden <a class=\"aw-iao6s4 iHOxEa yle__article__link\" href=\"https:\/\/yle.fi\/a\/74-20188730\" role=\"link\" rel=\"nofollow noopener\" target=\"_blank\">13-tuntiseen ty\u00f6p\u00e4iv\u00e4\u00e4n<\/a>.<\/p>\n<p class=\"aw-1gybjub aw-1p7kakr kEtdKx cEmitX yle__article__paragraph\"><a class=\"aw-iao6s4 iHOxEa yle__article__link\" href=\"https:\/\/www.ft.com\/content\/47dca85c-89f8-42f9-8e67-5ca237f970ef\" role=\"link\" rel=\"nofollow noopener\" target=\"_blank\">Ty\u00f6n tuottavuus<\/a> yht\u00e4 ty\u00f6tuntia kohti on alle 50 prosenttia EU:n keskitasosta. Samalla kreikkalaiset ty\u00f6skentelev\u00e4t Eurostatin mukaan EU:ssa eniten, keskim\u00e4\u00e4rin 39,8 tuntia viikossa.<\/p>\n<p><img decoding=\"async\" alt=\"Vaaleanpunainen rakennus kohoaa vuorijonon ymp\u00e4r\u00f6im\u00e4ss\u00e4 kaupunkikuvassa. \" src=\"https:\/\/www.europesays.com\/fi\/wp-content\/uploads\/2025\/12\/39-1564438693185857d741.jpeg\" loading=\"lazy\" class=\"aw-1l9m598 hKVVvP\"\/><\/p>\n<p>Avaa kuvien katselu<\/p>\n<p>Iceyen Kreikan-tyt\u00e4ryhti\u00f6n p\u00e4\u00e4konttori l\u00f6ytyy ateenalaiselta hienostoalueelta. Kuva: IceyeEU:n elvytysrahoilla avaruusteknologiaa<\/p>\n<p class=\"aw-1gybjub aw-1p7kakr kEtdKx cEmitX yle__article__paragraph\">Nyt Kreikan hallitus pyrkii lis\u00e4\u00e4m\u00e4\u00e4n teknologiainvestointeja. Ne olisivat omiaan kasvattamaan ty\u00f6n tuottavuutta.<\/p>\n<p class=\"aw-1gybjub aw-1p7kakr kEtdKx cEmitX yle__article__paragraph\">Teknologiainvestointien osuus kokonaistuotannosta on Kreikassa puolet pienempi kuin Suomessa.<\/p>\n<p class=\"aw-1gybjub aw-1p7kakr kEtdKx cEmitX yle__article__paragraph\">Yksi suomalainen teknologiafirma on juuri investoinut Kreikkaan, nimitt\u00e4in satelliittiyhti\u00f6 Iceye. Toimitusjohtaja <strong class=\"aw-ak79eh KyCXm yle__article__strong\">Vasilis Chaloulakos<\/strong> kertoo, miksi Iceye laajensi Kreikkaan.<\/p>\n<p class=\"aw-1gybjub aw-1p7kakr kEtdKx cEmitX yle__article__paragraph\">\u2013 Kreikan hallitus hy\u00f6dynsi viivyttelem\u00e4tt\u00e4 EU:n elvytysrahoja suomalaiseen teknologiaan, Chaloulakos sanoo.<\/p>\n<p class=\"aw-1gybjub aw-1p7kakr kEtdKx cEmitX yle__article__paragraph\">Elvytysrahasto onkin ollut julkisten investointien moottori. Kreikka on saanut EU:ssa <a class=\"aw-iao6s4 iHOxEa yle__article__link\" href=\"https:\/\/yle.fi\/a\/74-20175913\" role=\"link\" rel=\"nofollow noopener\" target=\"_blank\">eniten elvytysrahaa suhteessa bkt:hen<\/a>.<\/p>\n<p class=\"aw-1gybjub aw-1p7kakr kEtdKx cEmitX yle__article__paragraph\"><strong class=\"aw-ak79eh KyCXm yle__article__strong\">T\u00e4ll\u00e4 videolla Chaloulakos avaa, mit\u00e4 hy\u00f6ty\u00e4 Iceyest\u00e4 on Kreikan talouskasvulle:<\/strong><\/p>\n<p>Video: Sara Saure<\/p>\n<p class=\"aw-1gybjub aw-1p7kakr kEtdKx cEmitX yle__article__paragraph\">Chaloulakos korostaa, ett\u00e4 Kreikalla ja Suomella on t\u00e4rke\u00e4 asema eurooppalaisessa puolustus- ja turvallisuustrategiassa. Molemmat maat hankkivat nyt muutamien muiden my\u00f6t\u00e4 omia <a class=\"aw-iao6s4 iHOxEa yle__article__link\" href=\"https:\/\/yle.fi\/a\/74-20187718\" role=\"link\" rel=\"nofollow noopener\" target=\"_blank\">tiedustelusatelliitteja<\/a>.<\/p>\n<p><img decoding=\"async\" alt=\"Satelliittiyhti\u00f6ss\u00e4 on suuren karttakuvan edess\u00e4 piensatelliittiteline.\" src=\"https:\/\/www.europesays.com\/fi\/wp-content\/uploads\/2025\/12\/39-1564434693184043cbbd.jpeg\" loading=\"lazy\" class=\"aw-1l9m598 hKVVvP\"\/><\/p>\n<p>Avaa kuvien katselu<\/p>\n<p>Gen 3.5 &#8211; satelliitin tarkka j\u00e4ljenn\u00f6s oli esill\u00e4 Iceyen tiloissa Ateenassa.  Kuva: Iceye<\/p>\n<p class=\"aw-1gybjub aw-1p7kakr kEtdKx cEmitX yle__article__paragraph\">Avaruusteknologia palvelee Kreikan taloutta my\u00f6s aivovuodon takaisin houkuttelemisessa. Korkeakoulutettu 36-vuotias Chaloulakos on siit\u00e4 itse hyv\u00e4 esimerkki.<\/p>\n<p class=\"aw-1gybjub aw-1p7kakr kEtdKx cEmitX yle__article__paragraph\">H\u00e4n on yksi <a class=\"aw-iao6s4 iHOxEa yle__article__link\" href=\"https:\/\/www.politico.eu\/article\/greece-reverse-brain-drain-skills-young-people-financial-crisis\/\" role=\"link\" rel=\"nofollow noopener\" target=\"_blank\">arviolta puolesta miljoonasta<\/a> nuoresta koulutetusta, jotka muuttivat talouskriisiss\u00e4 ulkomaille.<\/p>\n<p class=\"aw-1gybjub aw-1p7kakr kEtdKx cEmitX yle__article__paragraph\">Nyt Chaloulakos t\u00e4ht\u00e4\u00e4 siihen, ett\u00e4 ennen pitk\u00e4\u00e4 Iceye valmistaa piensatelliitteja Kreikassa alusta loppuun asti.<\/p>\n<p>Kreikka maksaa lainojaan etuajassa<\/p>\n<ul class=\"aw-1jjocuh iJTSwP yle__article__list yle__article__list--ul\">\n<li class=\"aw-1j7gwms gNYKfi\">Kreikka sai velkariisiss\u00e4 liki 300 miljardia euroa lainoittajien tukea.<\/li>\n<li class=\"aw-1j7gwms gNYKfi\">Julkinen velka oli 148 prosenttia BKT:sta vuonna 2010, nyt se on 145 prosenttia. Sen arvioidaan supistuvan vuoteen 2030 menness\u00e4 120 prosenttiin.<\/li>\n<li class=\"aw-1j7gwms gNYKfi\">Maa on maksanut lainoja etuajassa yli 34 miljardia euroa. Se s\u00e4\u00e4st\u00e4\u00e4 velanhoitokuluissa vuosittain arviolta 800 miljoonaa euroa.<\/li>\n<li class=\"aw-1j7gwms gNYKfi\">Suomi my\u00f6nsi Kreikalle miljardin euron valtioidenv\u00e4lisen lainan ja rahoitti Kreikkaa EU-j\u00e4rjestelmien kautta kolmella miljardilla eurolla.<\/li>\n<\/ul>\n<p><img decoding=\"async\" alt=\"\" src=\"https:\/\/www.europesays.com\/fi\/wp-content\/uploads\/2025\/12\/13-12-1022-4-1211674-main.jpeg\" class=\"aw-1l9m598 hKVVvP\"\/><\/p>\n","protected":false},"excerpt":{"rendered":"Entinen talouden murheenkryyni Kreikka on noussut Euroopan k\u00e4rkimaiden joukkoon talouskasvussa. Ateenan yliopiston apulaisprofessorin mukaan kasvu on kuitenkin ep\u00e4tasaista&hellip;\n","protected":false},"author":2,"featured_media":122811,"comment_status":"","ping_status":"","sticky":false,"template":"","format":"standard","meta":{"footnotes":""},"categories":[5],"tags":[22,23,26,27,33,31,30,17,24,25,28,29,15,18,21,32,78,19,20,56,16],"class_list":{"0":"post-122810","1":"post","2":"type-post","3":"status-publish","4":"format-standard","5":"has-post-thumbnail","7":"category-otsikot","8":"tag-breaking-news","9":"tag-breakingnews","10":"tag-featured-news","11":"tag-featurednews","12":"tag-fi","13":"tag-finland","14":"tag-finnish","15":"tag-headlines","16":"tag-latest-news","17":"tag-latestnews","18":"tag-main-news","19":"tag-mainnews","20":"tag-news","21":"tag-otsikot","22":"tag-paauutiset","23":"tag-suomi","24":"tag-talous","25":"tag-top-stories","26":"tag-topstories","27":"tag-ulkomaat","28":"tag-uutiset"},"share_on_mastodon":{"url":"https:\/\/pubeurope.com\/@fi\/115761272833424036","error":""},"_links":{"self":[{"href":"https:\/\/www.europesays.com\/fi\/wp-json\/wp\/v2\/posts\/122810","targetHints":{"allow":["GET"]}}],"collection":[{"href":"https:\/\/www.europesays.com\/fi\/wp-json\/wp\/v2\/posts"}],"about":[{"href":"https:\/\/www.europesays.com\/fi\/wp-json\/wp\/v2\/types\/post"}],"author":[{"embeddable":true,"href":"https:\/\/www.europesays.com\/fi\/wp-json\/wp\/v2\/users\/2"}],"replies":[{"embeddable":true,"href":"https:\/\/www.europesays.com\/fi\/wp-json\/wp\/v2\/comments?post=122810"}],"version-history":[{"count":0,"href":"https:\/\/www.europesays.com\/fi\/wp-json\/wp\/v2\/posts\/122810\/revisions"}],"wp:featuredmedia":[{"embeddable":true,"href":"https:\/\/www.europesays.com\/fi\/wp-json\/wp\/v2\/media\/122811"}],"wp:attachment":[{"href":"https:\/\/www.europesays.com\/fi\/wp-json\/wp\/v2\/media?parent=122810"}],"wp:term":[{"taxonomy":"category","embeddable":true,"href":"https:\/\/www.europesays.com\/fi\/wp-json\/wp\/v2\/categories?post=122810"},{"taxonomy":"post_tag","embeddable":true,"href":"https:\/\/www.europesays.com\/fi\/wp-json\/wp\/v2\/tags?post=122810"}],"curies":[{"name":"wp","href":"https:\/\/api.w.org\/{rel}","templated":true}]}}