{"id":122814,"date":"2025-12-22T04:27:12","date_gmt":"2025-12-22T04:27:12","guid":{"rendered":"https:\/\/www.europesays.com\/fi\/122814\/"},"modified":"2025-12-22T04:27:12","modified_gmt":"2025-12-22T04:27:12","slug":"yokylassa-maria-veitola-uusi-kausi-alkaa-arja-saijonmaa-ja-muut-julkkikset-mukana","status":"publish","type":"post","link":"https:\/\/www.europesays.com\/fi\/122814\/","title":{"rendered":"Y\u00f6kyl\u00e4ss\u00e4 Maria Veitola: Uusi kausi alkaa &#8211; Arja Saijonmaa ja muut julkkikset mukana"},"content":{"rendered":"<p>\n            Maria Veitola, Osmo ja Mikko Peltola<br \/>\n            MTV\n        <\/p>\n<p class=\"subtitle \">Toimittaja Maria Veitola on y\u00f6pynyt jo yli sadan tunnetun suomalaisen kodissa. Tulevalla kaudella Maria tapaa muun muassa Mikko ja Osmo Peltolan.<\/p>\n<p class=\"article-content article-content-width !bg-background\">Y\u00f6kyl\u00e4ss\u00e4 Maria Veitola -sarjan kymmenes tuotantokausi alkaa MTV:ll\u00e4 23. helmikuuta. Ensimm\u00e4isess\u00e4 jaksossa  vierailee El\u00e4m\u00e4ni biisist\u00e4kin tutun  luona.<\/p>\n<p class=\"article-content article-content-width !bg-background\">Toimittaja Maria Veitola on y\u00f6pynyt jo yli sadan tunnetun suomalaisen kodissa. Tulevalla kaudella Marialle kotinsa ovet avaavat my\u00f6s ,  ja Jasmine Pajari,  ja , , , , ,  sek\u00e4  ja .<\/p>\n<p>        <a itemprop=\"url\" href=\"https:\/\/www.seiska.fi\/katso\/osmo-peltolan-tv-esiintyminen-sai-katsojat-sekaisin\/2023072\" rel=\"nofollow noopener\" target=\"_blank\"><\/p>\n<p>\nOsmo Peltola\n<\/p>\n<p class=\"section-date\">\n        <strong class=\"article-section\" data-section=\"katso\"><br \/>\n            katso<br \/>\n        <\/strong><br \/>\n        16.12. 11:15\n    <\/p>\n<p>Osmo Peltolan tv-esiintyminen sai katsojat sekaisin\n    <\/p>\n<p itemprop=\"description\" class=\"subtitle \">\n    Fanit eiv\u00e4t ole pysy\u00e4 housuissaan, kun Osmo Peltola ilmestyi is\u00e4ns\u00e4 luontosarjaan.\n<\/p>\n<p>        <\/a><\/p>\n<p>Maria ei osannut odottaa tulevaa<\/p>\n<p class=\"article-content article-content-width !bg-background\">Maria kertoo MTV:n tiedotteessa, ett\u00e4 kun h\u00e4n kymmenen vuotta sitten soitti ensimm\u00e4isen y\u00f6kyl\u00e4paikan ovikelloa, ei h\u00e4n osannut odottaa, millainen reissu h\u00e4nen eteens\u00e4 avautuu ohjelman teon aikana.<\/p>\n<p class=\"article-content article-content-width !bg-background\">\u2013 Olen y\u00f6kyl\u00e4illyt t\u00e4h\u00e4n menness\u00e4 105 kohteessa, ja uskoisin olevani Suomen kovin y\u00f6kyl\u00e4ilij\u00e4, Maria kertoo ja jatkaa:<\/p>\n<p>        <a itemprop=\"url\" href=\"https:\/\/www.seiska.fi\/katso\/peltsi-ja-osmo-hammentava-viinaloyto\/2009070\" rel=\"nofollow noopener\" target=\"_blank\"><\/p>\n<p>\nPeltsi ja Osmo Peltola\n<\/p>\n<p class=\"section-date\">\n        <strong class=\"article-section\" data-section=\"katso\"><br \/>\n            katso<br \/>\n        <\/strong><br \/>\n        2.12. 15:15\n    <\/p>\n<p>Peltsi ja Osmo: H\u00e4mment\u00e4v\u00e4 viinal\u00f6yt\u00f6\n    <\/p>\n<p itemprop=\"description\" class=\"subtitle \">\n    Mikko &#8221;Peltsi&#8221; Peltola ja h\u00e4nen poikansa Osmo palaavat j\u00e4lleen tv-ruutuun.\n<\/p>\n<p>        <\/a><\/p>\n<p>                <img decoding=\"async\" src=\"https:\/\/www.europesays.com\/fi\/wp-content\/uploads\/2025\/12\/1996444.webp\" width=\"576\" height=\"274\" alt=\"Ensimm\u00e4inen Y\u00f6kyl\u00e4ss\u00e4 Maria Veitola -kausi n\u00e4htiin vuonna 2015.\" loading=\"lazy\" \/>            <\/p>\n<p>\n            Ensimm\u00e4inen Y\u00f6kyl\u00e4ss\u00e4 Maria Veitola -kausi n\u00e4htiin vuonna 2015.<br \/>\n            Timo Korhonen\n        <\/p>\n<p class=\"article-content article-content-width !bg-background\">\u2013 T\u00e4m\u00e4 kymmenes Y\u00f6kyl\u00e4ss\u00e4 Maria Veitola -kausi on todellinen juhlakausi. Suurkiitos n\u00e4ist\u00e4 uusista ja kaikista aiemmista kohtaamisista. Olen saanut kokea ja oppia niin paljon, ja toivon, ett\u00e4 saan jatkaa uusiin ihmisiin, heid\u00e4n ajatuksiinsa ja el\u00e4m\u00e4ntapoihinsa tutustumista loppuel\u00e4m\u00e4ni. Jaettu ihmisyys on parasta.<\/p>\n<p>        <a itemprop=\"url\" href=\"https:\/\/www.seiska.fi\/katso\/mikko-peltola-loukkaantui-pyoraretkella\/2020295\" rel=\"nofollow noopener\" target=\"_blank\"><\/p>\n<p>\nMikko &#8221;Peltsi&#8221; Peltola\n<\/p>\n<p class=\"section-date\">\n        <strong class=\"article-section\" data-section=\"katso\"><br \/>\n            katso<br \/>\n        <\/strong><br \/>\n        15.12. 06:15\n    <\/p>\n<p>Mikko Peltola loukkaantui py\u00f6r\u00e4retkell\u00e4\n    <\/p>\n<p itemprop=\"description\" class=\"subtitle \">\n    Mikko &#8221;Peltsi&#8221; Peltola kertoo joutuneensa leikkaukseen.\n<\/p>\n<p>        <\/a><\/p>\n<p class=\"italic m-italic article-content article-content-width !bg-background\">Y\u00f6kyl\u00e4ss\u00e4 Maria Veitola alkaa MTV Katsomossa ja MTV3-kanavalla ma 23.2. klo 21. MTV Katsomo+ -tilauksella ensimm\u00e4isell\u00e4 viikolla kolme jaksoa, jonka j\u00e4lkeen jakso viikossa.<\/p>\n","protected":false},"excerpt":{"rendered":"Maria Veitola, Osmo ja Mikko Peltola MTV Toimittaja Maria Veitola on y\u00f6pynyt jo yli sadan tunnetun suomalaisen kodissa.&hellip;\n","protected":false},"author":2,"featured_media":122815,"comment_status":"","ping_status":"","sticky":false,"template":"","format":"standard","meta":{"footnotes":""},"categories":[133],"tags":[2633,137,33,31,30,1082,3222,2376,22037,5601,20570,32,206,1318,156,109,14043],"class_list":{"0":"post-122814","1":"post","2":"type-post","3":"status-publish","4":"format-standard","5":"has-post-thumbnail","7":"category-televisiot","8":"tag-arja-saijonmaa","9":"tag-entertainment","10":"tag-fi","11":"tag-finland","12":"tag-finnish","13":"tag-maria-veitola","14":"tag-mikko-peltola","15":"tag-mtv","16":"tag-osmo-ja-mikko-peltola","17":"tag-osmo-peltola","18":"tag-peltsi-peltola","19":"tag-suomi","20":"tag-televisiot","21":"tag-tv-ohjelma","22":"tag-tv","23":"tag-viihde","24":"tag-yokylassa-maria-veitola"},"share_on_mastodon":{"url":"https:\/\/pubeurope.com\/@fi\/115761331928807517","error":""},"_links":{"self":[{"href":"https:\/\/www.europesays.com\/fi\/wp-json\/wp\/v2\/posts\/122814","targetHints":{"allow":["GET"]}}],"collection":[{"href":"https:\/\/www.europesays.com\/fi\/wp-json\/wp\/v2\/posts"}],"about":[{"href":"https:\/\/www.europesays.com\/fi\/wp-json\/wp\/v2\/types\/post"}],"author":[{"embeddable":true,"href":"https:\/\/www.europesays.com\/fi\/wp-json\/wp\/v2\/users\/2"}],"replies":[{"embeddable":true,"href":"https:\/\/www.europesays.com\/fi\/wp-json\/wp\/v2\/comments?post=122814"}],"version-history":[{"count":0,"href":"https:\/\/www.europesays.com\/fi\/wp-json\/wp\/v2\/posts\/122814\/revisions"}],"wp:featuredmedia":[{"embeddable":true,"href":"https:\/\/www.europesays.com\/fi\/wp-json\/wp\/v2\/media\/122815"}],"wp:attachment":[{"href":"https:\/\/www.europesays.com\/fi\/wp-json\/wp\/v2\/media?parent=122814"}],"wp:term":[{"taxonomy":"category","embeddable":true,"href":"https:\/\/www.europesays.com\/fi\/wp-json\/wp\/v2\/categories?post=122814"},{"taxonomy":"post_tag","embeddable":true,"href":"https:\/\/www.europesays.com\/fi\/wp-json\/wp\/v2\/tags?post=122814"}],"curies":[{"name":"wp","href":"https:\/\/api.w.org\/{rel}","templated":true}]}}