{"id":122816,"date":"2025-12-22T04:30:07","date_gmt":"2025-12-22T04:30:07","guid":{"rendered":"https:\/\/www.europesays.com\/fi\/122816\/"},"modified":"2025-12-22T04:30:07","modified_gmt":"2025-12-22T04:30:07","slug":"tutkijat-loysivat-kuusi-dementian-varhaista-varoitusmerkkia-katso-lista","status":"publish","type":"post","link":"https:\/\/www.europesays.com\/fi\/122816\/","title":{"rendered":"Tutkijat l\u00f6ysiv\u00e4t kuusi dementian varhaista varoitusmerkki\u00e4 \u2013 katso lista"},"content":{"rendered":"<p>\t\t\t\t\t\t\t\t\tTerveys<\/p>\n<p>Kuusi keski-ik\u00e4isten masennukseen liittyv\u00e4\u00e4 oiretta voiva olla merkki vaarasta sairastua dementiaan my\u00f6hemm\u00e4ll\u00e4 i\u00e4ll\u00e4, University College Londonin tutkijat ovat <a href=\"https:\/\/www.ucl.ac.uk\/news\/2025\/dec\/specific-depressive-symptoms-midlife-linked-increased-dementia-risk\" rel=\"nofollow noopener\" target=\"_blank\">havainneet<\/a>.<\/p>\n<p>Dementia on oireyhtym\u00e4, joka johtuu etenevist\u00e4 muistisairauksista.\u00a0Sen arvioidaan koskettavan maailmanlaajuisesti yli 55 miljoonaa ihmist\u00e4,\u00a0ja luvun odotetaan nousevan huimaan 153 miljoonaan seuraavien 25 vuoden aikana.\u00a0T\u00e4ll\u00e4 hetkell\u00e4 sairauteen ei ole parannuskeinoa.<\/p>\n<p>University College Londonin tutkijat pyrkiv\u00e4t tunnistamaan dementiaan johtavia keski-i\u00e4n riskitekij\u00f6it\u00e4, jotta sen puhkeamista voitaisiin viiv\u00e4stytt\u00e4\u00e4 tai tulevaisuudessa ehk\u00e4ist\u00e4 kokonaan. <\/p>\n<p>Dementiasta ja sen ehk\u00e4isyst\u00e4 tutkimustietoa kokoava ja sit\u00e4 analysoiva ty\u00f6ryhm\u00e4 The Lancet Commission on Dementia Prevention, Intervention, and Care arvioi vuonna 2024, ett\u00e4 keski-i\u00e4n masennus voi olla dementian riskitekij\u00e4.<\/p>\n<p>Aluksi tutkijat tarkastelivat 5811 brittil\u00e4isen aikuisen julkisia terveystietoja.\u00a0Tutkimuksen alkaessa osallistujat olivat 35\u201355-vuotiaita.\u00a0Tietoja ker\u00e4ttiin ensin vuosina 1985\u20131988 ja uudelleen vuosina 1997\u20131999.<\/p>\n<p>Ne,\u00a0jotka ilmoittivat alkuper\u00e4isiss\u00e4 tutkimuksissa v\u00e4hint\u00e4\u00e4n viisi masennusoiretta,\u00a0luokiteltiin masentuneiksi. Seuraavaksi tiimi seurasi potilaiden terveystietoja aina vuoteen 2023 saakka n\u00e4hd\u00e4kseen,\u00a0kuinka monelle tutkittavista kehittyi dementia,\u00a0jos kehittyi.<\/p>\n<p>Kaksikymment\u00e4 vuotta kest\u00e4neen seurantajakson aikana 10,1 prosentille alkuper\u00e4isist\u00e4 osallistujista kehittyi jokin dementian muoto.<\/p>\n<p>Tutkijat tunnistivat keski-i\u00e4n masennukseen liittyv\u00e4n kuusi oiretta, joiden he sanovat olevan merkkej\u00e4 kohonneesta dementiariskist\u00e4. N\u00e4it\u00e4 ovat:<\/p>\n<p>\u2013 Itseluottamuksen menett\u00e4minen<\/p>\n<p>\u2013 Tunne siit\u00e4, ettei kykene kohtaamaan ongelmia<\/p>\n<p>\u2013 L\u00e4mpimien ja hellien tunteiden puute muita kohtaan<\/p>\n<p>\u2013 Jatkuva hermostuneisuuden ja kireyden tunne<\/p>\n<p>\u2013\u00a0Tyytym\u00e4tt\u00f6myys siihen, miten asioista suoriutuu<\/p>\n<p>\u2013\u00a0Keskittymisvaikeudet<\/p>\n<p>Tutkimuksen tekij\u00e4 ja UCL:n terveyspsykologi <strong>Philipp Frank<\/strong> toteaa tiedotteessa tutkimustulosten osoittavan, ett\u00e4 dementiariski on yhteydess\u00e4 kouralliseen tiettyj\u00e4 masennusoireita pikemminkin kuin masennukseen kokonaisuutena.<\/p>\n<p>\u2013 T\u00e4m\u00e4 oirekohtainen l\u00e4hestymistapa antaa meille paljon selke\u00e4mm\u00e4n kuvan siit\u00e4, ketk\u00e4 saattavat olla haavoittuvaisia jo vuosikymmeni\u00e4 ennen dementian puhkeamista.<\/p>\n","protected":false},"excerpt":{"rendered":"Terveys Kuusi keski-ik\u00e4isten masennukseen liittyv\u00e4\u00e4 oiretta voiva olla merkki vaarasta sairastua dementiaan my\u00f6hemm\u00e4ll\u00e4 i\u00e4ll\u00e4, University College Londonin tutkijat&hellip;\n","protected":false},"author":2,"featured_media":105168,"comment_status":"","ping_status":"","sticky":false,"template":"","format":"standard","meta":{"footnotes":""},"categories":[165],"tags":[33,31,30,166,32,167],"class_list":{"0":"post-122816","1":"post","2":"type-post","3":"status-publish","4":"format-standard","5":"has-post-thumbnail","7":"category-terveys","8":"tag-fi","9":"tag-finland","10":"tag-finnish","11":"tag-health","12":"tag-suomi","13":"tag-terveys"},"share_on_mastodon":{"url":"https:\/\/pubeurope.com\/@fi\/115761343635848171","error":""},"_links":{"self":[{"href":"https:\/\/www.europesays.com\/fi\/wp-json\/wp\/v2\/posts\/122816","targetHints":{"allow":["GET"]}}],"collection":[{"href":"https:\/\/www.europesays.com\/fi\/wp-json\/wp\/v2\/posts"}],"about":[{"href":"https:\/\/www.europesays.com\/fi\/wp-json\/wp\/v2\/types\/post"}],"author":[{"embeddable":true,"href":"https:\/\/www.europesays.com\/fi\/wp-json\/wp\/v2\/users\/2"}],"replies":[{"embeddable":true,"href":"https:\/\/www.europesays.com\/fi\/wp-json\/wp\/v2\/comments?post=122816"}],"version-history":[{"count":0,"href":"https:\/\/www.europesays.com\/fi\/wp-json\/wp\/v2\/posts\/122816\/revisions"}],"wp:featuredmedia":[{"embeddable":true,"href":"https:\/\/www.europesays.com\/fi\/wp-json\/wp\/v2\/media\/105168"}],"wp:attachment":[{"href":"https:\/\/www.europesays.com\/fi\/wp-json\/wp\/v2\/media?parent=122816"}],"wp:term":[{"taxonomy":"category","embeddable":true,"href":"https:\/\/www.europesays.com\/fi\/wp-json\/wp\/v2\/categories?post=122816"},{"taxonomy":"post_tag","embeddable":true,"href":"https:\/\/www.europesays.com\/fi\/wp-json\/wp\/v2\/tags?post=122816"}],"curies":[{"name":"wp","href":"https:\/\/api.w.org\/{rel}","templated":true}]}}