{"id":122823,"date":"2025-12-22T04:36:07","date_gmt":"2025-12-22T04:36:07","guid":{"rendered":"https:\/\/www.europesays.com\/fi\/122823\/"},"modified":"2025-12-22T04:36:07","modified_gmt":"2025-12-22T04:36:07","slug":"onlyfans-tahti-lane-v-rogers-31-on-kuollut","status":"publish","type":"post","link":"https:\/\/www.europesays.com\/fi\/122823\/","title":{"rendered":"Onlyfans-t\u00e4hti Lane V Rogers, 31, on kuollut"},"content":{"rendered":"<p>Aikuisviihdet\u00e4hti Lane V Rogers on kuollut 31-vuotiaana onnettomuudessa.<\/p>\n<p><img decoding=\"async\" class=\"image image-show image-preview\" src=\"https:\/\/www.europesays.com\/fi\/wp-content\/uploads\/2025\/12\/c1c2009ae553983209f5b48daa361a500769ef9000d6ad7e750f1db9d223604a.jpg\" alt=\"\"\/><img decoding=\"async\" class=\"image image-show\" src=\"https:\/\/www.europesays.com\/fi\/wp-content\/uploads\/2025\/12\/1766378167_984_c1c2009ae553983209f5b48daa361a500769ef9000d6ad7e750f1db9d223604a.jpg\" alt=\"\"\/><\/p>\n<p>Lane V Rogersin perheenj\u00e4sen ilmoittaa h\u00e4nen kuolemastaan. Kuvituskuva. AOP<\/p>\n<p class=\"paragraph\">Onlyfansist\u00e4 tuttu pornot\u00e4hti <strong>Lane V Rogers<\/strong>, esiintyj\u00e4nimelt\u00e4\u00e4n <strong>Blake Mitchell<\/strong>, on kuollut 31-vuotiaana. Rogersin perheenj\u00e4sen vahvistaa suru-uutisen <a href=\"https:\/\/www.tmz.com\/2025\/12\/17\/onlyfans-lane-v-rogers-killed-motorcycle-accident\/\" target=\"_blank\" rel=\"noopener nofollow\">TMZ<\/a>:lle.<\/p>\n<p class=\"paragraph\">Rogers kuoli moottoripy\u00f6r\u00e4onnettomuudessa maanantaina. Perheenj\u00e4senen mukaan Rogers ajoi moottoripy\u00f6r\u00e4ll\u00e4\u00e4n l\u00e4hell\u00e4 Oxnardia Kaliforniassa hieman ennen kello 16, kun h\u00e4n t\u00f6rm\u00e4si kuorma-autoon.<\/p>\n<p class=\"paragraph\">Mik\u00e4li linkki ei n\u00e4y, voit katsoa kuvan Rogersista <a href=\"https:\/\/www.instagram.com\/p\/DQ9-ef8D0Kg\/?img_index=1\" target=\"_blank\" rel=\"noopener nofollow\">t\u00e4\u00e4lt\u00e4<\/a>.<\/p>\n<p class=\"paragraph\">Rogers todettiin kuolleeksi onnettomuuspaikalla. Rekankuljettaja j\u00e4i onnettomuuspaikalle puhumaan poliisin kanssa. Venturan piirin oikeusl\u00e4\u00e4k\u00e4ri kertoo TMZ:lle, ett\u00e4 Rogers kuoli osuman aiheuttamiin vammoihin.<\/p>\n<p class=\"paragraph\">Viranomaiset tutkivat onnettomuuden aiheuttajaa. Toistaiseksi ei ole tiedossa, oliko alkoholilla tai huumausaineilla mit\u00e4\u00e4n osuutta onnettomuuteen.<\/p>\n<p class=\"paragraph\">Rogers teki viimeisen Instagram-p\u00e4ivityksens\u00e4 noin viikko ennen kuolemaansa. Kyseisen p\u00e4ivityksen videolla Rogers vitsaili siit\u00e4, kuinka h\u00e4n ik\u00e4\u00e4n kuin selitt\u00e4\u00e4 menneelle versiolleen kuluneen viiden vuoden tapahtumista.<\/p>\n<p class=\"paragraph\">\u2013 Tekisin sen uudestaan&#8230; joitakin muutoksia lukuun ottamatta, haha, Rogers totesi kuvatekstiss\u00e4\u00e4n.<\/p>\n<p class=\"paragraph\">Mik\u00e4li linkki ei n\u00e4y, voit katsoa videon <a href=\"https:\/\/www.instagram.com\/reel\/DSId763jxB7\/\" target=\"_blank\" rel=\"noopener nofollow\">t\u00e4\u00e4lt\u00e4<\/a>.<\/p>\n<p class=\"paragraph\">Los Angelesissa asunut Rogers esiintyi Onlyfansiss\u00e4 taiteilijanimell\u00e4 <strong>Blake Mitchell<\/strong>. <a href=\"https:\/\/www.usmagazine.com\/celebrity-news\/news\/onlyfans-star-lane-v-rogers-dead-at-31-after-motorcycle-accident\/\" target=\"_blank\" rel=\"noopener nofollow\">US Magazinen<\/a> mukaan Rogers teki ensimm\u00e4isen webcam-esityksens\u00e4 aikuisviihdealalla vuonna 2014. Lehden mukaan Rogersin ensimm\u00e4iset Onlyfans-videot saivat nopeasti niin suuren suosion, ett\u00e4 ne \u201dkaatoivat verkkosivuston\u201d.<\/p>\n<p class=\"paragraph\">Erottuaan kumppanistaan Rogers p\u00e4\u00e4tyi jatkamaan aikuisviihdeuraansa Onlyfansin puolella.<\/p>\n<p class=\"paragraph\">\u2013 Tunsin yht\u00e4kki\u00e4 tarvetta ty\u00f6skennell\u00e4 mahdollisimman kovasti, tehd\u00e4 ja kokea mahdollisimman paljon sek\u00e4 saavuttaa asioita. Silloin p\u00e4\u00e4tin aloittaa OnlyFansin, Rogers kertoi Back to Your Story -podcastissa vuonna 2023.<\/p>\n<p><script async src=\"\/\/www.instagram.com\/embed.js\"><\/script><\/p>\n","protected":false},"excerpt":{"rendered":"Aikuisviihdet\u00e4hti Lane V Rogers on kuollut 31-vuotiaana onnettomuudessa. Lane V Rogersin perheenj\u00e4sen ilmoittaa h\u00e4nen kuolemastaan. Kuvituskuva. AOP Onlyfansist\u00e4&hellip;\n","protected":false},"author":2,"featured_media":122824,"comment_status":"","ping_status":"","sticky":false,"template":"","format":"standard","meta":{"footnotes":""},"categories":[14],"tags":[35,22,23,26,27,33,31,30,17,24,25,121,990,28,29,15,837,18,21,32,128,19,20,140,56,16,59,60,61],"class_list":{"0":"post-122823","1":"post","2":"type-post","3":"status-publish","4":"format-standard","5":"has-post-thumbnail","7":"category-ulkomaat","8":"tag-24h","9":"tag-breaking-news","10":"tag-breakingnews","11":"tag-featured-news","12":"tag-featurednews","13":"tag-fi","14":"tag-finland","15":"tag-finnish","16":"tag-headlines","17":"tag-latest-news","18":"tag-latestnews","19":"tag-liikenne-ja-kuljetus","20":"tag-liikenneonnettomuudet","21":"tag-main-news","22":"tag-mainnews","23":"tag-news","24":"tag-onnettomuudet","25":"tag-otsikot","26":"tag-paauutiset","27":"tag-suomi","28":"tag-tieliikenne","29":"tag-top-stories","30":"tag-topstories","31":"tag-tv-ja-elokuvat","32":"tag-ulkomaat","33":"tag-uutiset","34":"tag-world","35":"tag-world-news","36":"tag-worldnews"},"share_on_mastodon":{"url":"https:\/\/pubeurope.com\/@fi\/115761367481636193","error":""},"_links":{"self":[{"href":"https:\/\/www.europesays.com\/fi\/wp-json\/wp\/v2\/posts\/122823","targetHints":{"allow":["GET"]}}],"collection":[{"href":"https:\/\/www.europesays.com\/fi\/wp-json\/wp\/v2\/posts"}],"about":[{"href":"https:\/\/www.europesays.com\/fi\/wp-json\/wp\/v2\/types\/post"}],"author":[{"embeddable":true,"href":"https:\/\/www.europesays.com\/fi\/wp-json\/wp\/v2\/users\/2"}],"replies":[{"embeddable":true,"href":"https:\/\/www.europesays.com\/fi\/wp-json\/wp\/v2\/comments?post=122823"}],"version-history":[{"count":0,"href":"https:\/\/www.europesays.com\/fi\/wp-json\/wp\/v2\/posts\/122823\/revisions"}],"wp:featuredmedia":[{"embeddable":true,"href":"https:\/\/www.europesays.com\/fi\/wp-json\/wp\/v2\/media\/122824"}],"wp:attachment":[{"href":"https:\/\/www.europesays.com\/fi\/wp-json\/wp\/v2\/media?parent=122823"}],"wp:term":[{"taxonomy":"category","embeddable":true,"href":"https:\/\/www.europesays.com\/fi\/wp-json\/wp\/v2\/categories?post=122823"},{"taxonomy":"post_tag","embeddable":true,"href":"https:\/\/www.europesays.com\/fi\/wp-json\/wp\/v2\/tags?post=122823"}],"curies":[{"name":"wp","href":"https:\/\/api.w.org\/{rel}","templated":true}]}}