{"id":122825,"date":"2025-12-22T04:37:08","date_gmt":"2025-12-22T04:37:08","guid":{"rendered":"https:\/\/www.europesays.com\/fi\/122825\/"},"modified":"2025-12-22T04:37:08","modified_gmt":"2025-12-22T04:37:08","slug":"cafe-blabar-tarjoaa-kasintehtyja-herkkuja-fiinissa","status":"publish","type":"post","link":"https:\/\/www.europesays.com\/fi\/122825\/","title":{"rendered":"Caf\u00e9 Bl\u00e5b\u00e4r tarjoaa k\u00e4sintehtyj\u00e4 herkkuja Fiiniss\u00e4"},"content":{"rendered":"<p class=\"article-ingress--medium\">Fiinin ravintolaoperaattori Huikoon vastuulla on laaja kokonaisuus, johon kuuluvat kahvila, tilausravintolatoiminta, tilaisuuksien catering sek\u00e4 ruotsinkielisen koulun ja p\u00e4iv\u00e4kodin p\u00e4ivitt\u00e4inen ruokahuolto.<\/p>\n<p><img decoding=\"async\" src=\"https:\/\/www.europesays.com\/fi\/wp-content\/uploads\/2025\/12\/1766378228_216_468.jpg\" alt=\"Ville Juhola on Huikoo Bakeryn konditoriap\u00e4\u00e4llikk\u00f6. H\u00e4n on kehitt\u00e4nyt muun muassa Kulturhuset Fiinin kahvilan, Caf\u00e9 Bl\u00e5b\u00e4rin nimikkoleivoksen.\" class=\"_Img_1rerz_1\" style=\"aspect-ratio:1.5011727912431587\" loading=\"eager\"\/><\/p>\n<p class=\"article-picture-caption\">Ville Juhola on Huikoo Bakeryn konditoriap\u00e4\u00e4llikk\u00f6. H\u00e4n on kehitt\u00e4nyt muun muassa Kulturhuset Fiinin kahvilan, Caf\u00e9 Bl\u00e5b\u00e4rin nimikkoleivoksen. Kuva:\u00a0Hannu Ikonen<\/p>\n<p><a href=\"https:\/\/www.satakunnankansa.fi\/haku\/?query=Tapio+Neva\" rel=\"nofollow noopener\" target=\"_blank\"><\/p>\n<p>Tapio Neva<\/p>\n<p><\/a><\/p>\n<p>6:00<\/p>\n<p class=\"article-body mb-nof-24 px-nof-16\">Pori<\/p>\n<p class=\"article-body mb-nof-24 px-nof-16\">Kulturhuset Fiini avautuu yleis\u00f6lle 7. tammikuuta. Se on kaikille avoin kulttuurikeskus, jossa on muun muassa tapahtumasali sek\u00e4 n\u00e4yttelytiloja. Arjen tasolla kaupunkilaisten kurkistusikkunoina uuteen paikkaan toimivat kahvila ja kirjasto.<\/p>\n<p>KommentoiIlmoita asiavirheest\u00e4KommentoiIlmoita asiavirheest\u00e4<\/p>\n","protected":false},"excerpt":{"rendered":"Fiinin ravintolaoperaattori Huikoon vastuulla on laaja kokonaisuus, johon kuuluvat kahvila, tilausravintolatoiminta, tilaisuuksien catering sek\u00e4 ruotsinkielisen koulun ja p\u00e4iv\u00e4kodin&hellip;\n","protected":false},"author":2,"featured_media":122826,"comment_status":"","ping_status":"","sticky":false,"template":"","format":"standard","meta":{"footnotes":""},"categories":[12],"tags":[22,23,26,27,33,31,30,17,24,25,28,29,15,18,21,80,32,19,20,16],"class_list":{"0":"post-122825","1":"post","2":"type-post","3":"status-publish","4":"format-standard","5":"has-post-thumbnail","7":"category-suomi","8":"tag-breaking-news","9":"tag-breakingnews","10":"tag-featured-news","11":"tag-featurednews","12":"tag-fi","13":"tag-finland","14":"tag-finnish","15":"tag-headlines","16":"tag-latest-news","17":"tag-latestnews","18":"tag-main-news","19":"tag-mainnews","20":"tag-news","21":"tag-otsikot","22":"tag-paauutiset","23":"tag-satakunnan-kansa","24":"tag-suomi","25":"tag-top-stories","26":"tag-topstories","27":"tag-uutiset"},"share_on_mastodon":{"url":"https:\/\/pubeurope.com\/@fi\/115761371490656447","error":""},"_links":{"self":[{"href":"https:\/\/www.europesays.com\/fi\/wp-json\/wp\/v2\/posts\/122825","targetHints":{"allow":["GET"]}}],"collection":[{"href":"https:\/\/www.europesays.com\/fi\/wp-json\/wp\/v2\/posts"}],"about":[{"href":"https:\/\/www.europesays.com\/fi\/wp-json\/wp\/v2\/types\/post"}],"author":[{"embeddable":true,"href":"https:\/\/www.europesays.com\/fi\/wp-json\/wp\/v2\/users\/2"}],"replies":[{"embeddable":true,"href":"https:\/\/www.europesays.com\/fi\/wp-json\/wp\/v2\/comments?post=122825"}],"version-history":[{"count":0,"href":"https:\/\/www.europesays.com\/fi\/wp-json\/wp\/v2\/posts\/122825\/revisions"}],"wp:featuredmedia":[{"embeddable":true,"href":"https:\/\/www.europesays.com\/fi\/wp-json\/wp\/v2\/media\/122826"}],"wp:attachment":[{"href":"https:\/\/www.europesays.com\/fi\/wp-json\/wp\/v2\/media?parent=122825"}],"wp:term":[{"taxonomy":"category","embeddable":true,"href":"https:\/\/www.europesays.com\/fi\/wp-json\/wp\/v2\/categories?post=122825"},{"taxonomy":"post_tag","embeddable":true,"href":"https:\/\/www.europesays.com\/fi\/wp-json\/wp\/v2\/tags?post=122825"}],"curies":[{"name":"wp","href":"https:\/\/api.w.org\/{rel}","templated":true}]}}