{"id":122827,"date":"2025-12-22T04:38:09","date_gmt":"2025-12-22T04:38:09","guid":{"rendered":"https:\/\/www.europesays.com\/fi\/122827\/"},"modified":"2025-12-22T04:38:09","modified_gmt":"2025-12-22T04:38:09","slug":"poistettu-trump-kuva-palautettiin-epstein-aineistoon-hs-fi","status":"publish","type":"post","link":"https:\/\/www.europesays.com\/fi\/122827\/","title":{"rendered":"Poistettu Trump-kuva palautettiin Epstein-aineistoon | HS.fi"},"content":{"rendered":"<p>Yhdysvallat|Oikeus\u00administeri\u00f6 selitti kuvan poistoa varovaisuus\u00adperiaatteella.<\/p>\n<p class=\"article-body mb-nof-24 px-nof-16\">Yhdysvaltojen oikeusministeri\u00f6 on palauttanut presidentti <a class=\"article-personlink\" href=\"https:\/\/www.hs.fi\/haku\/?query=Donald%20Trumpia\" rel=\"nofollow noopener\" target=\"_blank\">Donald Trumpia<\/a> esitt\u00e4v\u00e4n kuvan julkiseen Jeffrey Epstein-aineistoon. Ministeri\u00f6 kertoo asiasta <a class=\"article-genericlink\" href=\"https:\/\/x.com\/TheJusticeDept\/status\/2002837849440428100\" rel=\"nofollow\">X:ss\u00e4<\/a>.<\/p>\n<p class=\"article-body mb-nof-24 px-nof-16\">Yhdysvaltojen oikeusministeri\u00f6 julkisti viime perjantaina suuren m\u00e4\u00e4r\u00e4n asiakirjoja ja valokuvia seksuaalirikoksista tuomittua <a class=\"article-personlink\" href=\"https:\/\/www.hs.fi\/haku\/?query=Jeffrey%20Epsteinia\" rel=\"nofollow noopener\" target=\"_blank\">Jeffrey Epsteinia<\/a> koskevasta tutkintamateriaalista. Lauantaina yhdysvaltalaiset viestimet kuitenkin <a class=\"article-genericlink\" href=\"https:\/\/www.hs.fi\/maailma\/art-2000011707574.html\" rel=\"nofollow noopener\" target=\"_blank\">huomasivat<\/a>, ett\u00e4 aineistosta oli kadonnut toistakymment\u00e4 valokuvaa.<\/p>\n<p class=\"article-body mb-nof-24 px-nof-16\">Yhdess\u00e4 kadonneista kuvista n\u00e4kyi Trump. Kuvan katoaminen julki olevasta aineistosta her\u00e4tti ep\u00e4ilyj\u00e4 peittely-yrityksest\u00e4, varsinkin kun ministeri\u00f6 ei kertonut kuvan poistamisesta eik\u00e4 antanut sille mit\u00e4\u00e4n selityst\u00e4.<\/p>\n<p class=\"article-body mb-nof-24 px-nof-16\">Yhdysvalloissa on muutenkin kummeksuttu sit\u00e4, ett\u00e4 julkisessa aineistossa on paljon mustattuja kohtia, joista on peitetty teksti\u00e4 ja ihmisten kasvoja. Oikeusministeri\u00f6 on perustellut mustaamisia seksuaalirikosten uhrien suojelemisella.<\/p>\n<p class=\"article-body mb-nof-24 px-nof-16\">Sunnuntaina oikeusministeri\u00f6 kertoi palauttaneensa kuvan aineistoon ja my\u00f6s perusteli sen poistamista. Kuva oli ilmoitettu jatkotoimenpiteit\u00e4 varten uhrien suojelemiseksi, ministeri\u00f6 kertoi.<\/p>\n<p class=\"article-body mb-nof-24 px-nof-16\">\u201dVarovaisuusperiaatteen mukaisesti oikeusministeri\u00f6 tilap\u00e4isesti poisti kuvan lis\u00e4tarkastelua varten\u201d, kertoo ministeri\u00f6 X-viestiss\u00e4\u00e4n.<\/p>\n<p class=\"article-body mb-nof-24 px-nof-16\">Tarkastelussa ilmeni ministeri\u00f6n mukaan, ettei kuvassa ole Epsteinin uhreja, mink\u00e4 j\u00e4lkeen kuva palautettiin aineistoon, ministeri\u00f6 kertoo.<\/p>\n<p class=\"article-body mb-nof-24 px-nof-16\"><a class=\"article-genericlink\" href=\"https:\/\/www.justice.gov\/epstein\/files\/DataSet%201\/EFTA00000468.pdf\" rel=\"nofollow noopener\" target=\"_blank\">Kuvassa n\u00e4kyy<\/a> avoinna oleva vetolaatikko, jossa on valokuvia. Yhdess\u00e4 laatikon valokuvista n\u00e4kyy Trump ja ilmeisesti joukko naisia.<\/p>\n","protected":false},"excerpt":{"rendered":"Yhdysvallat|Oikeus\u00administeri\u00f6 selitti kuvan poistoa varovaisuus\u00adperiaatteella. Yhdysvaltojen oikeusministeri\u00f6 on palauttanut presidentti Donald Trumpia esitt\u00e4v\u00e4n kuvan julkiseen Jeffrey Epstein-aineistoon. Ministeri\u00f6&hellip;\n","protected":false},"author":2,"featured_media":122828,"comment_status":"","ping_status":"","sticky":false,"template":"","format":"standard","meta":{"footnotes":""},"categories":[5],"tags":[22,23,26,27,33,31,30,17,46,24,25,28,29,15,18,21,32,19,20,16],"class_list":{"0":"post-122827","1":"post","2":"type-post","3":"status-publish","4":"format-standard","5":"has-post-thumbnail","7":"category-otsikot","8":"tag-breaking-news","9":"tag-breakingnews","10":"tag-featured-news","11":"tag-featurednews","12":"tag-fi","13":"tag-finland","14":"tag-finnish","15":"tag-headlines","16":"tag-helsingin-sanomat","17":"tag-latest-news","18":"tag-latestnews","19":"tag-main-news","20":"tag-mainnews","21":"tag-news","22":"tag-otsikot","23":"tag-paauutiset","24":"tag-suomi","25":"tag-top-stories","26":"tag-topstories","27":"tag-uutiset"},"share_on_mastodon":{"url":"https:\/\/pubeurope.com\/@fi\/115761375008833660","error":""},"_links":{"self":[{"href":"https:\/\/www.europesays.com\/fi\/wp-json\/wp\/v2\/posts\/122827","targetHints":{"allow":["GET"]}}],"collection":[{"href":"https:\/\/www.europesays.com\/fi\/wp-json\/wp\/v2\/posts"}],"about":[{"href":"https:\/\/www.europesays.com\/fi\/wp-json\/wp\/v2\/types\/post"}],"author":[{"embeddable":true,"href":"https:\/\/www.europesays.com\/fi\/wp-json\/wp\/v2\/users\/2"}],"replies":[{"embeddable":true,"href":"https:\/\/www.europesays.com\/fi\/wp-json\/wp\/v2\/comments?post=122827"}],"version-history":[{"count":0,"href":"https:\/\/www.europesays.com\/fi\/wp-json\/wp\/v2\/posts\/122827\/revisions"}],"wp:featuredmedia":[{"embeddable":true,"href":"https:\/\/www.europesays.com\/fi\/wp-json\/wp\/v2\/media\/122828"}],"wp:attachment":[{"href":"https:\/\/www.europesays.com\/fi\/wp-json\/wp\/v2\/media?parent=122827"}],"wp:term":[{"taxonomy":"category","embeddable":true,"href":"https:\/\/www.europesays.com\/fi\/wp-json\/wp\/v2\/categories?post=122827"},{"taxonomy":"post_tag","embeddable":true,"href":"https:\/\/www.europesays.com\/fi\/wp-json\/wp\/v2\/tags?post=122827"}],"curies":[{"name":"wp","href":"https:\/\/api.w.org\/{rel}","templated":true}]}}