{"id":122831,"date":"2025-12-22T04:53:09","date_gmt":"2025-12-22T04:53:09","guid":{"rendered":"https:\/\/www.europesays.com\/fi\/122831\/"},"modified":"2025-12-22T04:53:09","modified_gmt":"2025-12-22T04:53:09","slug":"viisi-kiinnostavaa-tv-ohjelmaa-talle-viikolle","status":"publish","type":"post","link":"https:\/\/www.europesays.com\/fi\/122831\/","title":{"rendered":"Viisi kiinnostavaa tv-ohjelmaa t\u00e4lle viikolle"},"content":{"rendered":"<p>Televisio|Jouluviikolla muun muassa pureudutaan Jane Austenin vaiheisiin, ratkaistaan er\u00e4s murhamysteeri ja kuullaan el\u00e4m\u00e4\u00e4 liikuttaneita klassisen musiikin biisej\u00e4.<\/p>\n<p>Jane Austen \u2013 kirjailijan l\u00e4pimurto, Yle Areena maanantaina 22.12.<\/p>\n<p class=\"article-body mb-nof-24 px-nof-16\">T\u00e4n\u00e4 vuonna tuli kuluneeksi 250 vuotta rakastetun englantilaiskirjailijan <a class=\"article-personlink\" href=\"https:\/\/www.hs.fi\/haku\/?query=Jane%20Austenin\" rel=\"nofollow noopener\" target=\"_blank\">Jane Austenin <\/a>syntym\u00e4st\u00e4. Kolmiosaisessa dokumenttisarjassa h\u00e4nen el\u00e4m\u00e4ns\u00e4 vaiheita kertaavat muun muassa kirjailijat <a class=\"article-personlink\" href=\"https:\/\/www.hs.fi\/haku\/?query=Kate%20Atkinson\" rel=\"nofollow noopener\" target=\"_blank\">Kate Atkinson <\/a>ja <a class=\"article-personlink\" href=\"https:\/\/www.hs.fi\/haku\/?query=Helen%20Fielding\" rel=\"nofollow noopener\" target=\"_blank\">Helen Fielding<\/a>, n\u00e4yttelij\u00e4t <a class=\"article-personlink\" href=\"https:\/\/www.hs.fi\/haku\/?query=Tom%20Bennett\" rel=\"nofollow noopener\" target=\"_blank\">Tom Bennett <\/a>ja <a class=\"article-personlink\" href=\"https:\/\/www.hs.fi\/haku\/?query=Samuel%20West\" rel=\"nofollow noopener\" target=\"_blank\">Samuel West<\/a> sek\u00e4 joukko Austenia tutkineita akateemikkoja. \u201dJopa kirjailija itse olisi ollut tyytyv\u00e4inen t\u00e4h\u00e4n henkil\u00f6kuvaan\u201d, totesi arviossaan The Guardian -lehden <a class=\"article-personlink\" href=\"https:\/\/www.hs.fi\/haku\/?query=Lucy%20Mangan\" rel=\"nofollow noopener\" target=\"_blank\">Lucy Mangan <\/a>ja antoi Jane Austen: Rise of a Genius -ohjelmalle t\u00e4ydet viisi t\u00e4hte\u00e4.<\/p>\n","protected":false},"excerpt":{"rendered":"Televisio|Jouluviikolla muun muassa pureudutaan Jane Austenin vaiheisiin, ratkaistaan er\u00e4s murhamysteeri ja kuullaan el\u00e4m\u00e4\u00e4 liikuttaneita klassisen musiikin biisej\u00e4. Jane&hellip;\n","protected":false},"author":2,"featured_media":122832,"comment_status":"","ping_status":"","sticky":false,"template":"","format":"standard","meta":{"footnotes":""},"categories":[133],"tags":[137,33,31,30,46,32,206,156,109],"class_list":{"0":"post-122831","1":"post","2":"type-post","3":"status-publish","4":"format-standard","5":"has-post-thumbnail","7":"category-televisiot","8":"tag-entertainment","9":"tag-fi","10":"tag-finland","11":"tag-finnish","12":"tag-helsingin-sanomat","13":"tag-suomi","14":"tag-televisiot","15":"tag-tv","16":"tag-viihde"},"share_on_mastodon":{"url":"https:\/\/pubeurope.com\/@fi\/115761433916373849","error":""},"_links":{"self":[{"href":"https:\/\/www.europesays.com\/fi\/wp-json\/wp\/v2\/posts\/122831","targetHints":{"allow":["GET"]}}],"collection":[{"href":"https:\/\/www.europesays.com\/fi\/wp-json\/wp\/v2\/posts"}],"about":[{"href":"https:\/\/www.europesays.com\/fi\/wp-json\/wp\/v2\/types\/post"}],"author":[{"embeddable":true,"href":"https:\/\/www.europesays.com\/fi\/wp-json\/wp\/v2\/users\/2"}],"replies":[{"embeddable":true,"href":"https:\/\/www.europesays.com\/fi\/wp-json\/wp\/v2\/comments?post=122831"}],"version-history":[{"count":0,"href":"https:\/\/www.europesays.com\/fi\/wp-json\/wp\/v2\/posts\/122831\/revisions"}],"wp:featuredmedia":[{"embeddable":true,"href":"https:\/\/www.europesays.com\/fi\/wp-json\/wp\/v2\/media\/122832"}],"wp:attachment":[{"href":"https:\/\/www.europesays.com\/fi\/wp-json\/wp\/v2\/media?parent=122831"}],"wp:term":[{"taxonomy":"category","embeddable":true,"href":"https:\/\/www.europesays.com\/fi\/wp-json\/wp\/v2\/categories?post=122831"},{"taxonomy":"post_tag","embeddable":true,"href":"https:\/\/www.europesays.com\/fi\/wp-json\/wp\/v2\/tags?post=122831"}],"curies":[{"name":"wp","href":"https:\/\/api.w.org\/{rel}","templated":true}]}}