{"id":122839,"date":"2025-12-22T04:58:09","date_gmt":"2025-12-22T04:58:09","guid":{"rendered":"https:\/\/www.europesays.com\/fi\/122839\/"},"modified":"2025-12-22T04:58:09","modified_gmt":"2025-12-22T04:58:09","slug":"aki-ja-heli-palsanmaki-viettavat-suomalaisen-joulun-espanjan-aurinkorannikolla","status":"publish","type":"post","link":"https:\/\/www.europesays.com\/fi\/122839\/","title":{"rendered":"Aki ja Heli Palsanm\u00e4ki viett\u00e4v\u00e4t suomalaisen joulun Espanjan Aurinkorannikolla"},"content":{"rendered":"<p>\n            11 2025, EspanjaHeli ja Aki Palsanm\u00e4ki.Seiska\/Jari peltom\u00e4ki<br \/>\n            JARI PELTOM\u00c4KI\n        <\/p>\n<p class=\"subtitle \">Palsanm\u00e4et nauttivat jouluna auringon l\u00e4mm\u00f6st\u00e4 terveyshuolien varjostaman vuoden j\u00e4lkeen.<\/p>\n<p class=\"article-content article-content-width !bg-background\">Suomen huutokauppakeisari -ohjelmasta tutut tv-suosikit  ja  viett\u00e4v\u00e4t t\u00e4n\u00e4 vuonna joulun talvikodissaan Espanjan Aurinkorannikolla. <\/p>\n<p class=\"article-content article-content-width !bg-background\">Helin ja Akin joulu Aurinkorannikolla on suomalaiss\u00e4vytteinen. Muovinen, kookas joulukuusi on jo koristeltu ja seisoo huutokauppat\u00e4htien Espanjan-kodin olohuoneessa.<\/p>\n<p class=\"article-content article-content-width !bg-background\">Palsanm\u00e4et toivat joulukinkun kotoa.<\/p>\n<p class=\"article-content article-content-width !bg-background\">\u2013 Suomalainen 3,5 kilon kinkku lensi ruumalaukussa mukanamme, kylm\u00e4kalleilla suojattuna ja Keskisuomalaiseen k\u00e4\u00e4rittyn\u00e4. Hyvin kesti eik\u00e4 sulanut, Aki nauraa Seiskan haastattelussa.\u00a0<\/p>\n<p class=\"article-content article-content-width !bg-background\">\u2013 Laatikot tehd\u00e4\u00e4n itse. Paikalliselta suomalaiselta savustajalta tilasin savukalkkunaa, lohi haetaan espanjalaisesta marketista, Heli listaa.<\/p>\n<p>        <a itemprop=\"url\" href=\"https:\/\/www.seiska.fi\/katso\/aki-ja-heli-palsanmaen-romanttinen-hetki-tallentui-kameralle\/1974687\" rel=\"nofollow noopener\" target=\"_blank\"><\/p>\n<p>\nAki ja Heli Palsanm\u00e4ki\n<\/p>\n<p class=\"section-date\">\n        <strong class=\"article-section\" data-section=\"katso\"><br \/>\n            katso<br \/>\n        <\/strong><br \/>\n        28.10. 06:15\n    <\/p>\n<p>Aki ja Heli Palsanm\u00e4en romanttinen hetki tallentui kameralle\n    <\/p>\n<p itemprop=\"description\" class=\"subtitle \">\n    Suomen huutokauppakeisari heitt\u00e4ytyi lemmekk\u00e4\u00e4ksi.\n<\/p>\n<p>        <\/a><\/p>\n<p>Karkkia vain jouluna<\/p>\n<p class=\"article-content article-content-width !bg-background\">Molemmat toivat Espanjaan my\u00f6s yhdet suklaakonvehtirasiat: Heli tykk\u00e4\u00e4 Pandasta, Aki Fazerista.<\/p>\n<p class=\"article-content article-content-width !bg-background\">\u2013 Ja jos p\u00e4\u00e4sen Helin rasialle, niin k\u00e4yn ananaksen ja mintun nappaamassa, Aki hersyy.<\/p>\n<p class=\"article-content article-content-width !bg-background\">\u2013 El\u00e4n karamellitonta el\u00e4m\u00e4\u00e4, mutta kolmena jouluna olen antanut itselleni luvan sy\u00f6d\u00e4 makeisia ja konvehteja.<\/p>\n<p class=\"article-content article-content-width !bg-background\">Joulup\u00e4iv\u00e4\u00e4n kuuluvat tortut, jotka Heli leipoo.<\/p>\n<p class=\"article-content article-content-width !bg-background\">\u2013 Ja perinteinen luumut\u00e4yte, ei mit\u00e4\u00e4n vihreit\u00e4 kuulia, Aki alleviivaa.<\/p>\n<p>                <img decoding=\"async\" src=\"https:\/\/www.europesays.com\/fi\/wp-content\/uploads\/2025\/12\/1997725.webp\" width=\"576\" height=\"639\" title=\"Heli ja Aki koristelevat takapihan mandariinipuuta. \u2013 Vai pit\u00e4isik\u00f6 palmuun kiinnitt\u00e4\u00e4 latvat\u00e4hti, he nauravat.\" alt=\"Aki ja Heli Palsanm\u00e4ki Espanjassa marraskuussa 2025.\" loading=\"lazy\" \/>            <\/p>\n<p>\n            Heli ja Aki koristelevat takapihan mandariinipuuta. \u2013 Vai pit\u00e4isik\u00f6 palmuun kiinnitt\u00e4\u00e4 latvat\u00e4hti, he nauravat.<br \/>\n            JARI PELTOM\u00c4KI\n        <\/p>\n<p>Eksoottisia ruokael\u00e4myksi\u00e4<\/p>\n<p class=\"article-content article-content-width !bg-background\">Palsanm\u00e4et sy\u00f6v\u00e4t Espanjan Aurinkorannikolla enimm\u00e4kseen kotona Helin tekem\u00e4\u00e4 ja Akin vuolaasti kehumaa maukasta kotiruokaa, mutta parina p\u00e4iv\u00e4n\u00e4 viikossa he k\u00e4yv\u00e4t ulkona aterioimassa.<\/p>\n<p class=\"article-content article-content-width !bg-background\">\u2013\u00a0Seudun Suomi-ravintolat ehdit\u00e4\u00e4n k\u00e4yd\u00e4 talven aikana l\u00e4pi, mutta menemme my\u00f6s ulkomaisiin ravintoloihin, kansallisuuksiin katsomatta. Heli katsoo \u00e4lylaitteestaan hyvi\u00e4 arvosteluja saaneita paikkoja, joihin sitten menn\u00e4\u00e4n rohkeasti.<\/p>\n<p class=\"article-content article-content-width !bg-background\">Aki oli vastik\u00e4\u00e4n nauttinut oikein tonnikalapihvin.<\/p>\n<p class=\"article-content article-content-width !bg-background\">\u2013 T\u00e4llaisena vannoutuneena purkkitonnikalan sy\u00f6j\u00e4n\u00e4 se olikin yll\u00e4tt\u00e4v\u00e4n hyv\u00e4\u00e4.<\/p>\n<p>        <a itemprop=\"url\" href=\"https:\/\/www.seiska.fi\/kotimaa\/heli-palsanmaki-jyrahtaa-arasta-aiheesta\/1974594\" rel=\"nofollow noopener\" target=\"_blank\"><\/p>\n<p>\nHeli Palsanm\u00e4ki\n<\/p>\n<p class=\"section-date\">\n        <strong class=\"article-section\" data-section=\"kotimaa\"><br \/>\n            kotimaa<br \/>\n        <\/strong><br \/>\n        27.10. 16:30\n    <\/p>\n<p>Heli Palsanm\u00e4ki jyr\u00e4ht\u00e4\u00e4 arasta aiheesta\n    <\/p>\n<p itemprop=\"description\" class=\"subtitle \">\n    Suomen huutokauppakeisarista tuttu Heli jyr\u00e4ht\u00e4\u00e4 monille tutusta arasta aiheesta.\n<\/p>\n<p>        <\/a><\/p>\n<p>                <img decoding=\"async\" src=\"https:\/\/www.europesays.com\/fi\/wp-content\/uploads\/2025\/12\/1997226.webp\" width=\"576\" height=\"639\" title=\"Aki ja Heli Palsanm\u00e4ki viett\u00e4v\u00e4t joulun Espanjan-talvikodissaan Aurinkorannikolla. N\u00e4ytt\u00e4v\u00e4, muovinen kuusi koristeltiin jo marraskuun puolella. \u2013 Yksi lahja molemmille, se riitt\u00e4\u00e4, he paaluttavat.\" alt=\"Aki ja Heli Palsanm\u00e4ki poseeraavat Seiskalle marraskuussa 2025.\" loading=\"lazy\" \/>            <\/p>\n<p>\n            Aki ja Heli Palsanm\u00e4ki viett\u00e4v\u00e4t joulun Espanjan-talvikodissaan Aurinkorannikolla. N\u00e4ytt\u00e4v\u00e4, muovinen kuusi koristeltiin jo marraskuun puolella. \u2013 Yksi lahja molemmille, se riitt\u00e4\u00e4, he paaluttavat.<br \/>\n            JARI PELTOM\u00c4KI\n        <\/p>\n<p>Hengess\u00e4 mukana haudoilla<\/p>\n<p class=\"article-content article-content-width !bg-background\">Palsanm\u00e4et toteavat, ett\u00e4 ovat jo vuosia suunnitelleet, ett\u00e4 joululahjoja ei en\u00e4\u00e4 osteta.<\/p>\n<p class=\"article-content article-content-width !bg-background\">\u2013 Kun kumpikaan meist\u00e4 ei mit\u00e4\u00e4n tarvitse, Heli virnist\u00e4\u00e4.<\/p>\n<p class=\"article-content article-content-width !bg-background\">\u2013 Mutta ei olla pystytty. Kyll\u00e4 yksi lahja pit\u00e4\u00e4 jouluna saada, ja se on nyt sovittu.<\/p>\n<p class=\"article-content article-content-width !bg-background\">He viett\u00e4v\u00e4t t\u00e4n\u00e4 vuonna joulun kahdestaan.<\/p>\n<p class=\"article-content article-content-width !bg-background\">\u2013\u00a0Katsotaan tv:st\u00e4 ensin\u00a0Lumiukko\u00a0ja sitten joulurauhan julistus. Suomessa k\u00e4vimme aina viem\u00e4ss\u00e4 haudoille kynttil\u00e4t, nyt olemme laittaneet yst\u00e4v\u00e4t hoitamaan sen. He ottavat kuvia ja saamme sit\u00e4 kautta olla ik\u00e4\u00e4n kuin mukana muistamassa.<\/p>\n<p>        <a itemprop=\"url\" href=\"https:\/\/www.seiska.fi\/kotimaa\/heli-palsanmaelta-ulostulo-parisuhteesta\/1967030\" rel=\"nofollow noopener\" target=\"_blank\"><\/p>\n<p>\nHeli Palsanm\u00e4ki\n<\/p>\n<p class=\"section-date\">\n        <strong class=\"article-section\" data-section=\"kotimaa\"><br \/>\n            kotimaa<br \/>\n        <\/strong><br \/>\n        20.10. 10:31\n    <\/p>\n<p>Heli Palsanm\u00e4elt\u00e4 ulostulo parisuhteesta\n    <\/p>\n<p itemprop=\"description\" class=\"subtitle \">\n    Ensikohtaaminen j\u00e4nnitti. 20 vuotta my\u00f6hemmin ei en\u00e4\u00e4 j\u00e4nnit\u00e4, vaan toiveissa on toiset mokomat lis\u00e4\u00e4.\n<\/p>\n<p>        <\/a><\/p>\n","protected":false},"excerpt":{"rendered":"11 2025, EspanjaHeli ja Aki Palsanm\u00e4ki.Seiska\/Jari peltom\u00e4ki JARI PELTOM\u00c4KI Palsanm\u00e4et nauttivat jouluna auringon l\u00e4mm\u00f6st\u00e4 terveyshuolien varjostaman vuoden j\u00e4lkeen.&hellip;\n","protected":false},"author":2,"featured_media":122840,"comment_status":"","ping_status":"","sticky":false,"template":"","format":"standard","meta":{"footnotes":""},"categories":[130],"tags":[9516,137,21761,33,31,30,9515,5856,6612,32,109],"class_list":{"0":"post-122839","1":"post","2":"type-post","3":"status-publish","4":"format-standard","5":"has-post-thumbnail","7":"category-viihde","8":"tag-aki-palsanmaki","9":"tag-entertainment","10":"tag-espanjan-aurinkorannikko","11":"tag-fi","12":"tag-finland","13":"tag-finnish","14":"tag-heli-palsanmaki","15":"tag-joulu","16":"tag-suomen-huutokauppakeisari","17":"tag-suomi","18":"tag-viihde"},"share_on_mastodon":{"url":"https:\/\/pubeurope.com\/@fi\/115761453710072633","error":""},"_links":{"self":[{"href":"https:\/\/www.europesays.com\/fi\/wp-json\/wp\/v2\/posts\/122839","targetHints":{"allow":["GET"]}}],"collection":[{"href":"https:\/\/www.europesays.com\/fi\/wp-json\/wp\/v2\/posts"}],"about":[{"href":"https:\/\/www.europesays.com\/fi\/wp-json\/wp\/v2\/types\/post"}],"author":[{"embeddable":true,"href":"https:\/\/www.europesays.com\/fi\/wp-json\/wp\/v2\/users\/2"}],"replies":[{"embeddable":true,"href":"https:\/\/www.europesays.com\/fi\/wp-json\/wp\/v2\/comments?post=122839"}],"version-history":[{"count":0,"href":"https:\/\/www.europesays.com\/fi\/wp-json\/wp\/v2\/posts\/122839\/revisions"}],"wp:featuredmedia":[{"embeddable":true,"href":"https:\/\/www.europesays.com\/fi\/wp-json\/wp\/v2\/media\/122840"}],"wp:attachment":[{"href":"https:\/\/www.europesays.com\/fi\/wp-json\/wp\/v2\/media?parent=122839"}],"wp:term":[{"taxonomy":"category","embeddable":true,"href":"https:\/\/www.europesays.com\/fi\/wp-json\/wp\/v2\/categories?post=122839"},{"taxonomy":"post_tag","embeddable":true,"href":"https:\/\/www.europesays.com\/fi\/wp-json\/wp\/v2\/tags?post=122839"}],"curies":[{"name":"wp","href":"https:\/\/api.w.org\/{rel}","templated":true}]}}