{"id":122843,"date":"2025-12-22T05:02:08","date_gmt":"2025-12-22T05:02:08","guid":{"rendered":"https:\/\/www.europesays.com\/fi\/122843\/"},"modified":"2025-12-22T05:02:08","modified_gmt":"2025-12-22T05:02:08","slug":"trump-nimitti-louisianan-kuvernoorin-gronlannin-erityislahettilaaksi-uutisia-lyhyesti","status":"publish","type":"post","link":"https:\/\/www.europesays.com\/fi\/122843\/","title":{"rendered":"Trump nimitti Louisianan kuvern\u00f6\u00f6rin Gr\u00f6nlannin-erityisl\u00e4hettil\u00e4\u00e4ksi | Uutisia lyhyesti"},"content":{"rendered":"<p class=\"aw-1gybjub aw-5vja16 kEtdKx kmuxyA yle__article__paragraph\">Trump on kaavaillut toisen kautensa aikana Tanskalle kuuluvan Gr\u00f6nlannin liitt\u00e4mist\u00e4 Yhdysvaltoihin.<\/p>\n<p><img decoding=\"async\" alt=\"Louisianan kuvern\u00f6\u00f6ri Jeff Landry puhuu presidentti Donald Trumpin n\u00e4kyess\u00e4 taustalla.\" src=\"https:\/\/www.europesays.com\/fi\/wp-content\/uploads\/2025\/12\/39-15732786948b9c11cbe5.jpeg\" class=\"aw-1l9m598 hKVVvP\"\/><\/p>\n<p>Avaa kuvien katselu<\/p>\n<p>Trumpin tukijana tunnettu Jeff Laundry on toiminut Louisianan kuvern\u00f6\u00f6rin\u00e4 tammikuusta 2024. Kuva: Samuel Corum \/ EPA<\/p>\n<p class=\"aw-1gybjub aw-1p7kakr kEtdKx cEmitX yle__article__paragraph\">Yhdysvaltain presidentti <strong class=\"aw-ak79eh KyCXm yle__article__strong\">Donald Trump<\/strong> kertoo nimitt\u00e4v\u00e4ns\u00e4 Louisianan republikaanikuvern\u00f6\u00f6ri <strong class=\"aw-ak79eh KyCXm yle__article__strong\">Jeff Landryn<\/strong> Yhdysvaltain Gr\u00f6nlannin-erityisl\u00e4hettil\u00e4\u00e4ksi.<\/p>\n<p class=\"aw-1gybjub aw-1p7kakr kEtdKx cEmitX yle__article__paragraph\">\u2013\u00a0Jeff ymm\u00e4rt\u00e4\u00e4, kuinka oleellinen Gr\u00f6nlanti on kansalliselle turvallisuudelle, Trump kirjoitti <a class=\"aw-iao6s4 iHOxEa yle__article__link\" href=\"https:\/\/truthsocial.com\/@realDonaldTrump\/115760829286615399\" role=\"link\" rel=\"nofollow noopener\" target=\"_blank\">Truth Social -sivustollaan<\/a>.<\/p>\n<p class=\"aw-1gybjub aw-1p7kakr kEtdKx cEmitX yle__article__paragraph\">Trumpin ilmoituksen j\u00e4lkeen ei ollut heti tiedossa, toimisiko Landry erityisl\u00e4hettil\u00e4\u00e4n\u00e4 kuvern\u00f6\u00f6ripestins\u00e4 ohessa vai eroaisiko h\u00e4n teht\u00e4v\u00e4st\u00e4\u00e4n. Landryn kuvern\u00f6\u00f6rikautta on j\u00e4ljell\u00e4 viel\u00e4 noin kaksi vuotta.<\/p>\n<p class=\"aw-1gybjub aw-1p7kakr kEtdKx cEmitX yle__article__paragraph\">Trump on kaavaillut toisen presidenttikautensa aikana Tanskalle kuuluvan Gr\u00f6nlannin liitt\u00e4mist\u00e4 Yhdysvaltoihin.<\/p>\n","protected":false},"excerpt":{"rendered":"Trump on kaavaillut toisen kautensa aikana Tanskalle kuuluvan Gr\u00f6nlannin liitt\u00e4mist\u00e4 Yhdysvaltoihin. Avaa kuvien katselu Trumpin tukijana tunnettu Jeff&hellip;\n","protected":false},"author":2,"featured_media":122844,"comment_status":"","ping_status":"","sticky":false,"template":"","format":"standard","meta":{"footnotes":""},"categories":[14],"tags":[22,23,585,26,27,33,31,30,4538,17,22039,24,25,28,29,15,18,21,32,19,20,56,16,59,60,61,619],"class_list":{"0":"post-122843","1":"post","2":"type-post","3":"status-publish","4":"format-standard","5":"has-post-thumbnail","7":"category-ulkomaat","8":"tag-breaking-news","9":"tag-breakingnews","10":"tag-donald-trump","11":"tag-featured-news","12":"tag-featurednews","13":"tag-fi","14":"tag-finland","15":"tag-finnish","16":"tag-gronlanti","17":"tag-headlines","18":"tag-jeff-landry","19":"tag-latest-news","20":"tag-latestnews","21":"tag-main-news","22":"tag-mainnews","23":"tag-news","24":"tag-otsikot","25":"tag-paauutiset","26":"tag-suomi","27":"tag-top-stories","28":"tag-topstories","29":"tag-ulkomaat","30":"tag-uutiset","31":"tag-world","32":"tag-world-news","33":"tag-worldnews","34":"tag-yhdysvallat"},"share_on_mastodon":{"url":"https:\/\/pubeurope.com\/@fi\/115761469751728140","error":""},"_links":{"self":[{"href":"https:\/\/www.europesays.com\/fi\/wp-json\/wp\/v2\/posts\/122843","targetHints":{"allow":["GET"]}}],"collection":[{"href":"https:\/\/www.europesays.com\/fi\/wp-json\/wp\/v2\/posts"}],"about":[{"href":"https:\/\/www.europesays.com\/fi\/wp-json\/wp\/v2\/types\/post"}],"author":[{"embeddable":true,"href":"https:\/\/www.europesays.com\/fi\/wp-json\/wp\/v2\/users\/2"}],"replies":[{"embeddable":true,"href":"https:\/\/www.europesays.com\/fi\/wp-json\/wp\/v2\/comments?post=122843"}],"version-history":[{"count":0,"href":"https:\/\/www.europesays.com\/fi\/wp-json\/wp\/v2\/posts\/122843\/revisions"}],"wp:featuredmedia":[{"embeddable":true,"href":"https:\/\/www.europesays.com\/fi\/wp-json\/wp\/v2\/media\/122844"}],"wp:attachment":[{"href":"https:\/\/www.europesays.com\/fi\/wp-json\/wp\/v2\/media?parent=122843"}],"wp:term":[{"taxonomy":"category","embeddable":true,"href":"https:\/\/www.europesays.com\/fi\/wp-json\/wp\/v2\/categories?post=122843"},{"taxonomy":"post_tag","embeddable":true,"href":"https:\/\/www.europesays.com\/fi\/wp-json\/wp\/v2\/tags?post=122843"}],"curies":[{"name":"wp","href":"https:\/\/api.w.org\/{rel}","templated":true}]}}