{"id":122845,"date":"2025-12-22T05:03:09","date_gmt":"2025-12-22T05:03:09","guid":{"rendered":"https:\/\/www.europesays.com\/fi\/122845\/"},"modified":"2025-12-22T05:03:09","modified_gmt":"2025-12-22T05:03:09","slug":"stubbilla-hurja-vuosi-yllattava-tieto-kuluista","status":"publish","type":"post","link":"https:\/\/www.europesays.com\/fi\/122845\/","title":{"rendered":"Stubbilla hurja vuosi \u2013 Yll\u00e4tt\u00e4v\u00e4 tieto kuluista"},"content":{"rendered":"<p>Tasavallan presidentin kanslia on k\u00e4ytt\u00e4nyt vierailuihin ja kokousmatkoihin t\u00e4n\u00e4 vuonna yli miljoona euroa. Summa j\u00e4\u00e4 kuitenkin selv\u00e4sti alle budjetin.<\/p>\n<p><img decoding=\"async\" class=\"image image-show image-preview\" src=\"https:\/\/www.europesays.com\/fi\/wp-content\/uploads\/2025\/12\/a545ed76a758d30ad088a87df8d6d4f51e84ffdc4771d294d7c972fd527c6e7f.jpg\" alt=\"\"\/><img decoding=\"async\" class=\"image image-show\" src=\"https:\/\/www.europesays.com\/fi\/wp-content\/uploads\/2025\/12\/1766379789_472_a545ed76a758d30ad088a87df8d6d4f51e84ffdc4771d294d7c972fd527c6e7f.jpg\" alt=\"\"\/><\/p>\n<p>Tasavallan presidentti Alexander Stubb vieraili joulukuussa puolisonsa kanssa Alankomaissa. Elle Laitila<\/p>\n<p class=\"paragraph\">Suuri n\u00e4kyvyys maailmalla vaatii rankkaa reissaamista, ja se n\u00e4kyy my\u00f6s tasavallan presidentti <a href=\"https:\/\/www.iltalehti.fi\/henkilot\/Alexander Stubb\" class=\"article-link-person-page\" rel=\"nofollow noopener\" target=\"_blank\">Alexander Stubbin<\/a> t\u00e4n\u00e4 vuonna matkoihin k\u00e4ytt\u00e4m\u00e4st\u00e4 summasta.<\/p>\n<p class=\"paragraph\">Tasavallan presidentin kansliasta (TPK) kerrotaan Iltalehdelle s\u00e4hk\u00f6postitse, ett\u00e4 presidentti ja h\u00e4nen delegaationsa vierailuihin ja kokousmatkoihin oli 9. joulukuuta menness\u00e4 k\u00e4ytetty t\u00e4n\u00e4 vuonna yhteens\u00e4 1\u00a0608\u00a0020,41 euroa.<\/p>\n<p class=\"paragraph\">Vaikka summa voi vaikuttaa suurelta, se on kuitenkin l\u00e4hes miljoona euroa alle TPK:n vuosittaisen 2,55 miljoonan euron vierailu- ja matkabudjetin. Summasta puuttuvien Alankomaiden valtiovierailun ja Saksan Ukraina-kokouksen kulujenkin j\u00e4lkeen l\u00f6ys\u00e4\u00e4 j\u00e4i siis viime vuoden tapaan reilusti.<\/p>\n<p class=\"paragraph\">TPK:n mukaan presidentin matkaj\u00e4rjestelyiss\u00e4 huomioidaan aina tarkoituksenmukaisuus sek\u00e4 kustannukset. Stubb ei ole esimerkiksi matkustanut kertaakaan presidenttiytens\u00e4 aikana tilauslennoilla.<\/p>\n<p class=\"paragraph\">\u2013 Lentomatkoilla k\u00e4ytet\u00e4\u00e4n p\u00e4\u00e4asiassa kaupallisia yhteyksi\u00e4 eik\u00e4 tasavallan presidentti ole k\u00e4ytt\u00e4nyt charter-lentoja kautensa aikana. My\u00f6s kaikissa muissa matkustukseen liittyviss\u00e4 valinnoissa pyrit\u00e4\u00e4n kustannustehokkuuteen, kanslia kertoo s\u00e4hk\u00f6postivastauksessaan.<\/p>\n<p class=\"paragraph\">Lentoihin on uponnut t\u00e4n\u00e4 vuonna leijonanosa aiemmin mainituista kuluista eli yhteens\u00e4 1\u00a0331\u00a0512,17 euroa.<\/p>\n<p>Stubb on vieraillut t\u00e4n\u00e4 vuonna useasti my\u00f6s Euroopan ulkopuolisissa maissa. Kuvassa Stubb yhdess\u00e4 Kazakstanin presidentin Kasym-\u017domart Tokajevin kanssa lokakuussa.  Emmi Syrj\u00e4niemi \/ Tasavallan presidentin kanslia<\/p>\n<p>Pitki\u00e4 lentoja<\/p>\n<p class=\"paragraph\">Selv\u00e4sti ylij\u00e4\u00e4m\u00e4iseksi j\u00e4\u00e4v\u00e4 budjetti on saavutus my\u00f6s, kun otetaan huomioon Stubbin ulkomaanmatkojen m\u00e4\u00e4r\u00e4 t\u00e4n\u00e4 vuonna.<\/p>\n<p class=\"paragraph\">Ennen 9. joulukuuta presidentti oli ehtinyt tehd\u00e4 <a href=\"https:\/\/www.iltalehti.fi\/ulkomaat\/6cda0d13-53a3-462c-918c-c2ce078f5d3d\" rel=\"nofollow noopener\" target=\"_blank\">yhteens\u00e4 30 ulkomaanmatkaa<\/a>, joista 40 prosenttia suuntautui Euroopan ulkopuolisiin maihin. Stubb vieraili Pohjois- ja Etel\u00e4-Amerikassa yhteens\u00e4 viisi kertaa, Aasiassa nelj\u00e4 ja Afrikassa kolme.<\/p>\n<p class=\"paragraph\">Osa Stubbin matkoista toteutettiin luonnollisesti ulkomaiden johtajien virallisesta kutsusta. Muut matkakohteet valikoituivat TPK:n mukaan monen tekij\u00e4n summasta.<\/p>\n<p class=\"paragraph\">\u2013 Presidentti pyrkii ulkomaanvierailuillaan edist\u00e4m\u00e4\u00e4n Suomen ulko- ja turvallisuuspoliittisia ja kaupallistaloudellisia intressej\u00e4 sek\u00e4 kansainv\u00e4lisen aseman vahvistamista aktiivisella yhteydenpidolla ja vaikuttamisella vastinpareihin.<\/p>\n<p class=\"paragraph\">Stubb on saanut joistakin vierailukohteistaan t\u00e4n\u00e4 vuonna my\u00f6s kritiikki\u00e4. Esimerkiksi lokakuussa Kazakstaniin suuntautunutta matkaa <a href=\"https:\/\/yle.fi\/a\/74-20189883\" target=\"_blank\" rel=\"noopener nofollow\">ruodittiin Ylell\u00e4<\/a> siit\u00e4, ett\u00e4 presidentti vei elinkeinoel\u00e4m\u00e4n edustajia maahan, joka polkee ihmisoikeuksia.<\/p>\n<p class=\"paragraph\">Stubb vastasi Kazakstanissa <a href=\"https:\/\/www.iltalehti.fi\/ulkomaat\/201f6910-a673-49ea-8646-2fdb329f605f\" rel=\"nofollow noopener\" target=\"_blank\">Iltalehden haastattelussa<\/a>, ett\u00e4 kahdenv\u00e4lisiss\u00e4 keskusteluissa voi tuoda esiin vaikeitakin kysymyksi\u00e4. My\u00f6s TPK painotti s\u00e4hk\u00f6postivastauksessaan samaa linjaa, jota presidentti on noudattanut.<\/p>\n<p class=\"paragraph\">\u2013 On t\u00e4rke\u00e4\u00e4, ett\u00e4 diplomaattisia suhteita rakennetaan ja syvennet\u00e4\u00e4n korkealla poliittisella tasolla my\u00f6s sellaisten valtioiden kanssa, jotka eiv\u00e4t perinteisesti ole Suomen l\u00e4heisimpi\u00e4 kumppaneita tai samanmielisi\u00e4 maita.<\/p>\n<p>Stubb vieraili syyskuussa Latviassa ja ehti my\u00f6s koripallon EM-kisojen katsomoon. Stubb tunnetaan itsekin aktiivisena urheilijana. Kuvassa Stubbin kanssa Latvian presidentti Edgars Rink\u0113vi\u010ds. Jussi Saarinen<\/p>\n<p>N\u00e4in Stubb palautuu<\/p>\n<p class=\"paragraph\">Kuten Iltalehden selvityksess\u00e4 k\u00e4vi ilmi, Stubb on tehnyt presidentin virassa valtavan m\u00e4\u00e4r\u00e4n ulkomaanmatkoja edelt\u00e4jiins\u00e4 verrattuna. Presidentin matkatahti on mukaillut jopa suurten Euroopan maiden, kuten Ranskan ja Italian valtionjohtajien matkojen m\u00e4\u00e4r\u00e4\u00e4.<\/p>\n<p class=\"paragraph\">Kuten Iltalehdelle aiemmin Stubbin matkojen m\u00e4\u00e4r\u00e4\u00e4 kommentoinut Helsingin yliopiston maailmanpolitiikan professori <a href=\"https:\/\/www.iltalehti.fi\/henkilot\/Teivo Teivainen\" class=\"article-link-person-page\" rel=\"nofollow noopener\" target=\"_blank\">Teivo Teivainenkin<\/a> totesi, Stubb hoitaa matkojen lis\u00e4ksi my\u00f6s muita presidentin viran vaatimia toimia ja matkustaa kotimaassa.<\/p>\n<p class=\"paragraph\">N\u00e4in tiivis matkustaminen k\u00e4y varmasti my\u00f6s raskaaksi. TPK:n mukaan presidentill\u00e4 on omat keinonsa kiireisest\u00e4 matkustustahdista palautumiseen.<\/p>\n<p class=\"paragraph\">\u2013 Presidentti pit\u00e4\u00e4 huolen s\u00e4\u00e4nn\u00f6llisest\u00e4 uni- ja ateriarytmist\u00e4, vaalii l\u00e4heisi\u00e4 perhesuhteita ja harrastaa aktiivisesti monipuolista liikuntaa, TPK:n vastauksessa sanotaan.<\/p>\n","protected":false},"excerpt":{"rendered":"Tasavallan presidentin kanslia on k\u00e4ytt\u00e4nyt vierailuihin ja kokousmatkoihin t\u00e4n\u00e4 vuonna yli miljoona euroa. Summa j\u00e4\u00e4 kuitenkin selv\u00e4sti alle&hellip;\n","protected":false},"author":2,"featured_media":122846,"comment_status":"","ping_status":"","sticky":false,"template":"","format":"standard","meta":{"footnotes":""},"categories":[12],"tags":[35,22,23,26,27,33,31,30,17,24,25,28,29,15,18,21,142,637,886,888,887,32,19,20,16],"class_list":{"0":"post-122845","1":"post","2":"type-post","3":"status-publish","4":"format-standard","5":"has-post-thumbnail","7":"category-suomi","8":"tag-24h","9":"tag-breaking-news","10":"tag-breakingnews","11":"tag-featured-news","12":"tag-featurednews","13":"tag-fi","14":"tag-finland","15":"tag-finnish","16":"tag-headlines","17":"tag-latest-news","18":"tag-latestnews","19":"tag-main-news","20":"tag-mainnews","21":"tag-news","22":"tag-otsikot","23":"tag-paauutiset","24":"tag-poliitikot","25":"tag-politiikka","26":"tag-puolueet","27":"tag-suomalaiset-poliitikot","28":"tag-suomen-politiikka","29":"tag-suomi","30":"tag-top-stories","31":"tag-topstories","32":"tag-uutiset"},"share_on_mastodon":{"url":"https:\/\/pubeurope.com\/@fi\/115761473531034341","error":""},"_links":{"self":[{"href":"https:\/\/www.europesays.com\/fi\/wp-json\/wp\/v2\/posts\/122845","targetHints":{"allow":["GET"]}}],"collection":[{"href":"https:\/\/www.europesays.com\/fi\/wp-json\/wp\/v2\/posts"}],"about":[{"href":"https:\/\/www.europesays.com\/fi\/wp-json\/wp\/v2\/types\/post"}],"author":[{"embeddable":true,"href":"https:\/\/www.europesays.com\/fi\/wp-json\/wp\/v2\/users\/2"}],"replies":[{"embeddable":true,"href":"https:\/\/www.europesays.com\/fi\/wp-json\/wp\/v2\/comments?post=122845"}],"version-history":[{"count":0,"href":"https:\/\/www.europesays.com\/fi\/wp-json\/wp\/v2\/posts\/122845\/revisions"}],"wp:featuredmedia":[{"embeddable":true,"href":"https:\/\/www.europesays.com\/fi\/wp-json\/wp\/v2\/media\/122846"}],"wp:attachment":[{"href":"https:\/\/www.europesays.com\/fi\/wp-json\/wp\/v2\/media?parent=122845"}],"wp:term":[{"taxonomy":"category","embeddable":true,"href":"https:\/\/www.europesays.com\/fi\/wp-json\/wp\/v2\/categories?post=122845"},{"taxonomy":"post_tag","embeddable":true,"href":"https:\/\/www.europesays.com\/fi\/wp-json\/wp\/v2\/tags?post=122845"}],"curies":[{"name":"wp","href":"https:\/\/api.w.org\/{rel}","templated":true}]}}