{"id":122847,"date":"2025-12-22T05:04:20","date_gmt":"2025-12-22T05:04:20","guid":{"rendered":"https:\/\/www.europesays.com\/fi\/122847\/"},"modified":"2025-12-22T05:04:20","modified_gmt":"2025-12-22T05:04:20","slug":"tampereen-kustannukset-erkkilan-sillasta-ja-uudesta-matkaterminaalista-kasvoivat-roimasti","status":"publish","type":"post","link":"https:\/\/www.europesays.com\/fi\/122847\/","title":{"rendered":"Tampereen kustannukset Erkkil\u00e4n sillasta ja uudesta matka\u00adterminaalista kasvoivat roimasti"},"content":{"rendered":"<p>Osa nousseista kustannuksista katetaan sill\u00e4, ett\u00e4 Tampere irtautuu etel\u00e4isten ratasiltojen uusimisesta.<\/p>\n<p class=\"article-body mb-nof-24 px-nof-16\">Aamulehti<\/p>\n<p class=\"article-body mb-nof-24 px-nof-16\">Tampere joutuu kaivamaan Erkkil\u00e4n sillan uusimiseen kaksi miljoonaa euroa lis\u00e4rahaa ja uuden matkaterminaalin rakentamiseen l\u00e4hes 14\u202fmiljoonaa euroa lis\u00e4\u00e4 aiemmin arvioidusta.<\/p>\n<p class=\"article-body mb-nof-24 px-nof-16\">Ty\u00f6t ovat osa yli 200\u202fmiljoonan euron henkil\u00f6\u00adratapiha\u00adhanketta. Se on V\u00e4yl\u00e4viraston vastuulla, mutta Tampere osallistuu sellaisiin osiin, jotka ovat kaupungin maank\u00e4yt\u00f6lle ja kaupunkikehitykselle t\u00e4rkeit\u00e4.<\/p>\n","protected":false},"excerpt":{"rendered":"Osa nousseista kustannuksista katetaan sill\u00e4, ett\u00e4 Tampere irtautuu etel\u00e4isten ratasiltojen uusimisesta. Aamulehti Tampere joutuu kaivamaan Erkkil\u00e4n sillan uusimiseen&hellip;\n","protected":false},"author":2,"featured_media":122848,"comment_status":"","ping_status":"","sticky":false,"template":"","format":"standard","meta":{"footnotes":""},"categories":[5],"tags":[157,22,23,26,27,33,31,30,17,24,25,28,29,15,18,21,32,19,20,16],"class_list":{"0":"post-122847","1":"post","2":"type-post","3":"status-publish","4":"format-standard","5":"has-post-thumbnail","7":"category-otsikot","8":"tag-aamulehti","9":"tag-breaking-news","10":"tag-breakingnews","11":"tag-featured-news","12":"tag-featurednews","13":"tag-fi","14":"tag-finland","15":"tag-finnish","16":"tag-headlines","17":"tag-latest-news","18":"tag-latestnews","19":"tag-main-news","20":"tag-mainnews","21":"tag-news","22":"tag-otsikot","23":"tag-paauutiset","24":"tag-suomi","25":"tag-top-stories","26":"tag-topstories","27":"tag-uutiset"},"share_on_mastodon":{"url":"https:\/\/pubeurope.com\/@fi\/115761477196580701","error":""},"_links":{"self":[{"href":"https:\/\/www.europesays.com\/fi\/wp-json\/wp\/v2\/posts\/122847","targetHints":{"allow":["GET"]}}],"collection":[{"href":"https:\/\/www.europesays.com\/fi\/wp-json\/wp\/v2\/posts"}],"about":[{"href":"https:\/\/www.europesays.com\/fi\/wp-json\/wp\/v2\/types\/post"}],"author":[{"embeddable":true,"href":"https:\/\/www.europesays.com\/fi\/wp-json\/wp\/v2\/users\/2"}],"replies":[{"embeddable":true,"href":"https:\/\/www.europesays.com\/fi\/wp-json\/wp\/v2\/comments?post=122847"}],"version-history":[{"count":0,"href":"https:\/\/www.europesays.com\/fi\/wp-json\/wp\/v2\/posts\/122847\/revisions"}],"wp:featuredmedia":[{"embeddable":true,"href":"https:\/\/www.europesays.com\/fi\/wp-json\/wp\/v2\/media\/122848"}],"wp:attachment":[{"href":"https:\/\/www.europesays.com\/fi\/wp-json\/wp\/v2\/media?parent=122847"}],"wp:term":[{"taxonomy":"category","embeddable":true,"href":"https:\/\/www.europesays.com\/fi\/wp-json\/wp\/v2\/categories?post=122847"},{"taxonomy":"post_tag","embeddable":true,"href":"https:\/\/www.europesays.com\/fi\/wp-json\/wp\/v2\/tags?post=122847"}],"curies":[{"name":"wp","href":"https:\/\/api.w.org\/{rel}","templated":true}]}}