{"id":122851,"date":"2025-12-22T05:23:10","date_gmt":"2025-12-22T05:23:10","guid":{"rendered":"https:\/\/www.europesays.com\/fi\/122851\/"},"modified":"2025-12-22T05:23:10","modified_gmt":"2025-12-22T05:23:10","slug":"osaka-havisi-mm-finaalin-tuomas-sammelvuo-teki-suomalaishistoriaa-urheilua-lyhyesti","status":"publish","type":"post","link":"https:\/\/www.europesays.com\/fi\/122851\/","title":{"rendered":"Osaka h\u00e4visi MM-finaalin, Tuomas Sammelvuo teki suomalaishistoriaa | Urheilua lyhyesti"},"content":{"rendered":"<p class=\"aw-1gybjub aw-5vja16 kEtdKx kmuxyA yle__article__paragraph\">Tuomas Sammelvuo luotsasi Osakan lentopallon seurajoukkueiden MM-hopealle.  <\/p>\n<p><img decoding=\"async\" alt=\"Tuomas Sammelvuo valmensi Kanadan olympialaisiin lentopallossa.\" src=\"https:\/\/www.europesays.com\/fi\/wp-content\/uploads\/2025\/12\/39-11854276527dc32d2132.jpeg\" class=\"aw-1l9m598 hKVVvP\"\/><\/p>\n<p>Avaa kuvien katselu<\/p>\n<p>Tuomas Sammelvuo ylsi j\u00e4lleen komeaan saavutukseen. Kuva: EPA-EFE\/All Over Press<\/p>\n<p class=\"aw-1gybjub aw-1p7kakr kEtdKx cEmitX yle__article__paragraph\">Suomalaisen <strong class=\"aw-ak79eh KyCXm yle__article__strong\">Tuomas Sammelvuon<\/strong> valmentama Osaka Bluteon on h\u00e4vinnyt seurajoukkueiden MM-finaalin miesten lentopallossa.<\/p>\n<p class=\"aw-1gybjub aw-1p7kakr kEtdKx cEmitX yle__article__paragraph\">Japanilaisjoukkue h\u00e4visi italialaiselle Perugialle 0\u20133 (20\u201325, 21\u201325, 27\u201329). Finaali pelattiin Brasilian Belemiss\u00e4 Suomen aikaa maanantain vastaisena y\u00f6n\u00e4. Seurajoukkueiden maailmanmestaruus oli Perugian kolmas.<\/p>\n<p class=\"aw-1gybjub aw-1p7kakr kEtdKx cEmitX yle__article__paragraph\">Vaikka Osaka ottikin finaalissa takkiin, Sammelvuo teki suomalaista lentopallohistoriaa. Lentopalloliiton mukaan seurajoukkueiden MM-tittelist\u00e4 on pelattu vuosina 1989-1992 sek\u00e4 vuosittain vuodesta 2009. T\u00e4n\u00e4 aikana yksik\u00e4\u00e4n suomalainen ei ole ollut mitaleilla &#8211; paitsi nyt, kun Sammelvuo pokkasi joukkueensa per\u00e4simess\u00e4 MM-hopeaa.<\/p>\n<p class=\"aw-1gybjub aw-1p7kakr kEtdKx cEmitX yle__article__paragraph\">Sammelvuo valmentaa Osakaa ensimm\u00e4ist\u00e4 kauttaan.<\/p>\n","protected":false},"excerpt":{"rendered":"Tuomas Sammelvuo luotsasi Osakan lentopallon seurajoukkueiden MM-hopealle. Avaa kuvien katselu Tuomas Sammelvuo ylsi j\u00e4lleen komeaan saavutukseen. Kuva: EPA-EFE\/All&hellip;\n","protected":false},"author":2,"featured_media":122852,"comment_status":"","ping_status":"","sticky":false,"template":"","format":"standard","meta":{"footnotes":""},"categories":[158],"tags":[33,31,30,1343,9745,9748,22041,159,32,22040,160],"class_list":{"0":"post-122851","1":"post","2":"type-post","3":"status-publish","4":"format-standard","5":"has-post-thumbnail","7":"category-urheilu","8":"tag-fi","9":"tag-finland","10":"tag-finnish","11":"tag-japani","12":"tag-lentopallo","13":"tag-miesten-lentopallo","14":"tag-osaka","15":"tag-sports","16":"tag-suomi","17":"tag-tuomas-sammelvuo","18":"tag-urheilu"},"share_on_mastodon":{"url":"https:\/\/pubeurope.com\/@fi\/115761552214931937","error":""},"_links":{"self":[{"href":"https:\/\/www.europesays.com\/fi\/wp-json\/wp\/v2\/posts\/122851","targetHints":{"allow":["GET"]}}],"collection":[{"href":"https:\/\/www.europesays.com\/fi\/wp-json\/wp\/v2\/posts"}],"about":[{"href":"https:\/\/www.europesays.com\/fi\/wp-json\/wp\/v2\/types\/post"}],"author":[{"embeddable":true,"href":"https:\/\/www.europesays.com\/fi\/wp-json\/wp\/v2\/users\/2"}],"replies":[{"embeddable":true,"href":"https:\/\/www.europesays.com\/fi\/wp-json\/wp\/v2\/comments?post=122851"}],"version-history":[{"count":0,"href":"https:\/\/www.europesays.com\/fi\/wp-json\/wp\/v2\/posts\/122851\/revisions"}],"wp:featuredmedia":[{"embeddable":true,"href":"https:\/\/www.europesays.com\/fi\/wp-json\/wp\/v2\/media\/122852"}],"wp:attachment":[{"href":"https:\/\/www.europesays.com\/fi\/wp-json\/wp\/v2\/media?parent=122851"}],"wp:term":[{"taxonomy":"category","embeddable":true,"href":"https:\/\/www.europesays.com\/fi\/wp-json\/wp\/v2\/categories?post=122851"},{"taxonomy":"post_tag","embeddable":true,"href":"https:\/\/www.europesays.com\/fi\/wp-json\/wp\/v2\/tags?post=122851"}],"curies":[{"name":"wp","href":"https:\/\/api.w.org\/{rel}","templated":true}]}}