{"id":122859,"date":"2025-12-22T05:28:11","date_gmt":"2025-12-22T05:28:11","guid":{"rendered":"https:\/\/www.europesays.com\/fi\/122859\/"},"modified":"2025-12-22T05:28:11","modified_gmt":"2025-12-22T05:28:11","slug":"mihail-durnenkov-vain-putinin-kuolema-voi-muuttaa-venajan-suunnan","status":"publish","type":"post","link":"https:\/\/www.europesays.com\/fi\/122859\/","title":{"rendered":"Mihail Durnenkov: Vain Putinin kuolema voi muuttaa Ven\u00e4j\u00e4n suunnan"},"content":{"rendered":"<p>Maanpakoon l\u00e4htenyt Putinin vastustaja kertoo, mit\u00e4 Suomessa pit\u00e4isi tiet\u00e4\u00e4 nyt Ven\u00e4j\u00e4st\u00e4.<\/p>\n<p>Lue tiivistelm\u00e4<\/p>\n<p class=\"article-body mb-nof-24 px-nof-16 sndp-summary-bullet-point-font\">Ven\u00e4l\u00e4inen n\u00e4ytelm\u00e4kirjailija Mihail Durnenkov sanoo, ett\u00e4 vain kaksi asiaa voi johtaa muutokseen Ven\u00e4j\u00e4ll\u00e4: Ukrainan sodan p\u00e4\u00e4ttyminen tappioon tai presidentti Vladimir Putinin kuolema.<\/p>\n<p class=\"article-body mb-nof-24 px-nof-16 sndp-summary-bullet-point-font\">Suomeen paennut Durnenkov pelk\u00e4\u00e4, ett\u00e4 Putinin valloitushalut eiv\u00e4t p\u00e4\u00e4ty Ukrainaan vaan kohteena voivat olla esimerkiksi Baltian maat.<\/p>\n<p class=\"article-body mb-nof-24 px-nof-16 sndp-summary-bullet-point-font\">Durnenkovin mukaan Putin tarvitsee sotaa pysy\u00e4kseen vallassa ja voi sodalla perustella kansalle talouden alam\u00e4ke\u00e4 ja kansan ahdinkoa.<\/p>\n<p class=\"article-body mb-nof-24 px-nof-16\">Niin kauan kuin on sota, el\u00e4m\u00e4 on pelkk\u00e4\u00e4 odotusta. N\u00e4in sanoo maailmankuulu nykyteatterin t\u00e4hti <a class=\"article-personlink\" href=\"https:\/\/www.is.fi\/haku\/?query=Mihail%20Durnenkov\" rel=\"nofollow noopener\" target=\"_blank\">Mihail Durnenkov<\/a>, joka pakeni Ven\u00e4j\u00e4lt\u00e4 Suomeen pian sen j\u00e4lkeen, kun Ven\u00e4j\u00e4 aloitti t\u00e4ysimittaisen hy\u00f6kk\u00e4yssodan Ukrainassa.<\/p>\n<p class=\"article-body mb-nof-24 px-nof-16\">Durnenkov ja h\u00e4nen perheens\u00e4 ovat asuneet Suomessa kohta nelj\u00e4 vuotta. On ollut pakko alkaa ajatella tulevaisuutta. Siksi dramaturgi ja n\u00e4ytelm\u00e4k\u00e4sikirjoittaja on hiljattain ryhtynyt opiskelemaan ruotsin kielt\u00e4.<\/p>\n<p class=\"article-body mb-nof-24 px-nof-16\">\u2013\u2009 Olen 47, eik\u00e4 uusien kielten oppiminen ole en\u00e4\u00e4 helppoa. Siksi ajattelin aloittaa suomen sijaan ruotsista.<\/p>\n<p><img decoding=\"async\" src=\"https:\/\/www.europesays.com\/fi\/wp-content\/uploads\/2025\/12\/1766381289_472_978.jpg\" alt=\"N\u00e4ytelm\u00e4kirjailija Mihail Durnenkov arvostaa suomalaisten rehellisyytt\u00e4 ja suoruutta.\" class=\"_Img_1rerz_1\" style=\"aspect-ratio:1.5\" loading=\"eager\"\/><\/p>\n<p class=\"article-picture-caption\">N\u00e4ytelm\u00e4kirjailija Mihail Durnenkov arvostaa suomalaisten rehellisyytt\u00e4 ja suoruutta. Kuva:\u00a0Ivan Bessedin<\/p>\n<ul class=\"mb-nof-16 px-nof-16 article-unordered-list unordered-list\">\n<li class=\"unordered-list-item\">\n<p class=\"article-body\">Durnenkov on 47-vuotias moskovalaisl\u00e4ht\u00f6inen n\u00e4ytelm\u00e4kirjailija ja dramaturgi.<\/p>\n<\/li>\n<li class=\"unordered-list-item\">\n<p class=\"article-body\">Durnenkovin n\u00e4ytelmi\u00e4 on esitetty Suomessa muun muassa Lappeenrannan kaupunginteatterissa (Ennusmerkkej\u00e4) ja Helsingiss\u00e4 Klockriketeaternissa, Svenska Teaternissa ja Kansallisteatterissa (Divan).<\/p>\n<\/li>\n<li class=\"unordered-list-item\">\n<p class=\"article-body\">Durnenkovin perheeseen kuuluvat vaimo <a class=\"article-personlink\" href=\"https:\/\/www.is.fi\/haku\/?query=Ksenia\" rel=\"nofollow noopener\" target=\"_blank\">Ksenia<\/a>, 19-vuotias poika <a class=\"article-personlink\" href=\"https:\/\/www.is.fi\/haku\/?query=Matvei\" rel=\"nofollow noopener\" target=\"_blank\">Matvei<\/a> ja Kubrick-niminen m\u00e4yr\u00e4koira.<\/p>\n<\/li>\n<li class=\"unordered-list-item\">\n<p class=\"article-body\">Perhe asuu Helsingin Lauttasaaressa.<\/p>\n<\/li>\n<\/ul>\n<p class=\"article-body mb-nof-24 px-nof-16\">Putinia avoimesti kritisoinut Durnenkov ei halua katsoa taaksep\u00e4in. Silloin muuttuu suolapatsaaksi. Raamatullinen ajatus tuli mieleen, kun h\u00e4nen Ennusmerkkej\u00e4-n\u00e4ytelm\u00e4\u00e4ns\u00e4 esitettiin Lappeenrannassa it\u00e4rajalla, josta saattoi melkein kurkistaa entiseen kotimaahan.<\/p>\n<p class=\"article-body mb-nof-24 px-nof-16\">N\u00e4ytelm\u00e4ss\u00e4 kuvataan, kuinka ven\u00e4l\u00e4inen yhteiskunta vajoaa askel kerrallaan fasismiin ja sotaan.<\/p>\n<p class=\"article-body mb-nof-24 px-nof-16\">N\u00e4etk\u00f6 suomalaisessa yhteiskunnassa ennusmerkkej\u00e4, jotka uhkaavat demokratiaa?<\/p>\n<p class=\"article-body mb-nof-24 px-nof-16\">\u2013\u2009Suomessa demokratialla on pitk\u00e4 perinne ja kansalaiset luottavat siihen.<\/p>\n<p class=\"article-body mb-nof-24 px-nof-16\">\u2013\u2009Ven\u00e4j\u00e4ll\u00e4 emme koskaan ehtineet kokea demokratiaa. Neuvostoliiton hajoamisen j\u00e4lkeen meni alle kymmenen vuotta, kun Putin nousi valtaan.<\/p>\n<p class=\"article-body mb-nof-24 px-nof-16\">Presidentti <a class=\"article-personlink\" href=\"https:\/\/www.is.fi\/haku\/?query=Sauli%20Niinist%C3%B6\" rel=\"nofollow noopener\" target=\"_blank\">Sauli Niinist\u00f6<\/a> on esitt\u00e4nyt, ett\u00e4 Euroopan johtajien pit\u00e4isi olla yhteydess\u00e4 suoraan Moskovaan eik\u00e4 vain kysell\u00e4, mit\u00e4<a class=\"article-personlink\" href=\"https:\/\/www.is.fi\/haku\/?query=%20Donald%20Trump\" rel=\"nofollow noopener\" target=\"_blank\"> Donald Trump <\/a>ja <a class=\"article-personlink\" href=\"https:\/\/www.is.fi\/haku\/?query=Vladimir%20Putin\" rel=\"nofollow noopener\" target=\"_blank\">Vladimir Putin <\/a>ovat puhuneet.<\/p>\n<p class=\"article-body mb-nof-24 px-nof-16\">Mit\u00e4 Durnenkov ajattelee Niinist\u00f6n ajatuksesta?<\/p>\n<p class=\"article-body mb-nof-24 px-nof-16\">\u2013\u2009Pit\u00e4\u00e4 muistaa, ett\u00e4 Putin huolehtii vain omista eduistaan eiv\u00e4tk\u00e4 ne koskaan mene yhteen Euroopan etujen kanssa. Emme tied\u00e4, milt\u00e4 Ven\u00e4j\u00e4n tulevaisuus n\u00e4ytt\u00e4\u00e4 h\u00e4nen p\u00e4\u00e4ss\u00e4\u00e4n ja minne sen rajat p\u00e4\u00e4ttyv\u00e4t.<\/p>\n<p class=\"article-body mb-nof-24 px-nof-16\">Durnenkovin mukaan Putin tarvitsee sotaa pysy\u00e4kseen vallassa. Sodalla voi perustella kansalle talouden alam\u00e4ke\u00e4, kansan ahdinkoa \u2013 ja oikeastaan mit\u00e4 tahansa. Kun sota jatkuu, Putin ja h\u00e4nen hallintonsa voivat syytt\u00e4\u00e4 l\u00e4ntt\u00e4 niin ruokakauppojen hintojen noususta kuin el\u00e4kkeiden pienuudesta.<\/p>\n<p class=\"article-body mb-nof-24 px-nof-16\">Durnenkov pelk\u00e4\u00e4, ett\u00e4 kun sota Ukrainassa p\u00e4\u00e4ttyy, Putinin valloitusretket eiv\u00e4t siihen lopu. Seuraavana uhrina saattavat olla esimerkiksi Baltian maat, h\u00e4n sanoo.<\/p>\n<p class=\"article-body mb-nof-24 px-nof-16\">\u2013\u2009Kohteena voi olla Narva. Siell\u00e4 on paljon ven\u00e4j\u00e4nkielist\u00e4 v\u00e4est\u00f6\u00e4, joka unelmoi, ett\u00e4 Viro olisi osa Ven\u00e4j\u00e4\u00e4.<\/p>\n<p class=\"article-body mb-nof-24 px-nof-16\">My\u00f6s monissa muissa maissa, kuten Suomessa, on paljon ven\u00e4j\u00e4\u00e4 puhuvia. Durnenkovin mukaan suurin osa heist\u00e4 pelk\u00e4\u00e4, ett\u00e4 heist\u00e4 tulee Putinin seuraava maali.<\/p>\n<p class=\"article-body mb-nof-24 px-nof-16\">\u2013\u2009Emme halua, ett\u00e4 Putin tulee pelastamaan tai vapauttamaan meid\u00e4t.<\/p>\n<blockquote class=\"p-[var(--citation-padding)] m-[var(--citation-margin)] border-y-[length:var(--citation-border-width)] border-y-[color:var(--citation-border-color)]\">\n<p>Emme tied\u00e4, milt\u00e4 Ven\u00e4j\u00e4n tulevaisuus n\u00e4ytt\u00e4\u00e4 h\u00e4nen p\u00e4\u00e4ss\u00e4\u00e4n ja minne sen rajat p\u00e4\u00e4ttyv\u00e4t.<\/p>\n<\/blockquote>\n<p><img decoding=\"async\" src=\"https:\/\/www.europesays.com\/fi\/wp-content\/uploads\/2025\/12\/1766381290_258_978.jpg\" alt=\"Durnenkovin mukaan taide ja kulttuuri voivat lis\u00e4t\u00e4 ihmisten luottamusta toisiinsa.\" class=\"_Img_1rerz_1\" style=\"aspect-ratio:1.5\" loading=\"eager\"\/><\/p>\n<p class=\"article-picture-caption\">Durnenkovin mukaan taide ja kulttuuri voivat lis\u00e4t\u00e4 ihmisten luottamusta toisiinsa. Kuva:\u00a0Ivan Bessedin<\/p>\n<p class=\"article-body mb-nof-24 px-nof-16\">Durnenkov p\u00e4\u00e4tti l\u00e4hte\u00e4 pakoon pian Ukrainan sodan alkamisen j\u00e4lkeen, kun h\u00e4n oli julkaissut sosiaalisessa mediassa kirjoituksia, joissa toivoi Ven\u00e4j\u00e4n armeijalle tappiota Ukrainassa.<\/p>\n<p class=\"article-body mb-nof-24 px-nof-16\">My\u00f6s dramaturgin n\u00e4ytelm\u00e4t ovat kritisoineet Ven\u00e4j\u00e4n nykyhallintoa. Sosiaalisen median julkaisut ovat hallinnolle vaarallisempia, koska ne levi\u00e4v\u00e4t teatteria isommalle yleis\u00f6lle, h\u00e4n sanoo.<\/p>\n<p class=\"article-body mb-nof-24 px-nof-16\">Ven\u00e4j\u00e4n sotatoimien kritisoiminen sosiaalisessa mediassa voi johtaa useiden vuosien vankeusrangaistukseen.<\/p>\n<p class=\"article-body mb-nof-24 px-nof-16\">Ven\u00e4j\u00e4ll\u00e4 monet muut toisinajattelijat ovat joutuneet telkien taakse. Durnenkovin yst\u00e4v\u00e4, dramaturgi <a class=\"article-personlink\" href=\"https:\/\/www.is.fi\/haku\/?query=Svetlana%20Petrishuk\" rel=\"nofollow noopener\" target=\"_blank\">Svetlana Petrishuk <\/a>sai kuuden vuoden vankilatuomion \u201dterrorismin puolustamisesta\u201d.<\/p>\n<p class=\"article-body mb-nof-24 px-nof-16\">Putin laittaa poliittiset vastustajansa joko vankilaan tai ajaa heid\u00e4t maanpakoon, Durnenkov sanoo. Siin\u00e4 mieless\u00e4 nyky-Ven\u00e4j\u00e4 toimii samalla tavalla kuin Neuvostoliitto. Kun hallinnon kriitikot joutuvat l\u00e4htem\u00e4\u00e4n maasta, he menett\u00e4v\u00e4t merkityksens\u00e4 ja tulevat kansan silmiss\u00e4 n\u00e4kym\u00e4tt\u00f6miksi.<\/p>\n<p class=\"article-body mb-nof-24 px-nof-16\">Itsevaltaisen Ven\u00e4j\u00e4n yksi tapa vaientaa sora\u00e4\u00e4net on julistaa heid\u00e4t ulkomaisiksi agenteiksi. Leiman saaneet joutuvat noudattamaan absurdeja, pikkutarkkoja s\u00e4\u00e4nt\u00f6j\u00e4 ja mit\u00e4t\u00f6n rikkomus voi johtaa rikossyytteeseen. Suomessa asuu kuusi Ven\u00e4j\u00e4n ulkomaiseksi agentiksi julistamaa ihmist\u00e4, <a class=\"article-genericlink\" href=\"https:\/\/www.mtvuutiset.fi\/artikkeli\/irina-vesikko-on-piikki-putinin-lihassa-tallaista-on-elama-ulkomaiseksi-agentiksi-leimattuna\/9269014\" rel=\"nofollow noopener\" target=\"_blank\">MTV<\/a> uutisoi hiljattain.<\/p>\n<p class=\"article-body mb-nof-24 px-nof-16\">Ulkomaiseksi agentiksi julistettu voi joutua ongelmiin, jos h\u00e4n matkustaa Ven\u00e4j\u00e4lle yst\u00e4v\u00e4llismielisiin maihin, kuten Kazakstaniin, Georgiaan tai Turkkiin.<\/p>\n<p class=\"article-body mb-nof-24 px-nof-16\">Durnenkovia ei ole julistettu ulkomaiseksi agentiksi. Listalle joutumisella olisi iso vaikutus h\u00e4nen el\u00e4m\u00e4\u00e4ns\u00e4, eik\u00e4 h\u00e4n voisi esimerkiksi en\u00e4\u00e4 matkustaa yht\u00e4 helposti tapaamaan i\u00e4k\u00e4st\u00e4 is\u00e4\u00e4ns\u00e4 Turkkiin.<\/p>\n<p class=\"article-body mb-nof-24 px-nof-16\">Koska Durnenkov ei voi en\u00e4\u00e4 menn\u00e4 Ven\u00e4j\u00e4lle, h\u00e4n tapaa is\u00e4\u00e4ns\u00e4 vuosittain Turkissa. Samana p\u00e4iv\u00e4n\u00e4, kun tapaamme Durnenkovin joulukuun puoliv\u00e4liss\u00e4 Helsingiss\u00e4, h\u00e4nen is\u00e4ns\u00e4 juhlii 80-vuotissyntym\u00e4p\u00e4ivi\u00e4\u00e4n.<\/p>\n<p class=\"article-body mb-nof-24 px-nof-16\">\u2013\u2009Vanhempani ovat vanhoja ihmisi\u00e4 ja katsovat Ven\u00e4j\u00e4n televisiota. Mutta he ymm\u00e4rt\u00e4v\u00e4t, miksi olen l\u00e4htenyt maasta, enk\u00e4 voi tulla takaisin.<\/p>\n<p class=\"article-body mb-nof-24 px-nof-16\">Dramaturgin isoveli asuu Ven\u00e4j\u00e4ll\u00e4 ja tukee hallintoa. Durnenkov uskoo, ett\u00e4 veljesten ajatuserot johtuvat siit\u00e4, ett\u00e4 pikkuveli sai varttua Neuvostoliiton j\u00e4lkeisess\u00e4 ajassa.<\/p>\n<p class=\"article-body mb-nof-24 px-nof-16\">Perheen lis\u00e4ksi Durnenkovilla on yh\u00e4 paljon yst\u00e4vi\u00e4 Moskovassa. Monet heist\u00e4 ovat huolissaan j\u00e4lkikasvustaan, joita aivopest\u00e4\u00e4n p\u00e4ivitt\u00e4in ven\u00e4l\u00e4isiss\u00e4 kouluissa. Koulujen historian oppikirjoja on muokattu ven\u00e4j\u00e4n valtiollisen propagandan mukaiseksi, ja kouluissa hyv\u00e4ksyt\u00e4\u00e4n vain Ven\u00e4j\u00e4n sotatoimia Ukrainassa ylist\u00e4v\u00e4t ajatukset.<\/p>\n<p class=\"article-body mb-nof-24 px-nof-16\">Ven\u00e4j\u00e4ll\u00e4 toisinajattelijoiden lapset joutuvat el\u00e4m\u00e4\u00e4n ison ristiriidan keskell\u00e4. Kotona vanhemmat voivat puhua asioiden todellisesta laidasta lapsille, mutta samaan aikaan heille opetetaan koulussa p\u00e4ivitt\u00e4in valheita.<\/p>\n<p class=\"article-body mb-nof-24 px-nof-16\">Helsingiss\u00e4 Durnenkov opettaa ven\u00e4l\u00e4isille ja ukrainalaisille nuorille elokuvien k\u00e4sikirjoitusta International Language Clubissa. Nuorten k\u00e4sikirjoitukset k\u00e4sittelev\u00e4t usein suhdetta omiin vanhempiin. Moni kirjoittaa my\u00f6s ulkopuolisuuden ja yksin\u00e4isyyden tunteistaan. Durnenkovin mukaan kurssin t\u00e4rkein anti on ollut tuoda nuoria yhteen ja luoda yst\u00e4vyyssuhteita.<\/p>\n<p class=\"article-body mb-nof-24 px-nof-16\">Nuoret eiv\u00e4t koe yksin\u00e4isyytt\u00e4 vain Suomessa, vaan my\u00f6s Ven\u00e4j\u00e4ll\u00e4, h\u00e4n sanoo. It\u00e4naapurissa mielipiteenvapauden rajoitukset lis\u00e4\u00e4v\u00e4t nuorten ahdistusta.<\/p>\n<p class=\"article-body mb-nof-24 px-nof-16\">Jo ennen Ukrainan t\u00e4ysimittaista sotaa kolme ven\u00e4l\u00e4ist\u00e4 teini\u00e4 tuomittiin vankilaan, kun he olivat suunnitelleet Minecraft-videopeliss\u00e4 virtuaalisen Ven\u00e4j\u00e4n turvallisuuspalvelu FSB:n toimiston r\u00e4j\u00e4ytt\u00e4mist\u00e4.<\/p>\n<p><img decoding=\"async\" src=\"https:\/\/www.europesays.com\/fi\/wp-content\/uploads\/2025\/12\/1766381291_840_978.jpg\" alt=\"Durnenkovin mukaan Putin tarvitsee sotaa pysy\u00e4kseen vallassa.\" class=\"_Img_1rerz_1\" style=\"aspect-ratio:1.067853170189099\" loading=\"eager\"\/><\/p>\n<p class=\"article-picture-caption\">Durnenkovin mukaan Putin tarvitsee sotaa pysy\u00e4kseen vallassa. Kuva:\u00a0Ivan Bessedin<\/p>\n<p class=\"article-body mb-nof-24 px-nof-16\">Durnenkov on juuri ennen joulukiireit\u00e4 kirjoittanut valmiiksi n\u00e4ytelm\u00e4n helmikuussa 2024 kuolleen oppositioaktivistin <a class=\"article-personlink\" href=\"https:\/\/www.is.fi\/haku\/?query=Aleksei%20Navalnyin\" rel=\"nofollow noopener\" target=\"_blank\">Aleksei Navalnyin<\/a> el\u00e4m\u00e4st\u00e4.<\/p>\n<p class=\"article-body mb-nof-24 px-nof-16\">\u2013\u2009Mielest\u00e4ni Navalnyi osoitti, ett\u00e4 on ihmisi\u00e4, jotka pystyv\u00e4t vastustamaan totalitaarista hallintoa Ven\u00e4j\u00e4ll\u00e4. H\u00e4n taisteli kuolemaansa asti.<\/p>\n<p class=\"article-body mb-nof-24 px-nof-16\">Navalnyin esimerkki voi inspiroida muitakin vastarintaan, Durnenkov uskoo. H\u00e4n palasi viel\u00e4 myrkytyksen j\u00e4lkeen Ven\u00e4j\u00e4lle, koska halusi olla yh\u00e4 merkitt\u00e4v\u00e4 poliittinen voima maassa.<\/p>\n<p class=\"article-body mb-nof-24 px-nof-16\">\u2013\u2009H\u00e4n tietysti joutui maksamaan t\u00e4st\u00e4 ison hinnan, henkens\u00e4. Mutta on ymm\u00e4rrett\u00e4v\u00e4\u00e4, miksi h\u00e4n halusi palata.<\/p>\n<p class=\"article-body mb-nof-24 px-nof-16\">Durnenkov on surullinen rajasulun ja sotatilanteen vuoksi k\u00e4rsineen It\u00e4-Suomen puolesta. Kauppasuhteiden palauttamisesta Ven\u00e4j\u00e4n kanssa ei voi kuitenkaan puhua niin kauan Vladimir Putin on maan johdossa, h\u00e4n arvioi.<\/p>\n<p class=\"article-body mb-nof-24 px-nof-16\">N\u00e4ytelm\u00e4kirjailijan mukaan vain kaksi asiaa voi johtaa muutokseen it\u00e4rajan takana: Ukrainan sodan p\u00e4\u00e4ttyminen Ven\u00e4j\u00e4n tappioon tai Putinin kuolema.<\/p>\n<p class=\"article-body mb-nof-24 px-nof-16\">Sodan p\u00e4\u00e4ttyminen Putinin kannalta suotuisasti voi johtaa vaarallisiin seurauksiin Euroopan ja muiden Ven\u00e4j\u00e4n rajanaapureiden turvallisuudelle. Siksi Euroopan on oltava vahva ja yhten\u00e4inen Ven\u00e4j\u00e4n aggression edess\u00e4.<\/p>\n<p class=\"article-body mb-nof-24 px-nof-16\">\u2013\u2009Yhteinen turvallisuusk\u00e4site on hyvin erilainen esimerkiksi Suomessa kuin Portugalissa. Siksi diplomatialla on nyt politiikassa suuri merkitys.<\/p>\n<p class=\"article-body mb-nof-24 px-nof-16\">Jos Putin kuolee, se voi antaa avaimet hallinnon pehmenemiseen ja hitaaseen avautumiseen l\u00e4nteen, Durnenkov uskoo.<\/p>\n<p class=\"article-body mb-nof-24 px-nof-16\">H\u00e4n arvioi, ett\u00e4 Putinin hallinnossa vain Putin on niin harhainen, ett\u00e4 haluaa jatkuvasti valloittaa uusia alueita. Muut ovat kiinnostuneempia omasta valta-asemastaan ja rahasta. He ymm\u00e4rt\u00e4v\u00e4t, ett\u00e4 uusien sotien aloittaminen ei paranna mahdollisuuksia tehd\u00e4 kauppaa l\u00e4nnen tai id\u00e4n kanssa, Durnenkov sanoo.<\/p>\n<p class=\"article-body mb-nof-24 px-nof-16\">\u2013\u2009Putinin ajatuksenjuoksua ei voi ymm\u00e4rt\u00e4\u00e4. Se perustuu t\u00e4ysin virheelliseen k\u00e4sitykseen Ven\u00e4j\u00e4st\u00e4, jota ei koskaan ollutkaan. Putin ja h\u00e4nen yst\u00e4v\u00e4ns\u00e4 ovat luoneet harhaisen kuvitelman itse kirjoittamissaan historiankirjoissa.<\/p>\n<p><img decoding=\"async\" src=\"https:\/\/www.europesays.com\/fi\/wp-content\/uploads\/2025\/12\/1766381291_469_978.jpg\" alt=\"Mihail Durnenkovin mukaan nyky-Ven\u00e4j\u00e4 toimii toisinajattelijoiden suhteen aivan kuten Neuvostoliitto.\" class=\"_Img_1rerz_1\" style=\"aspect-ratio:1.5\" loading=\"eager\"\/><\/p>\n<p class=\"article-picture-caption\">Mihail Durnenkovin mukaan nyky-Ven\u00e4j\u00e4 toimii toisinajattelijoiden suhteen aivan kuten Neuvostoliitto. Kuva:\u00a0Ivan Bessedin<\/p>\n<p class=\"article-body mb-nof-24 px-nof-16\">Yksi Ven\u00e4j\u00e4n propagandistien tapa v\u00e4\u00e4rist\u00e4\u00e4 historiankirjoitusta ja luoda viholliskuvaa Suomesta on ollut kertoa valheita talvisodan alkusys\u00e4yksest\u00e4.<\/p>\n<p class=\"article-body mb-nof-24 px-nof-16\">Durnenkov kertoo, ett\u00e4 h\u00e4n oppi talvisodan tapahtumista tarkemmin vasta 2009, kun teki suomalaisten ja ukrainalaisten kanssa yhteist\u00e4 n\u00e4ytelm\u00e4\u00e4 aiheesta. Kokemus sai n\u00e4ytelm\u00e4kirjailijan tuntemaan h\u00e4pe\u00e4\u00e4.<\/p>\n<p class=\"article-body mb-nof-24 px-nof-16\">Ven\u00e4j\u00e4n ulkopoliittinen johto on syytt\u00e4nyt l\u00e4ntt\u00e4 toistuvasti russofobiasta. Moskovassa on jopa j\u00e4rjestetty propagandan\u00e4yttely, jossa on esitetty suomalaista russofobiaa, eli ven\u00e4l\u00e4isvastaisuutta.<\/p>\n<p class=\"article-body mb-nof-24 px-nof-16\">Durnenkov ei ole kokenut suoraan, ett\u00e4 ven\u00e4l\u00e4isyydest\u00e4 olisi ollut h\u00e4nelle haittaa Suomessa. H\u00e4n pohtii vain, ovatko h\u00e4nen n\u00e4ytelm\u00e4ns\u00e4 aina olleet samalla viivalla muiden kanssa.<\/p>\n<p class=\"article-body mb-nof-24 px-nof-16\">Arjessa suomalaisten keskell\u00e4 n\u00e4ytelm\u00e4kirjailija on tuntenut olonsa kotoisaksi. Suuria kulttuurisia eroja h\u00e4n ei ole huomannut. Suomalaisissa h\u00e4n arvostaa rehellisyytt\u00e4 ja suoruutta.<\/p>\n<p class=\"article-body mb-nof-24 px-nof-16\">\u2013\u2009Suomalaiset eiv\u00e4t ole niin kuin englantilaiset, joista ei v\u00e4ltt\u00e4m\u00e4tt\u00e4 aina tied\u00e4, mit\u00e4 he tarkoittavat.<\/p>\n<p class=\"article-body mb-nof-24 px-nof-16\">Joulua Durnenkov viett\u00e4\u00e4 vaimonsa ja lukiota k\u00e4yv\u00e4n poikansa kanssa Pariisissa.<\/p>\n<p class=\"article-body mb-nof-24 px-nof-16\">\u2013\u2009Haluaisin tavata jouluna koko suvun, mutta minulla on t\u00e4\u00e4ll\u00e4 vain pieni perheeni. Heid\u00e4n kanssaan voin tehd\u00e4 joulun minne vaan.<\/p>\n","protected":false},"excerpt":{"rendered":"Maanpakoon l\u00e4htenyt Putinin vastustaja kertoo, mit\u00e4 Suomessa pit\u00e4isi tiet\u00e4\u00e4 nyt Ven\u00e4j\u00e4st\u00e4. Lue tiivistelm\u00e4 Ven\u00e4l\u00e4inen n\u00e4ytelm\u00e4kirjailija Mihail Durnenkov sanoo,&hellip;\n","protected":false},"author":2,"featured_media":122860,"comment_status":"","ping_status":"","sticky":false,"template":"","format":"standard","meta":{"footnotes":""},"categories":[14],"tags":[22,23,26,27,33,31,30,17,34,24,25,28,29,15,18,21,32,19,20,56,16,59,60,61],"class_list":{"0":"post-122859","1":"post","2":"type-post","3":"status-publish","4":"format-standard","5":"has-post-thumbnail","7":"category-ulkomaat","8":"tag-breaking-news","9":"tag-breakingnews","10":"tag-featured-news","11":"tag-featurednews","12":"tag-fi","13":"tag-finland","14":"tag-finnish","15":"tag-headlines","16":"tag-ilta-sanomat","17":"tag-latest-news","18":"tag-latestnews","19":"tag-main-news","20":"tag-mainnews","21":"tag-news","22":"tag-otsikot","23":"tag-paauutiset","24":"tag-suomi","25":"tag-top-stories","26":"tag-topstories","27":"tag-ulkomaat","28":"tag-uutiset","29":"tag-world","30":"tag-world-news","31":"tag-worldnews"},"share_on_mastodon":{"url":"https:\/\/pubeurope.com\/@fi\/115761572256470040","error":""},"_links":{"self":[{"href":"https:\/\/www.europesays.com\/fi\/wp-json\/wp\/v2\/posts\/122859","targetHints":{"allow":["GET"]}}],"collection":[{"href":"https:\/\/www.europesays.com\/fi\/wp-json\/wp\/v2\/posts"}],"about":[{"href":"https:\/\/www.europesays.com\/fi\/wp-json\/wp\/v2\/types\/post"}],"author":[{"embeddable":true,"href":"https:\/\/www.europesays.com\/fi\/wp-json\/wp\/v2\/users\/2"}],"replies":[{"embeddable":true,"href":"https:\/\/www.europesays.com\/fi\/wp-json\/wp\/v2\/comments?post=122859"}],"version-history":[{"count":0,"href":"https:\/\/www.europesays.com\/fi\/wp-json\/wp\/v2\/posts\/122859\/revisions"}],"wp:featuredmedia":[{"embeddable":true,"href":"https:\/\/www.europesays.com\/fi\/wp-json\/wp\/v2\/media\/122860"}],"wp:attachment":[{"href":"https:\/\/www.europesays.com\/fi\/wp-json\/wp\/v2\/media?parent=122859"}],"wp:term":[{"taxonomy":"category","embeddable":true,"href":"https:\/\/www.europesays.com\/fi\/wp-json\/wp\/v2\/categories?post=122859"},{"taxonomy":"post_tag","embeddable":true,"href":"https:\/\/www.europesays.com\/fi\/wp-json\/wp\/v2\/tags?post=122859"}],"curies":[{"name":"wp","href":"https:\/\/api.w.org\/{rel}","templated":true}]}}