{"id":122861,"date":"2025-12-22T05:29:09","date_gmt":"2025-12-22T05:29:09","guid":{"rendered":"https:\/\/www.europesays.com\/fi\/122861\/"},"modified":"2025-12-22T05:29:09","modified_gmt":"2025-12-22T05:29:09","slug":"jattimainen-urakka-valmistui-tampereen-uumenissa-382-miljoonan-laitos-puhdistaa-jo-lahes-kaiken-jateveden","status":"publish","type":"post","link":"https:\/\/www.europesays.com\/fi\/122861\/","title":{"rendered":"J\u00e4ttim\u00e4inen urakka valmistui Tampereen uumenissa \u2013\u2009382 miljoonan laitos puhdistaa jo l\u00e4hes kaiken j\u00e4teveden"},"content":{"rendered":"<p class=\"article-ingress--medium\">Viitt\u00e4 vaille valmis keskuspuhdistamo on yksi kaikkien aikojen suurimmista rakennushankkeista Tampereella. Tampere aikoo rakentaa asuntoja Viinikanlahden j\u00e4tevedenpuhdistamon paikalle Pyh\u00e4j\u00e4rven rantaan. Aamulehti vieraili kolmena vuotena 18. joulukuuta Sulkavuoren luolastossa. Valokuvat n\u00e4ytt\u00e4v\u00e4t, miten rakentaminen eteni n\u00e4in\u00e4 vuosina.<\/p>\n<p><img decoding=\"async\" src=\"https:\/\/www.europesays.com\/fi\/wp-content\/uploads\/2025\/12\/1766381349_460_468.jpg\" alt=\"Tampereen seudun keskuspuhdistamo oy:n toimitusjohtaja Jukka Meriluoto (oik.) ja hankejohtaja Timo Heinonen k\u00e4velev\u00e4t l\u00e4pi j\u00e4lkiselkeytyshallin Tampereen Sulkavuoreen louhitussa puhdistamossa.\" class=\"_Img_1rerz_1\" style=\"aspect-ratio:1.5\" loading=\"eager\"\/><\/p>\n<p class=\"article-picture-caption\">Tampereen seudun keskuspuhdistamo oy:n toimitusjohtaja Jukka Meriluoto (oik.) ja hankejohtaja Timo Heinonen k\u00e4velev\u00e4t l\u00e4pi j\u00e4lkiselkeytyshallin Tampereen Sulkavuoreen louhitussa puhdistamossa. Kuva:\u00a0Toni Repo \/ Aamulehti<\/p>\n<p><a href=\"https:\/\/www.aamulehti.fi\/haku\/?query=Jaana+Leena+Kerola\" rel=\"nofollow noopener\" target=\"_blank\"><\/p>\n<p>Jaana Leena Kerola<\/p>\n<p><\/a><\/p>\n<p>5:30<\/p>\n<p class=\"article-body mb-nof-24 px-nof-16\">Aamulehti<\/p>\n<p class=\"article-body mb-nof-24 px-nof-16\">Saapuminen Tampereen seudun keskuspuhdistamoon Sulkavuoressa Tampereella poikkeaa edelliskerroista. Auton sijaan astumme hissiin, joka kuljettaa meid\u00e4t alas luolastoon.<\/p>\n<p class=\"article-body mb-nof-24 px-nof-16\">\u201dMik\u00e4s t\u00e4ss\u00e4. Kymmenen vuotta ja muutaman kuukauden olen tehnyt t\u00e4t\u00e4 projektia\u201d, kertoo omasta osastaan Tampereen seudun keskuspuhdistamo oy:n hankejohtaja <a class=\"article-personlink\" href=\"https:\/\/www.aamulehti.fi\/haku\/?query=Timo%20Heinonen\" rel=\"nofollow noopener\" target=\"_blank\">Timo Heinonen<\/a> leve\u00e4sti hymyillen.<\/p>\n<p>KommentoiIlmoita asiavirheest\u00e4KommentoiIlmoita asiavirheest\u00e4<\/p>\n","protected":false},"excerpt":{"rendered":"Viitt\u00e4 vaille valmis keskuspuhdistamo on yksi kaikkien aikojen suurimmista rakennushankkeista Tampereella. Tampere aikoo rakentaa asuntoja Viinikanlahden j\u00e4tevedenpuhdistamon paikalle&hellip;\n","protected":false},"author":2,"featured_media":122862,"comment_status":"","ping_status":"","sticky":false,"template":"","format":"standard","meta":{"footnotes":""},"categories":[12],"tags":[157,22,23,26,27,33,31,30,17,24,25,28,29,15,18,21,32,19,20,16],"class_list":{"0":"post-122861","1":"post","2":"type-post","3":"status-publish","4":"format-standard","5":"has-post-thumbnail","7":"category-suomi","8":"tag-aamulehti","9":"tag-breaking-news","10":"tag-breakingnews","11":"tag-featured-news","12":"tag-featurednews","13":"tag-fi","14":"tag-finland","15":"tag-finnish","16":"tag-headlines","17":"tag-latest-news","18":"tag-latestnews","19":"tag-main-news","20":"tag-mainnews","21":"tag-news","22":"tag-otsikot","23":"tag-paauutiset","24":"tag-suomi","25":"tag-top-stories","26":"tag-topstories","27":"tag-uutiset"},"share_on_mastodon":{"url":"https:\/\/pubeurope.com\/@fi\/115761575815843182","error":""},"_links":{"self":[{"href":"https:\/\/www.europesays.com\/fi\/wp-json\/wp\/v2\/posts\/122861","targetHints":{"allow":["GET"]}}],"collection":[{"href":"https:\/\/www.europesays.com\/fi\/wp-json\/wp\/v2\/posts"}],"about":[{"href":"https:\/\/www.europesays.com\/fi\/wp-json\/wp\/v2\/types\/post"}],"author":[{"embeddable":true,"href":"https:\/\/www.europesays.com\/fi\/wp-json\/wp\/v2\/users\/2"}],"replies":[{"embeddable":true,"href":"https:\/\/www.europesays.com\/fi\/wp-json\/wp\/v2\/comments?post=122861"}],"version-history":[{"count":0,"href":"https:\/\/www.europesays.com\/fi\/wp-json\/wp\/v2\/posts\/122861\/revisions"}],"wp:featuredmedia":[{"embeddable":true,"href":"https:\/\/www.europesays.com\/fi\/wp-json\/wp\/v2\/media\/122862"}],"wp:attachment":[{"href":"https:\/\/www.europesays.com\/fi\/wp-json\/wp\/v2\/media?parent=122861"}],"wp:term":[{"taxonomy":"category","embeddable":true,"href":"https:\/\/www.europesays.com\/fi\/wp-json\/wp\/v2\/categories?post=122861"},{"taxonomy":"post_tag","embeddable":true,"href":"https:\/\/www.europesays.com\/fi\/wp-json\/wp\/v2\/tags?post=122861"}],"curies":[{"name":"wp","href":"https:\/\/api.w.org\/{rel}","templated":true}]}}