{"id":122865,"date":"2025-12-22T05:45:09","date_gmt":"2025-12-22T05:45:09","guid":{"rendered":"https:\/\/www.europesays.com\/fi\/122865\/"},"modified":"2025-12-22T05:45:09","modified_gmt":"2025-12-22T05:45:09","slug":"tanaan-tvssa-tom-hanksin-muisti-palailee-patkittain-vuoden-2016-jannarissa","status":"publish","type":"post","link":"https:\/\/www.europesays.com\/fi\/122865\/","title":{"rendered":"T\u00e4n\u00e4\u00e4n tv:ss\u00e4: Tom Hanksin muisti palailee p\u00e4tkitt\u00e4in vuoden 2016 j\u00e4nn\u00e4riss\u00e4"},"content":{"rendered":"<p>T\u00e4n\u00e4\u00e4n n\u00e4hd\u00e4\u00e4n televisiossa vuonna 2016 valmistunut Inferno.<\/p>\n<p>Euroopan keskiajan historiaan vahvasti tukeutuvilla j\u00e4nn\u00e4reill\u00e4 maailmanmaineeseen ponnahtaneen <strong>Dan Brownin<\/strong> Robert Langdon -saagasta tehty kolme elokuvaa. Kirjoja on yksi enemm\u00e4n, mutta j\u00e4rjestyksess\u00e4 kolmas (Kadonnut symboli) oli ep\u00e4toivoinen yritys siirt\u00e4\u00e4 Euro-kaava Amerikan mantereelle ja tulos sen mukainen. Siit\u00e4 syyst\u00e4 se ei valkokankaallekaan p\u00e4\u00e4tynyt. Brownista voi kirjoittajana olla montaa mielt\u00e4, mutta tietty kyky h\u00e4nell\u00e4 on veivata yksinkertaisia aivonk\u00e4\u00e4nt\u00f6temppuja, joilla ep\u00e4loogisuudet, uskomattomuudet sek\u00e4 ihan vaan rehelliset banaalisuudet ohittuvat j\u00e4nnityksen imussa ilman liikoja pohdintoja.<\/p>\n<p>Liikkuvat kuvat ovat julmia. Kirjaan verrattuna on pakko suorittaa karsintaa, ja ontot kuvat entisest\u00e4\u00e4n korostavat tyhji\u00e4 repliikkej\u00e4. T\u00e4ss\u00e4 elokuvassa niit\u00e4 riitt\u00e4\u00e4 valitettavasti yllin kyllin. Langdon menett\u00e4\u00e4 ep\u00e4selv\u00e4n tapahtumaketjun seurauksena muistinsa. <strong>Danten<\/strong> luomuksiin sijoitettujen vihjeiden kannoilla etenev\u00e4 kilpajuoksu alkaa Firenzest\u00e4. V\u00e4lill\u00e4 keikahdetaan Venetsiaan ja joutsenvirsi\u00e4 veisataan Istanbulissa.<\/p>\n<p>Lue my\u00f6s: <a href=\"https:\/\/www.episodi.fi\/uutiset\/tiesitko-tata-big-teki-tom-hanksista-tahden-mutta-elokuvan-ohjaaja-teki-sadan-miljoonan-dollarin-historiaa\/\" title=\"Tiesitk\u00f6 t\u00e4t\u00e4? Big teki Tom Hanksist\u00e4 t\u00e4hden \u2013 mutta elokuvan ohjaaja teki sadan miljoonan dollarin historiaa\" class=\"underline-custom !font-montserrat !font-bold !underline-offset-4 !decoration-4 !decoration-episodi-blue !text-md\" rel=\"nofollow noopener\" target=\"_blank\">Tiesitk\u00f6 t\u00e4t\u00e4? Big teki Tom Hanksist\u00e4 t\u00e4hden \u2013 mutta elokuvan ohjaaja teki sadan miljoonan dollarin historiaa<\/a><\/p>\n<p>Lopussa tarina todellakin saavuttaa infernaaliset mittasuhteet. Niin karmean kuuloista ovat etenkin <strong>Felicity Jonesin<\/strong> hahmolle kirjoitetut paatokselliset repliikit. Melkein voisi nauraa, mutta kun ei t\u00e4ss\u00e4 oikeasti ole tekij\u00f6iden puolelta mit\u00e4\u00e4n huvittavaa. Ongelmaa on Langdonin kuvallisessa hahmossakin sek\u00e4 sen tulkitsijassa <strong>Tom Hanksissa<\/strong>. H\u00e4n nyt vaan on jo liian i\u00e4k\u00e4s eik\u00e4 mik\u00e4\u00e4n uskottava Indiana Jones\/James Bond-hybridi. <strong>Irrfan Khan<\/strong> suorittaa roolinsa kunniallisesti. H\u00e4n lataa hahmoonsa sopivasti viile\u00e4\u00e4 ratkaisu- ja toimintakyky\u00e4 tiukan paikan tullen. Annettakoon siit\u00e4 toinen t\u00e4hdykk\u00e4.<\/p>\n<p>Inferno tympii typeryydell\u00e4\u00e4n ja huonoudellaan. Kuvauspaikkoja kyll\u00e4 katselee mieluusti, mutta tarinan etenemisen seuraaminen on suurelta osin tuskallista. N\u00e4ytteleminen ontuu, toimintakohtien leikkaukset nykiv\u00e4t ja ohjaus ylip\u00e4\u00e4t\u00e4\u00e4n on liian lepsua. Kaikki kalkkunaleffan ainekset ovat siis koossa \u2013 ei miss\u00e4\u00e4n tapauksessa kuitenkaan kalkkunaklassikon.<\/p>\n<p>Purkkaromaaneista voi saada aikaan hyvi\u00e4kin elokuvia. T\u00e4m\u00e4 nyt vaan ei ole yksi niist\u00e4.<\/p>\n<p>Inferno esitet\u00e4\u00e4n nyt televisiossa kolme kertaa:<\/p>\n<ul class=\"wp-block-list\">\n<li>Ma 22.12.2025 klo 21.00 \u00b7 Nelonen<\/li>\n<li>Pe 26.12.2025 klo 23.35 \u00b7 Nelonen<\/li>\n<li>La 27.12.2025 klo 21.00 \u00b7 Jim<\/li>\n<\/ul>\n<p>Elokuva l\u00f6ytyy my\u00f6s HBO Maxista. Katso traileri alta.<\/p>\n<p>Arvio: Esa Karell<\/p>\n<p><img loading=\"lazy\" decoding=\"async\" alt=\"YouTube video\" width=\"480\" height=\"360\" data-pin-nopin=\"true\" nopin=\"nopin\" class=\"perfmatters-lazy\" src=\"https:\/\/www.europesays.com\/fi\/wp-content\/uploads\/2025\/12\/1766382309_604_hqdefault.jpg\"\/><\/p>\n<p>Lue my\u00f6s: <a href=\"https:\/\/www.episodi.fi\/uutiskirje\/?uutiskirjemainos=tekstilinkkimainos\" title=\"Tilaa Episodin uutiskirje ja voit voittaa leffalippuja! Nappaa tv-vinkit suoraan s\u00e4hk\u00f6postiin t\u00e4st\u00e4.\" class=\"underline-custom !font-montserrat !font-bold !underline-offset-4 !decoration-4 !decoration-episodi-blue !text-md\" rel=\"nofollow noopener\" target=\"_blank\">Tilaa Episodin uutiskirje ja voit voittaa leffalippuja! Nappaa katseluvinkit suoraan s\u00e4hk\u00f6postiin t\u00e4st\u00e4.<\/a><\/p>\n","protected":false},"excerpt":{"rendered":"T\u00e4n\u00e4\u00e4n n\u00e4hd\u00e4\u00e4n televisiossa vuonna 2016 valmistunut Inferno. Euroopan keskiajan historiaan vahvasti tukeutuvilla j\u00e4nn\u00e4reill\u00e4 maailmanmaineeseen ponnahtaneen Dan Brownin Robert&hellip;\n","protected":false},"author":2,"featured_media":122866,"comment_status":"","ping_status":"","sticky":false,"template":"","format":"standard","meta":{"footnotes":""},"categories":[133],"tags":[137,33,31,30,280,32,206,139,156,109],"class_list":{"0":"post-122865","1":"post","2":"type-post","3":"status-publish","4":"format-standard","5":"has-post-thumbnail","7":"category-televisiot","8":"tag-entertainment","9":"tag-fi","10":"tag-finland","11":"tag-finnish","12":"tag-hbo-max","13":"tag-suomi","14":"tag-televisiot","15":"tag-tv-ohjelmat","16":"tag-tv","17":"tag-viihde"},"share_on_mastodon":{"url":"https:\/\/pubeurope.com\/@fi\/115761638643212885","error":""},"_links":{"self":[{"href":"https:\/\/www.europesays.com\/fi\/wp-json\/wp\/v2\/posts\/122865","targetHints":{"allow":["GET"]}}],"collection":[{"href":"https:\/\/www.europesays.com\/fi\/wp-json\/wp\/v2\/posts"}],"about":[{"href":"https:\/\/www.europesays.com\/fi\/wp-json\/wp\/v2\/types\/post"}],"author":[{"embeddable":true,"href":"https:\/\/www.europesays.com\/fi\/wp-json\/wp\/v2\/users\/2"}],"replies":[{"embeddable":true,"href":"https:\/\/www.europesays.com\/fi\/wp-json\/wp\/v2\/comments?post=122865"}],"version-history":[{"count":0,"href":"https:\/\/www.europesays.com\/fi\/wp-json\/wp\/v2\/posts\/122865\/revisions"}],"wp:featuredmedia":[{"embeddable":true,"href":"https:\/\/www.europesays.com\/fi\/wp-json\/wp\/v2\/media\/122866"}],"wp:attachment":[{"href":"https:\/\/www.europesays.com\/fi\/wp-json\/wp\/v2\/media?parent=122865"}],"wp:term":[{"taxonomy":"category","embeddable":true,"href":"https:\/\/www.europesays.com\/fi\/wp-json\/wp\/v2\/categories?post=122865"},{"taxonomy":"post_tag","embeddable":true,"href":"https:\/\/www.europesays.com\/fi\/wp-json\/wp\/v2\/tags?post=122865"}],"curies":[{"name":"wp","href":"https:\/\/api.w.org\/{rel}","templated":true}]}}