{"id":122879,"date":"2025-12-22T06:11:11","date_gmt":"2025-12-22T06:11:11","guid":{"rendered":"https:\/\/www.europesays.com\/fi\/122879\/"},"modified":"2025-12-22T06:11:11","modified_gmt":"2025-12-22T06:11:11","slug":"illalla-tvssa-hurjaa-toimintaa-ja-lopon-katkua-kulissien-kirea-tunnelma-siirtyi-suoraan-valkokankaalle","status":"publish","type":"post","link":"https:\/\/www.europesays.com\/fi\/122879\/","title":{"rendered":"Illalla tv:ss\u00e4: Hurjaa toimintaa ja l\u00f6p\u00f6n katkua \u2013 kulissien kire\u00e4 tunnelma siirtyi suoraan valkokankaalle"},"content":{"rendered":"<p>Illalla esitet\u00e4\u00e4n televisiossa elokuva Mad Max: Fury Road (2015), joka tempaa katsojan keskelle armotonta aavikkotaistelua.<\/p>\n<p>Ohjaaja <strong>George Miller<\/strong> palaa juurilleen post-apokalyptisessa maailmassa. Max ja Furiosa ly\u00f6tt\u00e4ytyv\u00e4t yhteen ep\u00e4toivoiseen taisteluun tyrannimaista johtajaa ja t\u00e4m\u00e4n sotajoukkoja vastaan.<\/p>\n<p>Elokuva on tauotonta takaa-ajoa ja vaarallisia stuntteja, ja kuvausten intensiteetti\u00e4 lis\u00e4si p\u00e4\u00e4t\u00e4htien v\u00e4linen kire\u00e4 ilmapiiri. <strong>Charlize Theron<\/strong> on kertonut, ett\u00e4 h\u00e4nen ja <strong>Tom Hardyn<\/strong> v\u00e4lit olivat kuvauksissa huonot.<\/p>\n<p><img loading=\"lazy\" height=\"675\" width=\"1200\" class=\"wp-image-128053 sp-no-webp perfmatters-lazy\" alt=\"\" decoding=\"async\" src=\"https:\/\/www.europesays.com\/fi\/wp-content\/uploads\/2025\/12\/1766383869_976_mad-max-fury-road.jpg\"  data-\/> <\/p>\n<p>\u2013 Mit\u00e4 olen kuullut, h\u00e4n ei ole sellainen kaikissa elokuvissa. Ehk\u00e4 elokuva on sellainen kuin se on, koska me taistelimme kesken\u00e4mme niin paljon, niin kuin hahmotkin, Theron arveli.<\/p>\n<p>Hardy halusi pysy\u00e4 roolissaan kuvaustauoillakin, joten se aiheutti ongelmia n\u00e4yttelij\u00f6iden v\u00e4lill\u00e4. He kuitenkin sopivat my\u00f6hemmin keskin\u00e4iset pulmansa.<\/p>\n<p>Kenties yll\u00e4tt\u00e4en, elokuva ei p\u00e4\u00e4ssyt omilleen. Se j\u00e4i kaikkien kulujen j\u00e4lkeen 20-40 miljoonaa tappiolle. Arvostusta elokuva kuitenkin sai osakseen, ja Oscar-gaalassa elokuva oli ehdolla kymmeness\u00e4 kategoriassa, joista se voitti kuusi. American Film Institute puolestaan nimesi sen vuoden 2015 kymmenen parhaan elokuvan joukkoon.<\/p>\n<p>Mad Max: Fury Road on my\u00f6s Netflixiss\u00e4 ja Viaplayssa. Elokuvan Rotten Tomatoes -kriitikkomittari on luvussa 97 ja yleis\u00f6mittari luvussa 86. Alla traileri.<\/p>\n<p>Tulevat l\u00e4hetykset:<\/p>\n<ul class=\"wp-block-list\">\n<li>Ma 22.12.2025 klo 21.00 \u00b7 Kutonen<\/li>\n<\/ul>\n<p>Lue my\u00f6s: <a href=\"https:\/\/www.episodi.fi\/uutiset\/nyt-netflixissa-mads-mikkelsenin-huippuluokan-toimintakomedia-rotten-tomatoes-luku-96\/\" title=\"Nyt Netflixiss\u00e4: Mads Mikkelsenin huippuluokan toimintakomedia \u2013 Rotten Tomatoes -luku 96!\" class=\"underline-custom !font-montserrat !font-bold !underline-offset-4 !decoration-4 !decoration-episodi-blue !text-md\" rel=\"nofollow noopener\" target=\"_blank\">Nyt Netflixiss\u00e4: Mads Mikkelsenin huippuluokan toimintakomedia \u2013 Rotten Tomatoes -luku 96!<\/a><\/p>\n<p>Lue my\u00f6s: <a href=\"https:\/\/www.episodi.fi\/uutiset\/nyt-netflixissa-rankka-huippuleffa-kertoo-usan-sisallissodasta-kylmaava-draama\/\" title=\"Nyt Netflixiss\u00e4: Rankka huippuleffa kertoo USA:n sis\u00e4llissodasta \u2013 \u201dKylm\u00e4\u00e4v\u00e4 draama\u201d\" class=\"underline-custom !font-montserrat !font-bold !underline-offset-4 !decoration-4 !decoration-episodi-blue !text-md\" rel=\"nofollow noopener\" target=\"_blank\">Nyt Netflixiss\u00e4: Rankka huippuleffa kertoo USA:n sis\u00e4llissodasta \u2013 \u201dKylm\u00e4\u00e4v\u00e4 draama\u201d<\/a><\/p>\n<p>Lue my\u00f6s: <a href=\"https:\/\/www.episodi.fi\/uutiset\/muistatko-taman-charlie-sheen-ajelee-dodge-m4s-turbo-interceptorilla-ja-kostaa-hanet-tappaneelle-rikollisjengille\/\" title=\"Muistatko t\u00e4m\u00e4n? Charlie Sheen ajelee Dodge M4S Turbo Interceptorilla ja kostaa h\u00e4net tappaneelle rikollisjengille\" class=\"underline-custom !font-montserrat !font-bold !underline-offset-4 !decoration-4 !decoration-episodi-blue !text-md\" rel=\"nofollow noopener\" target=\"_blank\">Muistatko t\u00e4m\u00e4n? Charlie Sheen ajelee Dodge M4S Turbo Interceptorilla ja kostaa h\u00e4net tappaneelle rikollisjengille<\/a><\/p>\n<p>Lue my\u00f6s: <a href=\"https:\/\/www.episodi.fi\/uutiset\/dokumenttisarja-lontoon-traumaosastoilta-nousi-suomen-netflixin-top-kymppiin-imdb-arvosana-on-kova\/\" title=\"Dokumenttisarja Lontoon traumaosastoilta nousi Suomen Netflixin top kymppiin \u2013 IMDb-arvosana on kova\" class=\"underline-custom !font-montserrat !font-bold !underline-offset-4 !decoration-4 !decoration-episodi-blue !text-md\" rel=\"nofollow noopener\" target=\"_blank\">Dokumenttisarja Lontoon traumaosastoilta nousi Suomen Netflixin top kymppiin \u2013 IMDb-arvosana on kova<\/a><\/p>\n<p><img loading=\"lazy\" decoding=\"async\" alt=\"YouTube video\" width=\"480\" height=\"360\" data-pin-nopin=\"true\" nopin=\"nopin\" class=\"perfmatters-lazy\" src=\"https:\/\/www.europesays.com\/fi\/wp-content\/uploads\/2025\/12\/1766117409_894_hqdefault.jpg\"\/><\/p>\n<p>L\u00e4hde: <a href=\"https:\/\/en.wikipedia.org\/wiki\/Mad_Max:_Fury_Road\" target=\"_blank\" rel=\"noreferrer noopener nofollow\">Wikipedia<\/a><\/p>\n<p>Lue my\u00f6s: <a href=\"https:\/\/www.episodi.fi\/uutiskirje\/?uutiskirjemainos=tekstilinkkimainos\" title=\"Tilaa Episodin uutiskirje ja voit voittaa leffalippuja! Nappaa tv-vinkit suoraan s\u00e4hk\u00f6postiin t\u00e4st\u00e4.\" class=\"underline-custom !font-montserrat !font-bold !underline-offset-4 !decoration-4 !decoration-episodi-blue !text-md\" rel=\"nofollow noopener\" target=\"_blank\">Tilaa Episodin uutiskirje ja voit voittaa leffalippuja! Nappaa katseluvinkit suoraan s\u00e4hk\u00f6postiin t\u00e4st\u00e4.<\/a><\/p>\n","protected":false},"excerpt":{"rendered":"Illalla esitet\u00e4\u00e4n televisiossa elokuva Mad Max: Fury Road (2015), joka tempaa katsojan keskelle armotonta aavikkotaistelua. Ohjaaja George Miller&hellip;\n","protected":false},"author":2,"featured_media":122880,"comment_status":"","ping_status":"","sticky":false,"template":"","format":"standard","meta":{"footnotes":""},"categories":[133],"tags":[137,33,31,30,32,206,139,156,109],"class_list":{"0":"post-122879","1":"post","2":"type-post","3":"status-publish","4":"format-standard","5":"has-post-thumbnail","7":"category-televisiot","8":"tag-entertainment","9":"tag-fi","10":"tag-finland","11":"tag-finnish","12":"tag-suomi","13":"tag-televisiot","14":"tag-tv-ohjelmat","15":"tag-tv","16":"tag-viihde"},"share_on_mastodon":{"url":"https:\/\/pubeurope.com\/@fi\/115761740872666494","error":""},"_links":{"self":[{"href":"https:\/\/www.europesays.com\/fi\/wp-json\/wp\/v2\/posts\/122879","targetHints":{"allow":["GET"]}}],"collection":[{"href":"https:\/\/www.europesays.com\/fi\/wp-json\/wp\/v2\/posts"}],"about":[{"href":"https:\/\/www.europesays.com\/fi\/wp-json\/wp\/v2\/types\/post"}],"author":[{"embeddable":true,"href":"https:\/\/www.europesays.com\/fi\/wp-json\/wp\/v2\/users\/2"}],"replies":[{"embeddable":true,"href":"https:\/\/www.europesays.com\/fi\/wp-json\/wp\/v2\/comments?post=122879"}],"version-history":[{"count":0,"href":"https:\/\/www.europesays.com\/fi\/wp-json\/wp\/v2\/posts\/122879\/revisions"}],"wp:featuredmedia":[{"embeddable":true,"href":"https:\/\/www.europesays.com\/fi\/wp-json\/wp\/v2\/media\/122880"}],"wp:attachment":[{"href":"https:\/\/www.europesays.com\/fi\/wp-json\/wp\/v2\/media?parent=122879"}],"wp:term":[{"taxonomy":"category","embeddable":true,"href":"https:\/\/www.europesays.com\/fi\/wp-json\/wp\/v2\/categories?post=122879"},{"taxonomy":"post_tag","embeddable":true,"href":"https:\/\/www.europesays.com\/fi\/wp-json\/wp\/v2\/tags?post=122879"}],"curies":[{"name":"wp","href":"https:\/\/api.w.org\/{rel}","templated":true}]}}