{"id":122881,"date":"2025-12-22T06:14:07","date_gmt":"2025-12-22T06:14:07","guid":{"rendered":"https:\/\/www.europesays.com\/fi\/122881\/"},"modified":"2025-12-22T06:14:07","modified_gmt":"2025-12-22T06:14:07","slug":"gyllenbergin-saatio-avaa-vuoden-2026-apurahahaun-ja-tasmentaa-laaketieteellisen-tutkimuksen-ohjesaantoaan","status":"publish","type":"post","link":"https:\/\/www.europesays.com\/fi\/122881\/","title":{"rendered":"Gyllenbergin s\u00e4\u00e4ti\u00f6 avaa vuoden 2026 apurahahaun ja t\u00e4sment\u00e4\u00e4 l\u00e4\u00e4ketieteellisen tutkimuksen ohjes\u00e4\u00e4nt\u00f6\u00e4\u00e4n"},"content":{"rendered":"<p><strong>Ohjes\u00e4\u00e4nt\u00f6jen p\u00e4ivityksen tausta<\/strong><\/p>\n<p>Signe ja Ane Gyllenbergin s\u00e4\u00e4ti\u00f6 tukee l\u00e4\u00e4ketieteellist\u00e4 ja siihen liittyv\u00e4\u00e4 luonnontieteellist\u00e4 tutkimusta, jossa erityisen\u00e4 painopisteen\u00e4 on psyyken merkitys fyysiselle terveydelle. Lis\u00e4ksi s\u00e4\u00e4ti\u00f6 my\u00f6nt\u00e4\u00e4 tukea veritautien tutkimukseen. Ohjes\u00e4\u00e4nt\u00f6jen p\u00e4ivityksill\u00e4 vastataan nykyajan tutkimuskent\u00e4n muuttuviin tarpeisiin ja vahvistetaan s\u00e4\u00e4ti\u00f6n pitk\u00e4n aikav\u00e4lin yhteiskunnallista vaikutusta.<\/p>\n<p>Tutkimushankkeita tuetaan siten, ett\u00e4 ne edist\u00e4v\u00e4t kokonaisvaltaista ihmisn\u00e4kemyst\u00e4 yhdist\u00e4m\u00e4ll\u00e4 s\u00e4\u00e4ti\u00f6n humanistinen perint\u00f6 nykyaikaiseen l\u00e4\u00e4ketieteelliseen tutkimukseen.<\/p>\n<p><strong>Apurahat kohdistetaan seuraaville alueille<\/strong><\/p>\n<p>\u2022 <strong>Psykosomaattinen l\u00e4\u00e4ketiede<\/strong><\/p>\n<p>Tutkimus, joka osoittaa, miten psyykkiset tekij\u00e4t vaikuttavat kehon elimiin ja toimintoihin, mit\u00e4 mekanismeja t\u00e4m\u00e4n taustalla on, miten ne voivat my\u00f6t\u00e4vaikuttaa sairauksiin ja miten hoito tai terapia voi v\u00e4hent\u00e4\u00e4 kielteisi\u00e4 vaikutuksia.<\/p>\n<p>\u2022 <strong>Hyvinvoinnin kokonaisn\u00e4kemys<\/strong><\/p>\n<p>Tutkimus ihmisest\u00e4 kokonaisuutena: mielen, tunteiden, kehon ja ymp\u00e4rist\u00f6n vuorovaikutus, minuuden ja moraalisten arvojen merkitys sek\u00e4 n\u00e4iden heijastumat hoidossa (esimerkiksi l\u00e4\u00e4ketieteellinen etiikka, palliatiivinen hoito ja taidekokemusten vaikutukset). T\u00e4h\u00e4n kuuluu my\u00f6s luonnonmukaisen\/biodynaamisen viljelyn ja terveyden v\u00e4linen yhteys.<\/p>\n<p>\u2022 <strong>Veritaudit<\/strong><\/p>\n<p>Tukea voidaan my\u00f6nt\u00e4\u00e4 pahan- ja hyv\u00e4nlaatuisten veritautien tutkimukseen, mukaan lukien syyt, mekanismit, hoidot ja j\u00e4lkivaikutukset.<\/p>\n<p><strong>Apurahaperiaatteita on t\u00e4smennetty ja kokonaiskuvaa tarkastellaan laajassa, tutkimusn\u00e4ytt\u00f6\u00f6n nojaavassa kehyksess\u00e4.<\/strong><\/p>\n<p><strong>Hakuaika ja lis\u00e4tiedot<\/strong><\/p>\n<p>Apurahahaku on avoinna 24.12.2025\u201331.1.2026.<\/p>\n<p>Lis\u00e4tietoja apurahoista ja s\u00e4\u00e4ti\u00f6n toiminnasta l\u00f6ytyy osoitteesta <a href=\"http:\/\/gyllenbergs.fi\" rel=\"nofollow noopener\" target=\"_blank\">gyllenbergs.fi<\/a>.<\/p>\n<p><strong>Lis\u00e4tietoja antaa:<\/strong><\/p>\n<p>Antonia Laszlo<\/p>\n<p>Apuraha- ja viestint\u00e4vastaava<\/p>\n<p><a href=\"https:\/\/www.sttinfo.fi\/tiedote\/71689586\/mailto:antonia.laszlo@gyllenbergs.fi\" rel=\"nofollow noopener\" target=\"_blank\">antonia.laszlo@gyllenbergs.fi<\/a><\/p>\n","protected":false},"excerpt":{"rendered":"Ohjes\u00e4\u00e4nt\u00f6jen p\u00e4ivityksen tausta Signe ja Ane Gyllenbergin s\u00e4\u00e4ti\u00f6 tukee l\u00e4\u00e4ketieteellist\u00e4 ja siihen liittyv\u00e4\u00e4 luonnontieteellist\u00e4 tutkimusta, jossa erityisen\u00e4 painopisteen\u00e4&hellip;\n","protected":false},"author":2,"featured_media":122882,"comment_status":"","ping_status":"","sticky":false,"template":"","format":"standard","meta":{"footnotes":""},"categories":[165],"tags":[33,31,30,166,32,167],"class_list":{"0":"post-122881","1":"post","2":"type-post","3":"status-publish","4":"format-standard","5":"has-post-thumbnail","7":"category-terveys","8":"tag-fi","9":"tag-finland","10":"tag-finnish","11":"tag-health","12":"tag-suomi","13":"tag-terveys"},"share_on_mastodon":{"url":"https:\/\/pubeurope.com\/@fi\/115761752575068028","error":""},"_links":{"self":[{"href":"https:\/\/www.europesays.com\/fi\/wp-json\/wp\/v2\/posts\/122881","targetHints":{"allow":["GET"]}}],"collection":[{"href":"https:\/\/www.europesays.com\/fi\/wp-json\/wp\/v2\/posts"}],"about":[{"href":"https:\/\/www.europesays.com\/fi\/wp-json\/wp\/v2\/types\/post"}],"author":[{"embeddable":true,"href":"https:\/\/www.europesays.com\/fi\/wp-json\/wp\/v2\/users\/2"}],"replies":[{"embeddable":true,"href":"https:\/\/www.europesays.com\/fi\/wp-json\/wp\/v2\/comments?post=122881"}],"version-history":[{"count":0,"href":"https:\/\/www.europesays.com\/fi\/wp-json\/wp\/v2\/posts\/122881\/revisions"}],"wp:featuredmedia":[{"embeddable":true,"href":"https:\/\/www.europesays.com\/fi\/wp-json\/wp\/v2\/media\/122882"}],"wp:attachment":[{"href":"https:\/\/www.europesays.com\/fi\/wp-json\/wp\/v2\/media?parent=122881"}],"wp:term":[{"taxonomy":"category","embeddable":true,"href":"https:\/\/www.europesays.com\/fi\/wp-json\/wp\/v2\/categories?post=122881"},{"taxonomy":"post_tag","embeddable":true,"href":"https:\/\/www.europesays.com\/fi\/wp-json\/wp\/v2\/tags?post=122881"}],"curies":[{"name":"wp","href":"https:\/\/api.w.org\/{rel}","templated":true}]}}