{"id":122888,"date":"2025-12-22T06:20:10","date_gmt":"2025-12-22T06:20:10","guid":{"rendered":"https:\/\/www.europesays.com\/fi\/122888\/"},"modified":"2025-12-22T06:20:10","modified_gmt":"2025-12-22T06:20:10","slug":"sokea-mies-sai-kutsun-sotaan-ja-pakeni-venajalta","status":"publish","type":"post","link":"https:\/\/www.europesays.com\/fi\/122888\/","title":{"rendered":"Sokea mies sai kutsun sotaan ja pakeni Ven\u00e4j\u00e4lt\u00e4"},"content":{"rendered":"<p>Ven\u00e4l\u00e4inen Dmitri Kljukvin odotti kuukausia Meksikossa ennen kuin p\u00e4\u00e4si Yhdysvaltoihin, jossa odotti onni.<\/p>\n<p class=\"article-body mb-nof-24 px-nof-16\">Tv-lehti arvioi: &#8211; Tilanne on vakava. Rahat ovat loppumassa. Invalideettikorvaukseni on todella pieni, valittaa <a class=\"article-personlink\" href=\"https:\/\/www.is.fi\/haku\/?query=Dmitri%20Kljukvin\" rel=\"nofollow noopener\" target=\"_blank\">Dmitri Kljukvin <\/a>Mexico Cityss\u00e4 lokakuussa 2023.<\/p>\n<p class=\"article-body mb-nof-24 px-nof-16\">Kljukvin on odottanut kohta kolme kuukautta mahdollisuutta p\u00e4\u00e4st\u00e4 turvapaikkahaastatteluun Yhdysvaltoihin. Apuna on siell\u00e4 asuva<a class=\"article-personlink\" href=\"https:\/\/www.is.fi\/haku\/?query=%20Anastasia\" rel=\"nofollow noopener\" target=\"_blank\"> Anastasia<\/a>, joka ottaa jopa velkaa auttaakseen Dmitri\u00e4. Anastasia otti yhteytt\u00e4 Dmitriin n\u00e4hty\u00e4\u00e4n tarinoita t\u00e4m\u00e4n kohtelusta Ven\u00e4j\u00e4ll\u00e4.<\/p>\n<p class=\"article-body mb-nof-24 px-nof-16\">Kljukvin kuuluu satoihin tuhansiin nuoriin miehiin, jotka pakenivat Ven\u00e4j\u00e4lt\u00e4 presidentti <a class=\"article-personlink\" href=\"https:\/\/www.is.fi\/haku\/?query=Vladimir%20Putinin\" rel=\"nofollow noopener\" target=\"_blank\">Vladimir Putinin<\/a> aloitettua sodan Ukrainaa vastaan. My\u00f6s jo 34-vuotias Kljukvin joutui kutsuntoihin.<\/p>\n<p class=\"article-body mb-nof-24 px-nof-16\">T\u00e4m\u00e4 her\u00e4tti huomiota jopa Ven\u00e4j\u00e4ll\u00e4. Kljukvin on n\u00e4et syntym\u00e4sokea. Toimittajat seurasivat h\u00e4nen mukanaan kutsuntoihin. Armeijaan miest\u00e4 ei sent\u00e4\u00e4n l\u00e4hetetty.<\/p>\n<p class=\"article-body mb-nof-24 px-nof-16\">\u2013 Sain paljon kommentteja, etten olisi t\u00e4ysin sokea, Kljukvin kertoo.<\/p>\n<p class=\"article-body mb-nof-24 px-nof-16\">\u2013 Voin kuitenkin helposti todistaa sen. Se ei vain ole lapsille ja heikkohermoisille sopivaa, sanoo Kljukvin ja irrottaa silm\u00e4proteesinsa.<\/p>\n<p><img decoding=\"async\" src=\"https:\/\/www.europesays.com\/fi\/wp-content\/uploads\/2025\/12\/1766384410_275_468.jpg\" alt=\"Aiemmin Mexico Cityyn tulleet ven\u00e4l\u00e4ismiehet auttoivat Kljukvinia kaupungissa.\" class=\"_Img_1rerz_1\" style=\"aspect-ratio:1\" loading=\"eager\"\/><\/p>\n<p class=\"article-picture-caption\">Aiemmin Mexico Cityyn tulleet ven\u00e4l\u00e4ismiehet auttoivat Kljukvinia kaupungissa. Kuva:\u00a0Katja Liukkonen\/YLE <\/p>\n<p class=\"article-body mb-nof-24 px-nof-16\"><a class=\"article-personlink\" href=\"https:\/\/www.is.fi\/haku\/?query=Katja%20Liukkosen\" rel=\"nofollow noopener\" target=\"_blank\">Katja Liukkosen <\/a>k\u00e4sikirjoittama ja ohjaama Ulkolinja-dokumentti Sokeana sotaa pakoon keskittyy Kljukvinin kiirastuleen Mexico Cityssa.<\/p>\n<p class=\"article-body mb-nof-24 px-nof-16\">Sokean miehen hankaluudet tuntemattomassa suurkaupungissa k\u00e4yv\u00e4t nopeasti selviksi. Kljukvinin itse \u201dkuvaamalla\u201d videolla jo hissiin p\u00e4\u00e4sy on vaikeaa.<\/p>\n<p class=\"article-body mb-nof-24 px-nof-16\">Hotellin wifi-salasanasta respa toteaa, ett\u00e4 \u201dseh\u00e4n lukee kortissa\u201d.<\/p>\n<p class=\"article-body mb-nof-24 px-nof-16\">\u2013 Ulkona on turvatonta. Meksikossa on paljon rikollisuutta. Kaikki puhuvat espanjaa, jota en osaa, Kljukvin kertoo hotellissaan.<\/p>\n<p class=\"article-body mb-nof-24 px-nof-16\">Avuksi l\u00f6ytyy kaupunkiin jo aiemmin tullutta ven\u00e4l\u00e4ismiest\u00e4, jotka tarjoavat kotoista ruokaa. Anastasia k\u00e4y tapaamassa Yhdysvaltain puolelta.<\/p>\n<p class=\"article-body mb-nof-24 px-nof-16\">\u2013 Anastasia on auttanut paljon. Meist\u00e4 tuli l\u00e4heisempi\u00e4. Nyt olemme yhdess\u00e4, tyytyv\u00e4inen Dmitri ilmoittaa.<\/p>\n<p><img decoding=\"async\" src=\"https:\/\/www.europesays.com\/fi\/wp-content\/uploads\/2025\/12\/1766384410_605_468.jpg\" alt=\"Vieraassa kaupungissa ja suuressa hotellissa selvi\u00e4minen on sokealle miehelle ty\u00f6l\u00e4st\u00e4.\" class=\"_Img_1rerz_1\" style=\"aspect-ratio:1\" loading=\"eager\"\/><\/p>\n<p class=\"article-picture-caption\">Vieraassa kaupungissa ja suuressa hotellissa selvi\u00e4minen on sokealle miehelle ty\u00f6l\u00e4st\u00e4. Kuva:\u00a0Katja Liukkonen\/YLE <\/p>\n<p class=\"article-body mb-nof-24 px-nof-16\">Marraskuussa 2023 odotus viimein p\u00e4\u00e4ttyy ja Dimitri p\u00e4\u00e4see rajan yli Yhdysvaltoihin.<\/p>\n<p class=\"article-body mb-nof-24 px-nof-16\">\u2013 Nyt voin huokaista helpotuksesta ja ottaa rennommin, h\u00e4n sanoo.<\/p>\n<p class=\"article-body mb-nof-24 px-nof-16\">Kljukvin yritt\u00e4\u00e4 kuitenkin olla realisti. H\u00e4n tiet\u00e4\u00e4, ett\u00e4 pilvilinnat romahtavat \u00e4kki\u00e4.<\/p>\n<p class=\"article-body mb-nof-24 px-nof-16\">\u2013 Yrit\u00e4n olla maalaamatta tulevaisuutta. El\u00e4m\u00e4 on niin arvaamaton.<\/p>\n<p class=\"article-body mb-nof-24 px-nof-16\">Yhdysvaltalaisten viranomaisten haastattelu sujuu lopulta helposti. Sokeudesta kysell\u00e4\u00e4n, mutta Kljukvinia uskotaan ilman, ett\u00e4 proteeseja tarvitsee ottaa pois.<\/p>\n<p class=\"article-body mb-nof-24 px-nof-16\">Loppu tuntuu onnelliselta. Viimeisiss\u00e4 kuvissa Dimitri on ensin raskaana olevan Anastasian kanssa ja sitten vauva syliss\u00e4\u00e4n.<\/p>\n<p class=\"article-body mb-nof-24 px-nof-16\">On joulukuu 2024. Dokumentin tekstin mukaan turvapaikan k\u00e4sittely on silloin viel\u00e4 kesken.<\/p>\n<p class=\"article-body mb-nof-24 px-nof-16\">Kljukvinin taustasta kerrotaan v\u00e4h\u00e4n lyhyess\u00e4 dokumentissa. Miksi sokeaa miest\u00e4 halutaan sotaan, vaikka h\u00e4net on aiemmin vapautettu asepalveluksesta?<\/p>\n<p class=\"article-body mb-nof-24 px-nof-16\">Asia vaikuttaa liittyv\u00e4n t\u00e4m\u00e4n aktivismiin. Dokumentissa vilahtavat sotaa vastaan j\u00e4rjestetyt mielenosoitukset Ven\u00e4j\u00e4ll\u00e4. Protestoijia kohdellaan kovakouraisesti.<\/p>\n<p class=\"article-body mb-nof-24 px-nof-16\">\u2013 Kun puhuu totta ja esitt\u00e4\u00e4 poliittisia mielipiteit\u00e4, antaa haastatteluja, sanoo v\u00e4\u00e4r\u00e4n sanan tai puhuu ei-toivotulle j\u00e4rjest\u00f6lle voi joutua vankilaan eik\u00e4 vain minimiajaksi. Voi saada pidemm\u00e4n tuomion kuin taposta tai raiskauksesta, Kljukvin kertoo.<\/p>\n<p class=\"article-body mb-nof-24 px-nof-16\"><a class=\"article-personlink\" href=\"https:\/\/www.is.fi\/haku\/?query=Donald%20Trumpin\" rel=\"nofollow noopener\" target=\"_blank\">Donald Trumpin <\/a>palattua Yhdysvaltain presidentiksi otteet my\u00f6s ven\u00e4l\u00e4ispakolaisia vastaan ovat koventuneet. On raportoitu, ett\u00e4 ainakin kymmeni\u00e4 turvapaikanhakijoita on lenn\u00e4tetty Egyptin kautta Ven\u00e4j\u00e4lle. Jos kyseess\u00e4 ovat sotilaskarkurit, heit\u00e4 odottaa kotimaassa ankara rangaistus.<\/p>\n<p class=\"article-body mb-nof-24 px-nof-16\">Toivottavasti jo perheen Yhdysvaltoihin perustaneelle Dmitrille k\u00e4y paremmin.<\/p>\n<p class=\"article-body nof-ui-body-medium mb-nof-24 px-nof-16\">Ulkolinja: Sokeana sotaa pakoon Yle TV1 klo 21.45 maanantaina 22.12. ja Yle Areena.<\/p>\n","protected":false},"excerpt":{"rendered":"Ven\u00e4l\u00e4inen Dmitri Kljukvin odotti kuukausia Meksikossa ennen kuin p\u00e4\u00e4si Yhdysvaltoihin, jossa odotti onni. Tv-lehti arvioi: &#8211; Tilanne on&hellip;\n","protected":false},"author":2,"featured_media":122889,"comment_status":"","ping_status":"","sticky":false,"template":"","format":"standard","meta":{"footnotes":""},"categories":[14],"tags":[22,23,26,27,33,31,30,17,34,24,25,28,29,15,18,21,32,19,20,56,16,59,60,61],"class_list":{"0":"post-122888","1":"post","2":"type-post","3":"status-publish","4":"format-standard","5":"has-post-thumbnail","7":"category-ulkomaat","8":"tag-breaking-news","9":"tag-breakingnews","10":"tag-featured-news","11":"tag-featurednews","12":"tag-fi","13":"tag-finland","14":"tag-finnish","15":"tag-headlines","16":"tag-ilta-sanomat","17":"tag-latest-news","18":"tag-latestnews","19":"tag-main-news","20":"tag-mainnews","21":"tag-news","22":"tag-otsikot","23":"tag-paauutiset","24":"tag-suomi","25":"tag-top-stories","26":"tag-topstories","27":"tag-ulkomaat","28":"tag-uutiset","29":"tag-world","30":"tag-world-news","31":"tag-worldnews"},"share_on_mastodon":{"url":"https:\/\/pubeurope.com\/@fi\/115761776375796272","error":""},"_links":{"self":[{"href":"https:\/\/www.europesays.com\/fi\/wp-json\/wp\/v2\/posts\/122888","targetHints":{"allow":["GET"]}}],"collection":[{"href":"https:\/\/www.europesays.com\/fi\/wp-json\/wp\/v2\/posts"}],"about":[{"href":"https:\/\/www.europesays.com\/fi\/wp-json\/wp\/v2\/types\/post"}],"author":[{"embeddable":true,"href":"https:\/\/www.europesays.com\/fi\/wp-json\/wp\/v2\/users\/2"}],"replies":[{"embeddable":true,"href":"https:\/\/www.europesays.com\/fi\/wp-json\/wp\/v2\/comments?post=122888"}],"version-history":[{"count":0,"href":"https:\/\/www.europesays.com\/fi\/wp-json\/wp\/v2\/posts\/122888\/revisions"}],"wp:featuredmedia":[{"embeddable":true,"href":"https:\/\/www.europesays.com\/fi\/wp-json\/wp\/v2\/media\/122889"}],"wp:attachment":[{"href":"https:\/\/www.europesays.com\/fi\/wp-json\/wp\/v2\/media?parent=122888"}],"wp:term":[{"taxonomy":"category","embeddable":true,"href":"https:\/\/www.europesays.com\/fi\/wp-json\/wp\/v2\/categories?post=122888"},{"taxonomy":"post_tag","embeddable":true,"href":"https:\/\/www.europesays.com\/fi\/wp-json\/wp\/v2\/tags?post=122888"}],"curies":[{"name":"wp","href":"https:\/\/api.w.org\/{rel}","templated":true}]}}