{"id":122892,"date":"2025-12-22T06:22:08","date_gmt":"2025-12-22T06:22:08","guid":{"rendered":"https:\/\/www.europesays.com\/fi\/122892\/"},"modified":"2025-12-22T06:22:08","modified_gmt":"2025-12-22T06:22:08","slug":"terveyspalvelut-joulunaikana-ja-vuodenvaihteessa-keski-suomen-hyvinvointialue","status":"publish","type":"post","link":"https:\/\/www.europesays.com\/fi\/122892\/","title":{"rendered":"Terveyspalvelut joulunaikana ja vuodenvaihteessa | Keski-Suomen hyvinvointialue"},"content":{"rendered":"<p>\n      Palvelemme sinua joulun 2025 aikana ja vuodenvaihteessa 2025\u20132026 tietyin poikkeuksin.\n  <\/p>\n<p>Keski-Suomen hyvinvointialue haluaa muistuttaa, ett\u00e4 joulun ja vuodenvaihteen aikana Keski-Suomen hyvinvointialue turvaa ilta- ja viikonloppujen ja arkipyhien kiireelliset terveyspalvelut kolmessa sosiaali- ja terveyskeskuksessa sek\u00e4 sairaala Novan yhteisp\u00e4ivystyksess\u00e4, jossa hoidetaan ymp\u00e4ri vuorokauden potilaat, jotka tarvitsevat v\u00e4lit\u00f6nt\u00e4 hoitoa.\u00a0\u00a0<\/p>\n<p>My\u00f6s arki-iltoina kiirevastaanotot palvelevat normaalisti J\u00e4ms\u00e4n ja \u00c4\u00e4nekosken sosiaali- ja terveyskeskuksessa kello 16\u201320 ja Sairaala Novan kiirevastaanotolla kello 16\u201322.\u00a0<\/p>\n<p>Joulun ja vuodenvaihteen aikana\u202fajanjaksolla 22.12.2025\u20136.1.2026 on\u202fjoitain poikkeuksia\u202fvastaanotto- ja digitaalisen asioinnin\u202fpalveluissamme.\u202fEsimerkiksi\u202fsuurin osa\u202fchateist\u00e4mme\u202fsek\u00e4\u202fpienemmist\u00e4 sosiaali- ja terveysasemista on\u202fjoulun ja\u202fvuodenvaihteen v\u00e4lip\u00e4ivin\u00e4\u202fsuljettu.\u00a0<\/p>\n<p>Tarkemmat\u202ftiedot\u202fpalveluiden\u202fpoikkeuksista\u202fl\u00f6yd\u00e4t\u202f<a href=\"https:\/\/www.hyvaks.fi\/joulun-aukioloajat\" rel=\"nofollow noopener\" target=\"_blank\">verkkosivuiltamme<\/a>.\u00a0<\/p>\n<p>Toimipisteiden suluista huolimatta\u202fl\u00e4\u00e4k\u00e4ri- ja hoitajavastaanottojen, suun terveydenhuollon, fysioterapian sek\u00e4 mielenterveys- ja p\u00e4ihdepalveluiden puhelinpalvelut toimivat\u202fnormaalisti my\u00f6s v\u00e4lip\u00e4ivin\u00e4\u202fja ohjaavat\u202ftarvittaessa eteenp\u00e4in\u202ftarpeenmukaiseen hoitoon.<\/p>\n<p>Kiirevastaanotot jouluaattona, joulup\u00e4iv\u00e4n\u00e4, tapaninp\u00e4iv\u00e4n\u00e4, uudenvuodenp\u00e4iv\u00e4n\u00e4 ja loppiaisena\u00a0\u00a0<\/p>\n<p>J\u00e4ms\u00e4n sosiaali- ja terveyskeskuksessa (Sairaalantie 11) ja \u00c4\u00e4nekosken (Terveyskatu 8) sosiaali- ja terveyskeskuksessa palvellaan kiireellist\u00e4 hoitoa tarvitsevia potilaita jouluaattona, joulup\u00e4iv\u00e4n\u00e4, tapaninp\u00e4iv\u00e4n\u00e4, uudenvuodenp\u00e4iv\u00e4n\u00e4 ja loppiaisena viikonloppuaukioloaikojen mukaisesti eli kello 8\u201320 ja Sairaala Novan (Hoitajantie 3) kiirevastaanotolla kello 8\u201322.\u00a0\u00a0<\/p>\n<p>Suun terveydenhuollon p\u00e4ivystys\u00a0<\/p>\n<p>Suun terveydenhuollon p\u00e4ivystys on Sairaala Novassa joulun ja vuodenvaihteen aikaan avoinna kello 8\u201321.\u00a0 Y\u00f6aikainen p\u00e4ivystys kello 21\u20138 on keskitetty Kuopion yliopistolliseen sairaalaan.\u00a0\u00a0<\/p>\n<p>Sairaala Novan yhteisp\u00e4ivystys\u00a0<\/p>\n<p>Sairaala Novan yhteisp\u00e4ivystys (Hoitajantie 3) palvelee ymp\u00e4ri vuorokauden vuoden jokaisena p\u00e4iv\u00e4n\u00e4. Yhteisp\u00e4ivystykseen hoidetaan vain ne potilaat, joiden sairaus tai vamma vaatii v\u00e4lit\u00f6nt\u00e4 hoitoa saman p\u00e4iv\u00e4n aikana eik\u00e4 hoitoa voi siirt\u00e4\u00e4 my\u00f6hemp\u00e4\u00e4n ajankohtaan.\u00a0<\/p>\n<p>Soita maksuttomaan P\u00e4ivystysavun numeroon 116 117\u00a0<\/p>\n<p>Soita ennen kiirevastaanotoille, sairaala Novan yhteisp\u00e4ivystykseen tai suun terveydenhuollon p\u00e4ivystykseen hakeutumistasi maksuttomaan P\u00e4ivystysavun numeroon 116\u202f117. P\u00e4ivystysavussa terveydenhuollon ammattilainen arvioi hoidon tarpeen, antaa itsehoito-ohjeita ja tarvittaessa ohjaa sinut oikeaan hoitopaikkaan.\u00a0\u00a0<\/p>\n<p><strong>H\u00e4t\u00e4tapauksissa soita v\u00e4litt\u00f6m\u00e4sti h\u00e4t\u00e4numeroon 112.<\/strong>\u00a0<\/p>\n<p>Synnytysvastaanotto\u00a0<\/p>\n<p>Sairaala Novan synnytysvastaanotto toimii ymp\u00e4ri vuorokauden. P\u00e4ivyst\u00e4v\u00e4n k\u00e4til\u00f6n tavoitat numerosta 014\u202f269 1204.<\/p>\n","protected":false},"excerpt":{"rendered":"Palvelemme sinua joulun 2025 aikana ja vuodenvaihteessa 2025\u20132026 tietyin poikkeuksin. Keski-Suomen hyvinvointialue haluaa muistuttaa, ett\u00e4 joulun ja vuodenvaihteen&hellip;\n","protected":false},"author":2,"featured_media":122893,"comment_status":"","ping_status":"","sticky":false,"template":"","format":"standard","meta":{"footnotes":""},"categories":[5],"tags":[22,23,26,27,33,31,30,17,24,25,28,29,15,18,21,32,19,20,16],"class_list":{"0":"post-122892","1":"post","2":"type-post","3":"status-publish","4":"format-standard","5":"has-post-thumbnail","7":"category-otsikot","8":"tag-breaking-news","9":"tag-breakingnews","10":"tag-featured-news","11":"tag-featurednews","12":"tag-fi","13":"tag-finland","14":"tag-finnish","15":"tag-headlines","16":"tag-latest-news","17":"tag-latestnews","18":"tag-main-news","19":"tag-mainnews","20":"tag-news","21":"tag-otsikot","22":"tag-paauutiset","23":"tag-suomi","24":"tag-top-stories","25":"tag-topstories","26":"tag-uutiset"},"share_on_mastodon":{"url":"https:\/\/pubeurope.com\/@fi\/115761783966039222","error":""},"_links":{"self":[{"href":"https:\/\/www.europesays.com\/fi\/wp-json\/wp\/v2\/posts\/122892","targetHints":{"allow":["GET"]}}],"collection":[{"href":"https:\/\/www.europesays.com\/fi\/wp-json\/wp\/v2\/posts"}],"about":[{"href":"https:\/\/www.europesays.com\/fi\/wp-json\/wp\/v2\/types\/post"}],"author":[{"embeddable":true,"href":"https:\/\/www.europesays.com\/fi\/wp-json\/wp\/v2\/users\/2"}],"replies":[{"embeddable":true,"href":"https:\/\/www.europesays.com\/fi\/wp-json\/wp\/v2\/comments?post=122892"}],"version-history":[{"count":0,"href":"https:\/\/www.europesays.com\/fi\/wp-json\/wp\/v2\/posts\/122892\/revisions"}],"wp:featuredmedia":[{"embeddable":true,"href":"https:\/\/www.europesays.com\/fi\/wp-json\/wp\/v2\/media\/122893"}],"wp:attachment":[{"href":"https:\/\/www.europesays.com\/fi\/wp-json\/wp\/v2\/media?parent=122892"}],"wp:term":[{"taxonomy":"category","embeddable":true,"href":"https:\/\/www.europesays.com\/fi\/wp-json\/wp\/v2\/categories?post=122892"},{"taxonomy":"post_tag","embeddable":true,"href":"https:\/\/www.europesays.com\/fi\/wp-json\/wp\/v2\/tags?post=122892"}],"curies":[{"name":"wp","href":"https:\/\/api.w.org\/{rel}","templated":true}]}}