{"id":122905,"date":"2025-12-22T06:46:09","date_gmt":"2025-12-22T06:46:09","guid":{"rendered":"https:\/\/www.europesays.com\/fi\/122905\/"},"modified":"2025-12-22T06:46:09","modified_gmt":"2025-12-22T06:46:09","slug":"yhdysvallat-ja-ukraina-kuvailevat-miamin-keskusteluja-rakentaviksi-mutta-lapimurtoa-ei-saatu-aikaan-uutissuomalainen","status":"publish","type":"post","link":"https:\/\/www.europesays.com\/fi\/122905\/","title":{"rendered":"Yhdysvallat ja Ukraina kuvailevat Miamin keskusteluja rakentaviksi, mutta l\u00e4pimurtoa ei saatu aikaan | Uutissuomalainen"},"content":{"rendered":"<p>Yhdysvallat ja Ukraina kuvailevat Floridan Miamissa viikonloppuna k\u00e4ytyj\u00e4 keskusteluja rakentaviksi.<\/p>\n<p>Ukrainan edustajan Rustem Umjerovin julkaiseman lausunnon <a href=\"https:\/\/x.com\/rustem_umerov\/status\/2002826563906097589\" rel=\"nofollow\">mukaan<\/a> kahdenv\u00e4lisess\u00e4 Yhdysvaltojen ja Ukrainan tapaamisessa keskityttiin kehitt\u00e4m\u00e4\u00e4n ja yhdenmukaistamaan kantoja koskien nelj\u00e4\u00e4 keskeist\u00e4 aihepiiri\u00e4. N\u00e4ihin lukeutuivat 20-kohtainen rauhansuunnitelma sek\u00e4 mahdolliset turvatakuut.<\/p>\n<p>\u2013\u2009Ukraina on yh\u00e4 t\u00e4ysin sitoutunut oikeudenmukaisen ja kest\u00e4v\u00e4n rauhan saavuttamiseen. Yhteinen prioriteettimme on saada tappaminen loppumaan, taata turvallisuus ja luoda edellytykset Ukrainan toipumiselle, vakaudelle ja pitk\u00e4n aikav\u00e4lin vauraudelle, lausunnossa luki.<\/p>\n<p>Yhdysvaltoja edustivat tapaamisessa muun muassa erityisl\u00e4hettil\u00e4s Steve Witkoff ja presidentti Donald Trumpin v\u00e4vy Jared Kushner. Ukrainan puolelta keskusteluihin osallistui Umjerovin lis\u00e4ksi Ukrainan asevoimien p\u00e4\u00e4esikunnan p\u00e4\u00e4llikk\u00f6 Andri Hnatov.<\/p>\n<p>Yhdysvallat on k\u00e4ynyt Floridassa viime p\u00e4ivin\u00e4 erillisi\u00e4 keskusteluja niin Ukrainan, Ven\u00e4j\u00e4n kuin joidenkin Ukrainan eurooppalaisten liittolaistenkin kanssa. Keskusteluiden j\u00e4lkeen ei ole kuitenkaan ilmoitettu erityisist\u00e4 l\u00e4pimurroista rauhanneuvotteluissa.<\/p>\n<p>Tuoreimpia neuvotteluita k\u00e4ytiin Miamissa perjantaista l\u00e4htien.<\/p>\n<p>\t\t\t\tWitkoff: Ven\u00e4j\u00e4 sitoutunut rauhaan<\/p>\n<p>Witkoff julkaisi viestipalvelu X:ss\u00e4 ilman sen kummempia saatteita <a href=\"https:\/\/x.com\/SEPeaceMissions\/status\/2002876838448697741\" rel=\"nofollow\">p\u00e4ivityksen<\/a>, joka vaikutti sanamuotojensa pohjalta olevan perua Ven\u00e4j\u00e4n delegaatiolta. Witkoff oli t\u00e4t\u00e4 ennen julkaissut vastaavalla tavalla <a href=\"https:\/\/x.com\/SEPeaceMissions\/status\/2002826320615444873\" rel=\"nofollow\">p\u00e4ivityksen<\/a>, joka vastasi muutamaa sanamuotoa lukuun ottamatta Ukrainan Umjerovin p\u00e4ivityst\u00e4.<\/p>\n<p>\u2013\u2009Ven\u00e4j\u00e4 on yh\u00e4 t\u00e4ysin sitoutunut rauhan saavuttamiseen Ukrainassa. Ven\u00e4j\u00e4 arvostaa suuresti Yhdysvaltojen ponnisteluja ja tukea Ukrainan konfliktin ratkaisemiseksi ja globaalin turvallisuuden palauttamiseksi, Witkoffin julkaisemassa p\u00e4ivityksess\u00e4 luki.<\/p>\n<p>Ven\u00e4j\u00e4\u00e4 neuvotteluissa edusti Kirill Dmitrijev, joka jakoi Witkoffin julkaisun sek\u00e4 julkaisi itsest\u00e4\u00e4n <a href=\"https:\/\/x.com\/kadmitriev\/status\/2002899211071934593\" rel=\"nofollow\">kuvan<\/a>, jonka h\u00e4n on oletetusti ottanut Miamissa.<\/p>\n<p>\u2013\u2009Kiitos, Miami. Ensi kerralla: Moskova, Dmitrijev sanoi p\u00e4ivityksess\u00e4\u00e4n.<\/p>\n<p>\t\t\t\tZelenskyi toivoo USA:lta painetta Ven\u00e4j\u00e4lle<\/p>\n<p>Ukrainan presidentti Volodymyr Zelenskyi sanoi lauantaina, ett\u00e4 h\u00e4n toivoo Yhdysvalloilta enemm\u00e4n painetta Ven\u00e4j\u00e4lle ja presidentti Vladimir Putinille. <\/p>\n<p>Zelenskyin n\u00e4kemys on, ett\u00e4 Yhdysvallat on ainoa maa, joka voi painostaa Ven\u00e4j\u00e4\u00e4 p\u00e4\u00e4tt\u00e4m\u00e4\u00e4n sodan Ukrainassa.<\/p>\n<p>Yhdysvaltain ulkoministeri Marco Rubio sanoi perjantaina, ettei Ukrainaa painosteta rauhansopimukseen. H\u00e4nen mukaansa rauhansopimusta ei tehd\u00e4, ellei Ukraina siihen suostu.<\/p>\n<p>Zelenskyi sanoi sunnuntaina, ett\u00e4 rauhanneuvotteluissa edet\u00e4\u00e4n t\u00e4ll\u00e4 hetkell\u00e4 verrattain nopeasti ja keskustelut ovat rakentavia. H\u00e4n kuitenkin muistutti, ett\u00e4 paljon riippuu siit\u00e4, haluaako Ven\u00e4j\u00e4 lopettaa sodan vai ei.<\/p>\n<p>Zelenskyin <a href=\"https:\/\/x.com\/ZelenskyyUa\/status\/2002668758142193712\" rel=\"nofollow\">mukaan<\/a> Ven\u00e4j\u00e4 on reilun viikon aikana laukaissut Ukrainaa vastaan noin 1\u2009300 hy\u00f6kk\u00e4ysdroonia, l\u00e4hes 1\u2009200 ohjattua ilmapommia ja yhdeks\u00e4n ohjusta.<\/p>\n<p>Ven\u00e4j\u00e4 aloitti t\u00e4ysimittaisen hy\u00f6kk\u00e4yssotansa Ukrainassa vuoden 2022 helmikuussa.<\/p>\n<p>L\u00e4hteen\u00e4 my\u00f6s uutistoimisto AFP.<\/p>\n","protected":false},"excerpt":{"rendered":"Yhdysvallat ja Ukraina kuvailevat Floridan Miamissa viikonloppuna k\u00e4ytyj\u00e4 keskusteluja rakentaviksi. Ukrainan edustajan Rustem Umjerovin julkaiseman lausunnon mukaan kahdenv\u00e4lisess\u00e4&hellip;\n","protected":false},"author":2,"featured_media":122906,"comment_status":"","ping_status":"","sticky":false,"template":"","format":"standard","meta":{"footnotes":""},"categories":[14],"tags":[22,23,585,26,27,33,31,30,17,24,25,28,29,2325,15,18,21,142,637,144,32,19,20,21377,56,16,2257,59,60,61],"class_list":{"0":"post-122905","1":"post","2":"type-post","3":"status-publish","4":"format-standard","5":"has-post-thumbnail","7":"category-ulkomaat","8":"tag-breaking-news","9":"tag-breakingnews","10":"tag-donald-trump","11":"tag-featured-news","12":"tag-featurednews","13":"tag-fi","14":"tag-finland","15":"tag-finnish","16":"tag-headlines","17":"tag-latest-news","18":"tag-latestnews","19":"tag-main-news","20":"tag-mainnews","21":"tag-moskova-venaja","22":"tag-news","23":"tag-otsikot","24":"tag-paauutiset","25":"tag-poliitikot","26":"tag-politiikka","27":"tag-presidentti","28":"tag-suomi","29":"tag-top-stories","30":"tag-topstories","31":"tag-ukrainan-kriisi","32":"tag-ulkomaat","33":"tag-uutiset","34":"tag-vladimir-putin","35":"tag-world","36":"tag-world-news","37":"tag-worldnews"},"share_on_mastodon":{"url":"https:\/\/pubeurope.com\/@fi\/115761878469029331","error":""},"_links":{"self":[{"href":"https:\/\/www.europesays.com\/fi\/wp-json\/wp\/v2\/posts\/122905","targetHints":{"allow":["GET"]}}],"collection":[{"href":"https:\/\/www.europesays.com\/fi\/wp-json\/wp\/v2\/posts"}],"about":[{"href":"https:\/\/www.europesays.com\/fi\/wp-json\/wp\/v2\/types\/post"}],"author":[{"embeddable":true,"href":"https:\/\/www.europesays.com\/fi\/wp-json\/wp\/v2\/users\/2"}],"replies":[{"embeddable":true,"href":"https:\/\/www.europesays.com\/fi\/wp-json\/wp\/v2\/comments?post=122905"}],"version-history":[{"count":0,"href":"https:\/\/www.europesays.com\/fi\/wp-json\/wp\/v2\/posts\/122905\/revisions"}],"wp:featuredmedia":[{"embeddable":true,"href":"https:\/\/www.europesays.com\/fi\/wp-json\/wp\/v2\/media\/122906"}],"wp:attachment":[{"href":"https:\/\/www.europesays.com\/fi\/wp-json\/wp\/v2\/media?parent=122905"}],"wp:term":[{"taxonomy":"category","embeddable":true,"href":"https:\/\/www.europesays.com\/fi\/wp-json\/wp\/v2\/categories?post=122905"},{"taxonomy":"post_tag","embeddable":true,"href":"https:\/\/www.europesays.com\/fi\/wp-json\/wp\/v2\/tags?post=122905"}],"curies":[{"name":"wp","href":"https:\/\/api.w.org\/{rel}","templated":true}]}}