{"id":122921,"date":"2025-12-22T07:12:08","date_gmt":"2025-12-22T07:12:08","guid":{"rendered":"https:\/\/www.europesays.com\/fi\/122921\/"},"modified":"2025-12-22T07:12:08","modified_gmt":"2025-12-22T07:12:08","slug":"bondi-beachin-joukkoampumisen-epailty-siirrettiin-sairaalasta-australiassa-on-vangittuna-uutissuomalainen","status":"publish","type":"post","link":"https:\/\/www.europesays.com\/fi\/122921\/","title":{"rendered":"Bondi Beachin joukkoampumisen ep\u00e4ilty siirrettiin sairaalasta Australiassa, on vangittuna | Uutissuomalainen"},"content":{"rendered":"<p>Australian Bondi Beachin joukkoampumisen ep\u00e4ilty on siirretty pois sairaalasta. Australian poliisi kertoo ep\u00e4illyn olevan nyt vangittuna.<\/p>\n<p>Viikko sitten sunnuntaina juutalaisyhteis\u00f6\u00e4 vastaan tehdyst\u00e4 joukkoampumisesta ep\u00e4ill\u00e4\u00e4n is\u00e4\u00e4 ja poikaa. 50-vuotias is\u00e4 kuoli paikan p\u00e4\u00e4ll\u00e4 poliisin luoteihin, ja 24-vuotias poika vietiin tapahtumapaikalta kriittisess\u00e4 tilassa sairaalaan.<\/p>\n<p>Poikaa vastaan on nostettu syytteet muun muassa 15 murhasta ja terrorismirikoksesta. Ampujia motivoi tiett\u00e4v\u00e4sti \u00e4\u00e4ri-islamistinen Isis-ideologia.<\/p>\n<p>\t\t\t\t&#8221;P\u00e4\u00e4ministerin\u00e4 tunnen olevani vastuussa&#8221;<\/p>\n<p>Australian p\u00e4\u00e4ministeri Anthony Albanese pyysi maanantaina tapahtunutta anteeksi maan juutalaisyhteis\u00f6lt\u00e4.<\/p>\n<p>\u2013\u2009P\u00e4\u00e4ministerin\u00e4 tunnen olevani vastuussa ja olen pahoillani siit\u00e4, mit\u00e4 juutalainen yhteis\u00f6 ja koko maamme on joutunut kokemaan, Albanese sanoi tiedotustilaisuudessa.<\/p>\n<p>P\u00e4\u00e4ministeri on ilmoittanut useista mahdollisista toimista joukkoampumisen j\u00e4lkimainingeissa. Australiassa muun muassa poliisin ja tiedustelupalvelun toimintaa aiotaan tarkastella sek\u00e4 aselakeihin suunnitellaan kiristyksi\u00e4.<\/p>\n","protected":false},"excerpt":{"rendered":"Australian Bondi Beachin joukkoampumisen ep\u00e4ilty on siirretty pois sairaalasta. Australian poliisi kertoo ep\u00e4illyn olevan nyt vangittuna. Viikko sitten&hellip;\n","protected":false},"author":2,"featured_media":122922,"comment_status":"","ping_status":"","sticky":false,"template":"","format":"standard","meta":{"footnotes":""},"categories":[14],"tags":[22,23,26,27,33,31,30,17,55,53,24,25,28,29,15,18,21,52,637,32,679,19,20,56,16,40,37,59,60,61],"class_list":{"0":"post-122921","1":"post","2":"type-post","3":"status-publish","4":"format-standard","5":"has-post-thumbnail","7":"category-ulkomaat","8":"tag-breaking-news","9":"tag-breakingnews","10":"tag-featured-news","11":"tag-featurednews","12":"tag-fi","13":"tag-finland","14":"tag-finnish","15":"tag-headlines","16":"tag-lainvalvonta","17":"tag-laki-oikeus-ja-rikos","18":"tag-latest-news","19":"tag-latestnews","20":"tag-main-news","21":"tag-mainnews","22":"tag-news","23":"tag-otsikot","24":"tag-paauutiset","25":"tag-poliisi","26":"tag-politiikka","27":"tag-suomi","28":"tag-terveydenhuollon-toimintalaitokset","29":"tag-top-stories","30":"tag-topstories","31":"tag-ulkomaat","32":"tag-uutiset","33":"tag-vakivalta","34":"tag-vakivaltarikokset","35":"tag-world","36":"tag-world-news","37":"tag-worldnews"},"share_on_mastodon":{"url":"https:\/\/pubeurope.com\/@fi\/115761980578189173","error":""},"_links":{"self":[{"href":"https:\/\/www.europesays.com\/fi\/wp-json\/wp\/v2\/posts\/122921","targetHints":{"allow":["GET"]}}],"collection":[{"href":"https:\/\/www.europesays.com\/fi\/wp-json\/wp\/v2\/posts"}],"about":[{"href":"https:\/\/www.europesays.com\/fi\/wp-json\/wp\/v2\/types\/post"}],"author":[{"embeddable":true,"href":"https:\/\/www.europesays.com\/fi\/wp-json\/wp\/v2\/users\/2"}],"replies":[{"embeddable":true,"href":"https:\/\/www.europesays.com\/fi\/wp-json\/wp\/v2\/comments?post=122921"}],"version-history":[{"count":0,"href":"https:\/\/www.europesays.com\/fi\/wp-json\/wp\/v2\/posts\/122921\/revisions"}],"wp:featuredmedia":[{"embeddable":true,"href":"https:\/\/www.europesays.com\/fi\/wp-json\/wp\/v2\/media\/122922"}],"wp:attachment":[{"href":"https:\/\/www.europesays.com\/fi\/wp-json\/wp\/v2\/media?parent=122921"}],"wp:term":[{"taxonomy":"category","embeddable":true,"href":"https:\/\/www.europesays.com\/fi\/wp-json\/wp\/v2\/categories?post=122921"},{"taxonomy":"post_tag","embeddable":true,"href":"https:\/\/www.europesays.com\/fi\/wp-json\/wp\/v2\/tags?post=122921"}],"curies":[{"name":"wp","href":"https:\/\/api.w.org\/{rel}","templated":true}]}}