{"id":122923,"date":"2025-12-22T07:13:08","date_gmt":"2025-12-22T07:13:08","guid":{"rendered":"https:\/\/www.europesays.com\/fi\/122923\/"},"modified":"2025-12-22T07:13:08","modified_gmt":"2025-12-22T07:13:08","slug":"kutsu-medialle-kunniamerkkien-luovutus-kauppakeskus-valkeassa-ansiokkaasti-toimineille-jarjestyksenvalvojille-seka-vartijalle","status":"publish","type":"post","link":"https:\/\/www.europesays.com\/fi\/122923\/","title":{"rendered":"Kutsu medialle \u2013 Kunniamerkkien luovutus kauppakeskus Valkeassa ansiokkaasti toimineille j\u00e4rjestyksenvalvojille sek\u00e4 vartijalle"},"content":{"rendered":"<p><strong><\/p>\n<p>Tasavallan Presidentti on antanut kolmelle Oulun kauppakeskus Valkeassa puukotustilanteessa ansiokkaasti toimineille kahdelle j\u00e4rjestyksenvalvojalle sek\u00e4 vartijalle Suomen Valkoisen Ruusun I luokan mitalin. Pohjois-Suomen aluehallintoviraston pelastustoimi ja varautuminen -vastuualueen johtaja Petteri Koskinen luovuttaa mitalit 30.12. Oulussa.<\/p>\n<p><\/strong><\/p>\n<p>Kauppakeskus Valkeassa puukotettiin 12-vuotiasta poikaa kes\u00e4kuussa 2024. Tilanteessa toimivat ansiokkaasti j\u00e4rjestyksenvalvojat Pyry Mitrunen ja Aatu R\u00f6ntynen sek\u00e4 vartija Tommi Kariniemi. R\u00f6ntynen ja Kariniemi ryhtyiv\u00e4t antamaan ensiapua uhrille ja pelastivat pojan hengen. Mitrunen sai puukottajan pys\u00e4ytetyksi.\u00a0\u00a0<\/p>\n<p>Kunniamerkkien jakotilaisuus j\u00e4rjestet\u00e4\u00e4n Pohjois-Suomen aluehallintoviraston toimitiloissa 30.12. kello 10 (Linnankatu 3, Oulu). Median edustajat ovat tervetulleita tilaisuuteen kuvaamaan mitalien luovutuksen. Ilmoittautuminen etuk\u00e4teen viestint\u00e4p\u00e4\u00e4llikk\u00f6 Marjo Kemille viimeist\u00e4\u00e4n 29.12. Kunniamerkkien saajien haastattelut toivotaan teht\u00e4v\u00e4n etuk\u00e4teen.\u00a0\u00a0<\/p>\n<p><strong>Lis\u00e4tietoja:\u00a0<\/strong><\/p>\n<p>Viestint\u00e4p\u00e4\u00e4llikk\u00f6 Marjo Kemi, 0295 017\u202f071,\u202f<a href=\"https:\/\/www.sttinfo.fi\/tiedote\/71691692\/mailto:marjo.kemi@avi.fi\" target=\"_blank\" rel=\"nofollow noopener\">marjo.kemi@avi.fi<\/a>\u00a0\u00a0<\/p>\n<p>Johtaja Petteri Koskinen,\u202fpelastustoimi ja varautuminen, Pohjois-Suomen aluehallintovirasto, 0295 017 544,\u202fpetteri.koskinen@avi.fi\u202f (tavoitettavissa 30.12.)\u00a0<\/p>\n","protected":false},"excerpt":{"rendered":"Tasavallan Presidentti on antanut kolmelle Oulun kauppakeskus Valkeassa puukotustilanteessa ansiokkaasti toimineille kahdelle j\u00e4rjestyksenvalvojalle sek\u00e4 vartijalle Suomen Valkoisen Ruusun&hellip;\n","protected":false},"author":2,"featured_media":122924,"comment_status":"","ping_status":"","sticky":false,"template":"","format":"standard","meta":{"footnotes":""},"categories":[12],"tags":[22,23,26,27,33,31,30,17,24,25,28,29,15,18,21,32,19,20,16],"class_list":{"0":"post-122923","1":"post","2":"type-post","3":"status-publish","4":"format-standard","5":"has-post-thumbnail","7":"category-suomi","8":"tag-breaking-news","9":"tag-breakingnews","10":"tag-featured-news","11":"tag-featurednews","12":"tag-fi","13":"tag-finland","14":"tag-finnish","15":"tag-headlines","16":"tag-latest-news","17":"tag-latestnews","18":"tag-main-news","19":"tag-mainnews","20":"tag-news","21":"tag-otsikot","22":"tag-paauutiset","23":"tag-suomi","24":"tag-top-stories","25":"tag-topstories","26":"tag-uutiset"},"share_on_mastodon":{"url":"https:\/\/pubeurope.com\/@fi\/115761984562041417","error":""},"_links":{"self":[{"href":"https:\/\/www.europesays.com\/fi\/wp-json\/wp\/v2\/posts\/122923","targetHints":{"allow":["GET"]}}],"collection":[{"href":"https:\/\/www.europesays.com\/fi\/wp-json\/wp\/v2\/posts"}],"about":[{"href":"https:\/\/www.europesays.com\/fi\/wp-json\/wp\/v2\/types\/post"}],"author":[{"embeddable":true,"href":"https:\/\/www.europesays.com\/fi\/wp-json\/wp\/v2\/users\/2"}],"replies":[{"embeddable":true,"href":"https:\/\/www.europesays.com\/fi\/wp-json\/wp\/v2\/comments?post=122923"}],"version-history":[{"count":0,"href":"https:\/\/www.europesays.com\/fi\/wp-json\/wp\/v2\/posts\/122923\/revisions"}],"wp:featuredmedia":[{"embeddable":true,"href":"https:\/\/www.europesays.com\/fi\/wp-json\/wp\/v2\/media\/122924"}],"wp:attachment":[{"href":"https:\/\/www.europesays.com\/fi\/wp-json\/wp\/v2\/media?parent=122923"}],"wp:term":[{"taxonomy":"category","embeddable":true,"href":"https:\/\/www.europesays.com\/fi\/wp-json\/wp\/v2\/categories?post=122923"},{"taxonomy":"post_tag","embeddable":true,"href":"https:\/\/www.europesays.com\/fi\/wp-json\/wp\/v2\/tags?post=122923"}],"curies":[{"name":"wp","href":"https:\/\/api.w.org\/{rel}","templated":true}]}}