{"id":122925,"date":"2025-12-22T07:14:10","date_gmt":"2025-12-22T07:14:10","guid":{"rendered":"https:\/\/www.europesays.com\/fi\/122925\/"},"modified":"2025-12-22T07:14:10","modified_gmt":"2025-12-22T07:14:10","slug":"kuka-hoitaa-joulun-metatyot-kysyimme-kaupunkilaisilta","status":"publish","type":"post","link":"https:\/\/www.europesays.com\/fi\/122925\/","title":{"rendered":"Kuka hoitaa joulun metaty\u00f6t? Kysyimme kaupunkilaisilta"},"content":{"rendered":"<p class=\"hs-section-removal article-ingress--medium\">Video|Jouluvalmistelut ovat t\u00e4ydess\u00e4 vauhdissa. Mutta miten ty\u00f6t on jaettu kodeissa? Kasautuuko siivous, kuusenkoristelu, ruuanlaitto ja lahjojen pakkaaminen yksille harteille? Kysyimme ihmisilt\u00e4 kauppakeskus Sellossa Espoossa, kuka on vastuussa joulusta.<\/p>\n<p><a href=\"https:\/\/www.hs.fi\/haku\/?query=Sami+Takala+HS\" rel=\"nofollow noopener\" target=\"_blank\"><\/p>\n<p>Sami Takala HS<\/p>\n<p><\/a><\/p>\n<p>8:45<\/p>\n<p>KommentoiIlmoita asiavirheest\u00e4KommentoiIlmoita asiavirheest\u00e4<\/p>\n","protected":false},"excerpt":{"rendered":"Video|Jouluvalmistelut ovat t\u00e4ydess\u00e4 vauhdissa. Mutta miten ty\u00f6t on jaettu kodeissa? Kasautuuko siivous, kuusenkoristelu, ruuanlaitto ja lahjojen pakkaaminen yksille&hellip;\n","protected":false},"author":2,"featured_media":122926,"comment_status":"","ping_status":"","sticky":false,"template":"","format":"standard","meta":{"footnotes":""},"categories":[5],"tags":[22,23,26,27,33,31,30,17,46,24,25,28,29,15,18,21,32,19,20,16],"class_list":{"0":"post-122925","1":"post","2":"type-post","3":"status-publish","4":"format-standard","5":"has-post-thumbnail","7":"category-otsikot","8":"tag-breaking-news","9":"tag-breakingnews","10":"tag-featured-news","11":"tag-featurednews","12":"tag-fi","13":"tag-finland","14":"tag-finnish","15":"tag-headlines","16":"tag-helsingin-sanomat","17":"tag-latest-news","18":"tag-latestnews","19":"tag-main-news","20":"tag-mainnews","21":"tag-news","22":"tag-otsikot","23":"tag-paauutiset","24":"tag-suomi","25":"tag-top-stories","26":"tag-topstories","27":"tag-uutiset"},"share_on_mastodon":{"url":"https:\/\/pubeurope.com\/@fi\/115761988464437271","error":""},"_links":{"self":[{"href":"https:\/\/www.europesays.com\/fi\/wp-json\/wp\/v2\/posts\/122925","targetHints":{"allow":["GET"]}}],"collection":[{"href":"https:\/\/www.europesays.com\/fi\/wp-json\/wp\/v2\/posts"}],"about":[{"href":"https:\/\/www.europesays.com\/fi\/wp-json\/wp\/v2\/types\/post"}],"author":[{"embeddable":true,"href":"https:\/\/www.europesays.com\/fi\/wp-json\/wp\/v2\/users\/2"}],"replies":[{"embeddable":true,"href":"https:\/\/www.europesays.com\/fi\/wp-json\/wp\/v2\/comments?post=122925"}],"version-history":[{"count":0,"href":"https:\/\/www.europesays.com\/fi\/wp-json\/wp\/v2\/posts\/122925\/revisions"}],"wp:featuredmedia":[{"embeddable":true,"href":"https:\/\/www.europesays.com\/fi\/wp-json\/wp\/v2\/media\/122926"}],"wp:attachment":[{"href":"https:\/\/www.europesays.com\/fi\/wp-json\/wp\/v2\/media?parent=122925"}],"wp:term":[{"taxonomy":"category","embeddable":true,"href":"https:\/\/www.europesays.com\/fi\/wp-json\/wp\/v2\/categories?post=122925"},{"taxonomy":"post_tag","embeddable":true,"href":"https:\/\/www.europesays.com\/fi\/wp-json\/wp\/v2\/tags?post=122925"}],"curies":[{"name":"wp","href":"https:\/\/api.w.org\/{rel}","templated":true}]}}