{"id":122930,"date":"2025-12-22T07:27:08","date_gmt":"2025-12-22T07:27:08","guid":{"rendered":"https:\/\/www.europesays.com\/fi\/122930\/"},"modified":"2025-12-22T07:27:08","modified_gmt":"2025-12-22T07:27:08","slug":"otso-heinsola-teki-kierroksen-luonnonvara-alalla-mutta-innostus-valokuvaukseen-houkutteli-yrittajaksi-jyvaskylassa-keski-suomi","status":"publish","type":"post","link":"https:\/\/www.europesays.com\/fi\/122930\/","title":{"rendered":"Otso Heinsola teki kierroksen luonnonvara-\u200balalla, mutta innostus valokuvaukseen houkutteli yritt\u00e4j\u00e4ksi Jyv\u00e4skyl\u00e4ss\u00e4 | Keski-Suomi"},"content":{"rendered":"<p>Jyv\u00e4skyl\u00e4l\u00e4inen OtosVisio keskittyy valokuva- ja video\u00adpalveluihin. \u201dYritt\u00e4j\u00e4n\u00e4 voin kehitt\u00e4\u00e4 omaa tekemist\u00e4ni\u201d, Heinsola sanoo.<\/p>\n<p>Jyv\u00e4skyl\u00e4l\u00e4isen OtosVision <strong>Otso Heinsola<\/strong>, 32, tunnisti itsess\u00e4\u00e4n yritt\u00e4j\u00e4hengen jo yl\u00e4koulussa. Kun yritt\u00e4jyyskasvatustunnit tuntuivat muista oppilaista tylsilt\u00e4, Heinsolasta ne olivat pelk\u00e4st\u00e4\u00e4n innostavia.<\/p>\n<p>Kodin autotallissa alkoikin synty\u00e4 Viehetys-vaappuja myyntiin asti. Heinsolan YouTube-kanavan kautta vaaput l\u00f6ysiv\u00e4t uutta asiakaskuntaa.<\/p>\n<p>\u2013\u2009Huomasin, ett\u00e4 yritt\u00e4j\u00e4n\u00e4 voin olla oma itseni ja kehitt\u00e4\u00e4 tekemist\u00e4ni. Se oli vapauttavaa.<\/p>\n<p>Yritt\u00e4jyys j\u00e4i kuitenkin taka-alalle, kun tuli aika mietti\u00e4 lukion j\u00e4lkeisi\u00e4 jatko-opintoja. Opinto-ohjaajat kannustivat luonnonvara-alalle, koska Heinsolalla oli luonto- ja er\u00e4harrastuksia. H\u00e4n oli ollut muun muassa Luontoliiton leireill\u00e4 ohjaajana ja johtajana.<\/p>\n","protected":false},"excerpt":{"rendered":"Jyv\u00e4skyl\u00e4l\u00e4inen OtosVisio keskittyy valokuva- ja video\u00adpalveluihin. \u201dYritt\u00e4j\u00e4n\u00e4 voin kehitt\u00e4\u00e4 omaa tekemist\u00e4ni\u201d, Heinsola sanoo. Jyv\u00e4skyl\u00e4l\u00e4isen OtosVision Otso Heinsola, 32,&hellip;\n","protected":false},"author":2,"featured_media":122931,"comment_status":"","ping_status":"","sticky":false,"template":"","format":"standard","meta":{"footnotes":""},"categories":[135],"tags":[389,387,388,390,137,33,31,30,425,22046,41,791,952,32,394,485,393,391,392,78,109],"class_list":{"0":"post-122930","1":"post","2":"type-post","3":"status-publish","4":"format-standard","5":"has-post-thumbnail","7":"category-taiteet-ja-suunnittelu","8":"tag-arts","9":"tag-arts-and-design","10":"tag-artsanddesign","11":"tag-design","12":"tag-entertainment","13":"tag-fi","14":"tag-finland","15":"tag-finnish","16":"tag-jyvaskyla","17":"tag-jyvaskylan-ammattikorkeakoulu","18":"tag-liikunta-ja-urheilu","19":"tag-opiskelu","20":"tag-oulu","21":"tag-suomi","22":"tag-suunnittelu","23":"tag-taide-yleista","24":"tag-taiteet","25":"tag-taiteet-ja-suunnittelu","26":"tag-taiteetsuunnittelu","27":"tag-talous","28":"tag-viihde"},"share_on_mastodon":{"url":"https:\/\/pubeurope.com\/@fi\/115762039462088050","error":""},"_links":{"self":[{"href":"https:\/\/www.europesays.com\/fi\/wp-json\/wp\/v2\/posts\/122930","targetHints":{"allow":["GET"]}}],"collection":[{"href":"https:\/\/www.europesays.com\/fi\/wp-json\/wp\/v2\/posts"}],"about":[{"href":"https:\/\/www.europesays.com\/fi\/wp-json\/wp\/v2\/types\/post"}],"author":[{"embeddable":true,"href":"https:\/\/www.europesays.com\/fi\/wp-json\/wp\/v2\/users\/2"}],"replies":[{"embeddable":true,"href":"https:\/\/www.europesays.com\/fi\/wp-json\/wp\/v2\/comments?post=122930"}],"version-history":[{"count":0,"href":"https:\/\/www.europesays.com\/fi\/wp-json\/wp\/v2\/posts\/122930\/revisions"}],"wp:featuredmedia":[{"embeddable":true,"href":"https:\/\/www.europesays.com\/fi\/wp-json\/wp\/v2\/media\/122931"}],"wp:attachment":[{"href":"https:\/\/www.europesays.com\/fi\/wp-json\/wp\/v2\/media?parent=122930"}],"wp:term":[{"taxonomy":"category","embeddable":true,"href":"https:\/\/www.europesays.com\/fi\/wp-json\/wp\/v2\/categories?post=122930"},{"taxonomy":"post_tag","embeddable":true,"href":"https:\/\/www.europesays.com\/fi\/wp-json\/wp\/v2\/tags?post=122930"}],"curies":[{"name":"wp","href":"https:\/\/api.w.org\/{rel}","templated":true}]}}