{"id":122938,"date":"2025-12-22T07:37:17","date_gmt":"2025-12-22T07:37:17","guid":{"rendered":"https:\/\/www.europesays.com\/fi\/122938\/"},"modified":"2025-12-22T07:37:17","modified_gmt":"2025-12-22T07:37:17","slug":"finnair-aloittaa-helsinki-vantaalta-lennot-uuteen-kaukokohteeseen-paikalliset","status":"publish","type":"post","link":"https:\/\/www.europesays.com\/fi\/122938\/","title":{"rendered":"Finnair aloittaa Helsinki-Vantaalta lennot uuteen kaukokohteeseen | Paikalliset"},"content":{"rendered":"<p>Lentoyhti\u00f6 Finnair avaa Helsinki-Vantaalta syksyll\u00e4 2026 ensi kertaa reitin Australiaan.<\/p>\n<p>Uutta reitti\u00e4 lennet\u00e4\u00e4n Melbourneen p\u00e4ivitt\u00e4in.<\/p>\n<p>\u2013\u2009Eurooppalaisille matkustajille Australia on jatkossa helpommin saavutettavissa, ja samalla yhteys tarjoaa sujuvan mahdollisuuden Australiasta Eurooppaan suuntautuvalle matkustukselle, kertoo Finavian reittikehityksest\u00e4 vastaava johtaja <strong>Petri Vuori<\/strong> tiedotteessa.<\/p>\n<p>Finnair aloittaa lennot Melbourneen 25. lokakuuta 2026. Helsinki-Vantaalta Australiaan lennet\u00e4\u00e4n Bangkokin kautta Airbus A350-koneella.<\/p>\n<p><strong class=\"diks-storyline__impact\">Lento l\u00e4htee <\/strong>Helsingist\u00e4 keskiy\u00f6n j\u00e4lkeen, saapuu Bangkokiin iltap\u00e4iv\u00e4ll\u00e4 ja jatkaa lyhyen pys\u00e4hdyksen j\u00e4lkeen Melbourneen. Lento on perill\u00e4 seuraavana aamuna. Paluulennot l\u00e4htev\u00e4t Melbournesta iltap\u00e4iv\u00e4ll\u00e4, pys\u00e4htyv\u00e4t Bangkokissa illalla ja laskeutuvat Helsinkiin varhain seuraavana aamuna.<\/p>\n<p>Australian kaakkoisrannikolla sijaitseva Melbourne tunnetaan ruoasta, kulttuurista ja urheilustaan.<\/p>\n<p>Melbournen my\u00f6t\u00e4 Finnairin uusien kohteiden m\u00e4\u00e4r\u00e4 ensi vuonna lis\u00e4\u00e4ntyy nelj\u00e4\u00e4ntoista. Finnair lent\u00e4\u00e4 kaikkiaan 93 Euroopan kohteeseen, 11 Aasian kohteeseen, seitsem\u00e4\u00e4n Pohjois-Amerikan kohteeseen, kahteen L\u00e4hi-id\u00e4n kohteeseen ja Australiaan.<\/p>\n<p><strong>Vantaan Sanomat on mukana vantaalaisten arjessa ja kertoo vantaalaisten tarinaa.<\/strong> <a href=\"https:\/\/www.vantaansanomat.fi\/asenna\/\" rel=\"nofollow noopener\" target=\"_blank\">Lataa Vantaan Sanomien sovellus t\u00e4\u00e4lt\u00e4<\/a><strong> ja saat arjen kiinnostavimmat uutiset k\u00e4den ulottuville.<\/strong><\/p>\n","protected":false},"excerpt":{"rendered":"Lentoyhti\u00f6 Finnair avaa Helsinki-Vantaalta syksyll\u00e4 2026 ensi kertaa reitin Australiaan. Uutta reitti\u00e4 lennet\u00e4\u00e4n Melbourneen p\u00e4ivitt\u00e4in. \u2013\u2009Eurooppalaisille matkustajille Australia&hellip;\n","protected":false},"author":2,"featured_media":122939,"comment_status":"","ping_status":"","sticky":false,"template":"","format":"standard","meta":{"footnotes":""},"categories":[76],"tags":[79,77,33,31,30,405,4228,2910,121,923,32,78,2359,2360],"class_list":{"0":"post-122938","1":"post","2":"type-post","3":"status-publish","4":"format-standard","5":"has-post-thumbnail","7":"category-talous","8":"tag-business","9":"tag-economy","10":"tag-fi","11":"tag-finland","12":"tag-finnish","13":"tag-helsingin-seutukunta","14":"tag-kehittyva-kaupunki","15":"tag-lentoliikenne-ilmaliikenne","16":"tag-liikenne-ja-kuljetus","17":"tag-matkustaminen","18":"tag-suomi","19":"tag-talous","20":"tag-vantaa","21":"tag-vantaan-sanomat"},"share_on_mastodon":{"url":"https:\/\/pubeurope.com\/@fi\/115762078979745354","error":""},"_links":{"self":[{"href":"https:\/\/www.europesays.com\/fi\/wp-json\/wp\/v2\/posts\/122938","targetHints":{"allow":["GET"]}}],"collection":[{"href":"https:\/\/www.europesays.com\/fi\/wp-json\/wp\/v2\/posts"}],"about":[{"href":"https:\/\/www.europesays.com\/fi\/wp-json\/wp\/v2\/types\/post"}],"author":[{"embeddable":true,"href":"https:\/\/www.europesays.com\/fi\/wp-json\/wp\/v2\/users\/2"}],"replies":[{"embeddable":true,"href":"https:\/\/www.europesays.com\/fi\/wp-json\/wp\/v2\/comments?post=122938"}],"version-history":[{"count":0,"href":"https:\/\/www.europesays.com\/fi\/wp-json\/wp\/v2\/posts\/122938\/revisions"}],"wp:featuredmedia":[{"embeddable":true,"href":"https:\/\/www.europesays.com\/fi\/wp-json\/wp\/v2\/media\/122939"}],"wp:attachment":[{"href":"https:\/\/www.europesays.com\/fi\/wp-json\/wp\/v2\/media?parent=122938"}],"wp:term":[{"taxonomy":"category","embeddable":true,"href":"https:\/\/www.europesays.com\/fi\/wp-json\/wp\/v2\/categories?post=122938"},{"taxonomy":"post_tag","embeddable":true,"href":"https:\/\/www.europesays.com\/fi\/wp-json\/wp\/v2\/tags?post=122938"}],"curies":[{"name":"wp","href":"https:\/\/api.w.org\/{rel}","templated":true}]}}