{"id":122944,"date":"2025-12-22T07:40:16","date_gmt":"2025-12-22T07:40:16","guid":{"rendered":"https:\/\/www.europesays.com\/fi\/122944\/"},"modified":"2025-12-22T07:40:16","modified_gmt":"2025-12-22T07:40:16","slug":"on-mahdollista-etta-trumpin-suunnitelma-toimii-se-tarkoittaisi-taydellista-voittoa-venajalle","status":"publish","type":"post","link":"https:\/\/www.europesays.com\/fi\/122944\/","title":{"rendered":"On mahdollista, ett\u00e4 Trumpin suunnitelma toimii \u2013 Se tarkoittaisi t\u00e4ydellist\u00e4 voittoa Ven\u00e4j\u00e4lle"},"content":{"rendered":"<p>Kolumni|Trumpin puhtaasti liiketoiminnallinen l\u00e4hestymistapa Ukrainan kriisin ratkaisemiseen on johtanut siihen, ett\u00e4 Ven\u00e4j\u00e4 voi tehd\u00e4 mit\u00e4 haluaa, kirjoittaa ulkomaantoimittaja Artem Vorobjov.<\/p>\n<p class=\"article-body mb-nof-24 px-nof-16\">Vuosi sitten optimistit rohkenivat toivoa, ett\u00e4 <a class=\"article-personlink\" href=\"https:\/\/www.hs.fi\/haku\/?query=Donald%20Trumpin\" rel=\"nofollow noopener\" target=\"_blank\">Donald Trumpin<\/a> valtaannousun my\u00f6t\u00e4 sota Ukrainassa saattaisi oikeasti loppua. Ehk\u00e4 ei p\u00e4iv\u00e4ss\u00e4, kuten tuleva presidentti lupasi vaalikampanjansa aikana, mutta melko nopeasti.<\/p>\n<p class=\"article-body mb-nof-24 px-nof-16\">Oli jopa n\u00e4ht\u00e4viss\u00e4 hahmotelmia siit\u00e4, mit\u00e4 Yhdysvaltain johtaja voisi tehd\u00e4 saadakseen Ven\u00e4j\u00e4n ja Ukrainan neuvottelup\u00f6yt\u00e4\u00e4n. Nimenomaan todellisiin neuvotteluihin \u2013 sellaisiin, joissa molemmat osapuolet pyrkisiv\u00e4t sopimukseen ja olisivat valmiita kompromisseihin.<\/p>\n","protected":false},"excerpt":{"rendered":"Kolumni|Trumpin puhtaasti liiketoiminnallinen l\u00e4hestymistapa Ukrainan kriisin ratkaisemiseen on johtanut siihen, ett\u00e4 Ven\u00e4j\u00e4 voi tehd\u00e4 mit\u00e4 haluaa, kirjoittaa ulkomaantoimittaja&hellip;\n","protected":false},"author":2,"featured_media":122945,"comment_status":"","ping_status":"","sticky":false,"template":"","format":"standard","meta":{"footnotes":""},"categories":[5],"tags":[22,23,26,27,33,31,30,17,46,24,25,28,29,15,18,21,32,19,20,16],"class_list":{"0":"post-122944","1":"post","2":"type-post","3":"status-publish","4":"format-standard","5":"has-post-thumbnail","7":"category-otsikot","8":"tag-breaking-news","9":"tag-breakingnews","10":"tag-featured-news","11":"tag-featurednews","12":"tag-fi","13":"tag-finland","14":"tag-finnish","15":"tag-headlines","16":"tag-helsingin-sanomat","17":"tag-latest-news","18":"tag-latestnews","19":"tag-main-news","20":"tag-mainnews","21":"tag-news","22":"tag-otsikot","23":"tag-paauutiset","24":"tag-suomi","25":"tag-top-stories","26":"tag-topstories","27":"tag-uutiset"},"share_on_mastodon":{"url":"https:\/\/pubeurope.com\/@fi\/115762090727946263","error":""},"_links":{"self":[{"href":"https:\/\/www.europesays.com\/fi\/wp-json\/wp\/v2\/posts\/122944","targetHints":{"allow":["GET"]}}],"collection":[{"href":"https:\/\/www.europesays.com\/fi\/wp-json\/wp\/v2\/posts"}],"about":[{"href":"https:\/\/www.europesays.com\/fi\/wp-json\/wp\/v2\/types\/post"}],"author":[{"embeddable":true,"href":"https:\/\/www.europesays.com\/fi\/wp-json\/wp\/v2\/users\/2"}],"replies":[{"embeddable":true,"href":"https:\/\/www.europesays.com\/fi\/wp-json\/wp\/v2\/comments?post=122944"}],"version-history":[{"count":0,"href":"https:\/\/www.europesays.com\/fi\/wp-json\/wp\/v2\/posts\/122944\/revisions"}],"wp:featuredmedia":[{"embeddable":true,"href":"https:\/\/www.europesays.com\/fi\/wp-json\/wp\/v2\/media\/122945"}],"wp:attachment":[{"href":"https:\/\/www.europesays.com\/fi\/wp-json\/wp\/v2\/media?parent=122944"}],"wp:term":[{"taxonomy":"category","embeddable":true,"href":"https:\/\/www.europesays.com\/fi\/wp-json\/wp\/v2\/categories?post=122944"},{"taxonomy":"post_tag","embeddable":true,"href":"https:\/\/www.europesays.com\/fi\/wp-json\/wp\/v2\/tags?post=122944"}],"curies":[{"name":"wp","href":"https:\/\/api.w.org\/{rel}","templated":true}]}}