{"id":122965,"date":"2025-12-22T08:07:10","date_gmt":"2025-12-22T08:07:10","guid":{"rendered":"https:\/\/www.europesays.com\/fi\/122965\/"},"modified":"2025-12-22T08:07:10","modified_gmt":"2025-12-22T08:07:10","slug":"toimittaja-kimmo-ohtonen-ei-ole-enaa-ohtonen","status":"publish","type":"post","link":"https:\/\/www.europesays.com\/fi\/122965\/","title":{"rendered":"Toimittaja Kimmo Ohtonen ei ole en\u00e4\u00e4 Ohtonen"},"content":{"rendered":"<p>Kimmo Ohtonheimon uudessa luontodokumentissa seurataan, kuinka haahkaa yritet\u00e4\u00e4n pelastaa.<\/p>\n<p><img decoding=\"async\" class=\"image image-show image-preview\" src=\"https:\/\/www.europesays.com\/fi\/wp-content\/uploads\/2025\/12\/2ad25caeeea76c4b6cd3dc603b47d042918903bcbfc8e447fa0c351c038722bd.jpg\" alt=\"\"\/><img decoding=\"async\" class=\"image image-show\" src=\"https:\/\/www.europesays.com\/fi\/wp-content\/uploads\/2025\/12\/1766390829_664_2ad25caeeea76c4b6cd3dc603b47d042918903bcbfc8e447fa0c351c038722bd.jpg\" alt=\"\"\/><\/p>\n<p>Kimmo Ohtonheimo eli entinen Ohtonen muistetaan paitsi luonto-ohjelmista, my\u00f6s Erikoisjoukot-realityst\u00e4. Jussi Eskola<\/p>\n<p class=\"paragraph\">Viel\u00e4 1990-luvulla haahka oli yksi It\u00e4meren runsaslukuisimpia lintulajeja. Sitten tilanne alkoi huonontua. Haahkan ahdingon syit\u00e4 ja pelastusyrityksi\u00e4 seurataan toimittaja-kirjailija <a href=\"https:\/\/www.iltalehti.fi\/henkilot\/Kimmo Ohtonen\" class=\"article-link-person-page\" rel=\"nofollow noopener\" target=\"_blank\">Kimmo Ohtonheimon<\/a> luontodokumentissa Haahkan h\u00e4t\u00e4huuto. H\u00e4net tunnetaan my\u00f6s aiemmalla sukunimell\u00e4\u00e4n <strong>Ohtonen<\/strong>.<\/p>\n<p class=\"paragraph\">Sukunimenvaihdos ei ole kovin tuore asia. Ohtonen on nimitt\u00e4in ollut virallisesti Ohtonheimo jo vuosia, aina avioitumisestaan saakka. H\u00e4n ja <strong>Laura<\/strong>-puoliso meniv\u00e4t naimisiin elokuussa 2017, ja <a href=\"https:\/\/www.iltalehti.fi\/viihdeuutiset\/201708212200340506\" rel=\"nofollow noopener\" target=\"_blank\">he p\u00e4\u00e4ttiv\u00e4t tuolloin yhdist\u00e4\u00e4 sukunimens\u00e4<\/a>. Lopputuloksena on Ohtosen ja <strong>Heimosen<\/strong> risteytys, mik\u00e4 alkoi vitsin\u00e4.<\/p>\n<p>Haahkan h\u00e4t\u00e4huuto -dokumentissa vieraillaan muun muassa Suomenlahden edustalla sijaitsevalla Bengtsk\u00e4rin majakalla, joka on Pohjoismaiden korkeimpia majakoita. Yle<\/p>\n<p class=\"paragraph\">Ohtonheimon tuoreimmasta ohjauksesta on huumori kaukana. Siin\u00e4 h\u00e4n ei ainoastaan k\u00e4sittele yht\u00e4 lajia, vaan peilaa haahkan kohtalon kautta koko It\u00e4meren tulevaisuutta. Kuinka paljon yksitt\u00e4iset ihmiset voivat vaikuttaa asiaan, kun suuret voimat myllert\u00e4v\u00e4t luontoa ymp\u00e4rill\u00e4? Saaristomerell\u00e4 Bengtsk\u00e4rill\u00e4 <strong>Paula<\/strong> ja <strong>Nora Wilson<\/strong> ainakin uskovat vaikutusmahdollisuuksiinsa.<\/p>\n<p class=\"paragraph\">Haahkan h\u00e4t\u00e4huuto n\u00e4hd\u00e4\u00e4n t\u00e4m\u00e4n viikon lauantai-iltana my\u00f6s TV1:ll\u00e4 Avaran luonnon ohjelmapaikalla.<\/p>\n<p class=\"paragraph\">Haahkan h\u00e4t\u00e4huuto t\u00e4n\u00e4\u00e4n Areenassa. <a href=\"https:\/\/www.iltalehti.fi\/telkku\/\" rel=\"nofollow noopener\" target=\"_blank\">Katso kaikki\u00a0TV-ohjelmat ja l\u00e4hetysajat Telkun TV-oppaasta<\/a>.<\/p>\n<p class=\"paragraph\">Juttua muokattu 22.12.2025 klo 9.45: Ohtonheimon nimi oli kirjoitettu jutun ingressiss\u00e4 v\u00e4\u00e4rin. Korjattu oikeaan muotoon.<\/p>\n","protected":false},"excerpt":{"rendered":"Kimmo Ohtonheimon uudessa luontodokumentissa seurataan, kuinka haahkaa yritet\u00e4\u00e4n pelastaa. Kimmo Ohtonheimo eli entinen Ohtonen muistetaan paitsi luonto-ohjelmista, my\u00f6s&hellip;\n","protected":false},"author":2,"featured_media":122966,"comment_status":"","ping_status":"","sticky":false,"template":"","format":"standard","meta":{"footnotes":""},"categories":[117],"tags":[35,33,31,30,72,1616,476,118,32,119,140,139,872,477],"class_list":{"0":"post-122965","1":"post","2":"type-post","3":"status-publish","4":"format-standard","5":"has-post-thumbnail","7":"category-luonto","8":"tag-24h","9":"tag-fi","10":"tag-finland","11":"tag-finnish","12":"tag-luonto","13":"tag-media-viestinta","14":"tag-nature","15":"tag-science","16":"tag-suomi","17":"tag-tiede","18":"tag-tv-ja-elokuvat","19":"tag-tv-ohjelmat","20":"tag-vesistot","21":"tag-wildlife"},"share_on_mastodon":{"url":"https:\/\/pubeurope.com\/@fi\/115762197044212207","error":""},"_links":{"self":[{"href":"https:\/\/www.europesays.com\/fi\/wp-json\/wp\/v2\/posts\/122965","targetHints":{"allow":["GET"]}}],"collection":[{"href":"https:\/\/www.europesays.com\/fi\/wp-json\/wp\/v2\/posts"}],"about":[{"href":"https:\/\/www.europesays.com\/fi\/wp-json\/wp\/v2\/types\/post"}],"author":[{"embeddable":true,"href":"https:\/\/www.europesays.com\/fi\/wp-json\/wp\/v2\/users\/2"}],"replies":[{"embeddable":true,"href":"https:\/\/www.europesays.com\/fi\/wp-json\/wp\/v2\/comments?post=122965"}],"version-history":[{"count":0,"href":"https:\/\/www.europesays.com\/fi\/wp-json\/wp\/v2\/posts\/122965\/revisions"}],"wp:featuredmedia":[{"embeddable":true,"href":"https:\/\/www.europesays.com\/fi\/wp-json\/wp\/v2\/media\/122966"}],"wp:attachment":[{"href":"https:\/\/www.europesays.com\/fi\/wp-json\/wp\/v2\/media?parent=122965"}],"wp:term":[{"taxonomy":"category","embeddable":true,"href":"https:\/\/www.europesays.com\/fi\/wp-json\/wp\/v2\/categories?post=122965"},{"taxonomy":"post_tag","embeddable":true,"href":"https:\/\/www.europesays.com\/fi\/wp-json\/wp\/v2\/tags?post=122965"}],"curies":[{"name":"wp","href":"https:\/\/api.w.org\/{rel}","templated":true}]}}