{"id":122994,"date":"2025-12-22T08:55:09","date_gmt":"2025-12-22T08:55:09","guid":{"rendered":"https:\/\/www.europesays.com\/fi\/122994\/"},"modified":"2025-12-22T08:55:09","modified_gmt":"2025-12-22T08:55:09","slug":"varsinais-suomen-kunnat-lisasivat-paikallisilta-yrityksilta-tekemiaan-ostoja-salo-kaytti-eniten-oman-kunnan-palveluja-varsinais-suomi","status":"publish","type":"post","link":"https:\/\/www.europesays.com\/fi\/122994\/","title":{"rendered":"Varsinais-Suomen kunnat lis\u00e4siv\u00e4t paikallisilta yrityksilt\u00e4 tekemi\u00e4\u00e4n ostoja \u2013 Salo k\u00e4ytti eniten oman kunnan palveluja | Varsinais-Suomi"},"content":{"rendered":"<p class=\"aw-1gybjub aw-5vja16 kEtdKx kmuxyA yle__article__paragraph\">Varsinaissuomalaiset kunnat ostivat tuotteita ja palveluja yhteens\u00e4 reilulla miljardilla eurolla.<\/p>\n<p><img decoding=\"async\" alt=\"Kunnantalon vaakunasein\u00e4lt\u00e4 l\u00f6ytyv\u00e4t kaikki nykyiset ja entiset kuntavaakunat.\" src=\"https:\/\/www.europesays.com\/fi\/wp-content\/uploads\/2025\/12\/39-6360965e30412594e8f.jpeg\" class=\"aw-1l9m598 hKVVvP\"\/><\/p>\n<p>Avaa kuvien katselu<\/p>\n<p>Varsinaissuomalaiset kunnat ostivat tuotteita ja palveluja viime vuonna yhteens\u00e4 reilulla miljardilla. Kuvituskuva. Kuva: Kristiina Lehto \/ Yle<\/p>\n<p class=\"aw-1gybjub aw-1p7kakr kEtdKx cEmitX yle__article__paragraph\">Varsinais-Suomen kunnat ovat lis\u00e4nneet paikallisilta yrityksilt\u00e4 tekemi\u00e4\u00e4n hankintoja. Tulokset k\u00e4yv\u00e4t ilmi Varsinais-Suomen yritt\u00e4jien ker\u00e4\u00e4mist\u00e4 viime vuoden ostolaskutiedoista.<\/p>\n<p class=\"aw-1gybjub aw-1p7kakr kEtdKx cEmitX yle__article__paragraph\">Ostot oman kunnan yksityisilt\u00e4 toimijoilta kasvoivat 20 prosenttia eli yli 38 miljoonaa euroa. Maakunnallinen osuus kasvoi vajaat 20 prosenttia eli 47 miljoonaa euroa.<\/p>\n<p class=\"aw-1gybjub aw-1p7kakr kEtdKx cEmitX yle__article__paragraph\">Varsinaissuomalaiset kunnat ostivat tuotteita ja palveluja yhteens\u00e4 reilulla miljardilla eurolla, mik\u00e4 on 11,5 prosenttia enemm\u00e4n kuin vuonna 2023.<\/p>\n<p class=\"aw-1gybjub aw-1p7kakr kEtdKx cEmitX yle__article__paragraph\">Eniten oman kuntansa yrityksi\u00e4 k\u00e4ytti Salo. Varsinaissuomalaisia yrityksi\u00e4 hy\u00f6dynsi eniten Kustavi.<\/p>\n<p class=\"aw-1gybjub aw-1p7kakr kEtdKx cEmitX yle__article__paragraph\">\u2013 Ostopalvelujen volyymi Varsinais-Suomessa on valtava. Sill\u00e4, mist\u00e4 ja kenelt\u00e4 kunnat, hyvinvointialue ja muut julkiset toimijat hankkivat tavaroita ja palveluja, on iso merkitys elinvoimalle ja alueemme yrityksille, kertoo Varsinais-Suomen Yritt\u00e4jien vt. toimitusjohtaja <strong class=\"aw-ak79eh KyCXm yle__article__strong\">Jutta Wir\u00e9n<\/strong> tiedotteessa.<\/p>\n<p class=\"aw-1gybjub aw-1p7kakr kEtdKx cEmitX yle__article__paragraph\">Varsinais-Suomen kunnista vain P\u00f6yty\u00e4 ei avaa ostolaskutietojaan. Koski Tl on tehnyt p\u00e4\u00e4t\u00f6ksen vuoden 2024 tietojen julkaisusta hiljattain, mutta ne eiv\u00e4t ehtineet mukaan nyt tehtyyn vertailuun.<\/p>\n","protected":false},"excerpt":{"rendered":"Varsinaissuomalaiset kunnat ostivat tuotteita ja palveluja yhteens\u00e4 reilulla miljardilla eurolla. Avaa kuvien katselu Varsinaissuomalaiset kunnat ostivat tuotteita ja&hellip;\n","protected":false},"author":2,"featured_media":122995,"comment_status":"","ping_status":"","sticky":false,"template":"","format":"standard","meta":{"footnotes":""},"categories":[76],"tags":[79,77,33,31,30,1833,32,78,663],"class_list":{"0":"post-122994","1":"post","2":"type-post","3":"status-publish","4":"format-standard","5":"has-post-thumbnail","7":"category-talous","8":"tag-business","9":"tag-economy","10":"tag-fi","11":"tag-finland","12":"tag-finnish","13":"tag-kunnat","14":"tag-suomi","15":"tag-talous","16":"tag-varsinais-suomi"},"share_on_mastodon":{"url":"https:\/\/pubeurope.com\/@fi\/115762386015267274","error":""},"_links":{"self":[{"href":"https:\/\/www.europesays.com\/fi\/wp-json\/wp\/v2\/posts\/122994","targetHints":{"allow":["GET"]}}],"collection":[{"href":"https:\/\/www.europesays.com\/fi\/wp-json\/wp\/v2\/posts"}],"about":[{"href":"https:\/\/www.europesays.com\/fi\/wp-json\/wp\/v2\/types\/post"}],"author":[{"embeddable":true,"href":"https:\/\/www.europesays.com\/fi\/wp-json\/wp\/v2\/users\/2"}],"replies":[{"embeddable":true,"href":"https:\/\/www.europesays.com\/fi\/wp-json\/wp\/v2\/comments?post=122994"}],"version-history":[{"count":0,"href":"https:\/\/www.europesays.com\/fi\/wp-json\/wp\/v2\/posts\/122994\/revisions"}],"wp:featuredmedia":[{"embeddable":true,"href":"https:\/\/www.europesays.com\/fi\/wp-json\/wp\/v2\/media\/122995"}],"wp:attachment":[{"href":"https:\/\/www.europesays.com\/fi\/wp-json\/wp\/v2\/media?parent=122994"}],"wp:term":[{"taxonomy":"category","embeddable":true,"href":"https:\/\/www.europesays.com\/fi\/wp-json\/wp\/v2\/categories?post=122994"},{"taxonomy":"post_tag","embeddable":true,"href":"https:\/\/www.europesays.com\/fi\/wp-json\/wp\/v2\/tags?post=122994"}],"curies":[{"name":"wp","href":"https:\/\/api.w.org\/{rel}","templated":true}]}}