{"id":123038,"date":"2025-12-22T10:09:12","date_gmt":"2025-12-22T10:09:12","guid":{"rendered":"https:\/\/www.europesays.com\/fi\/123038\/"},"modified":"2025-12-22T10:09:12","modified_gmt":"2025-12-22T10:09:12","slug":"eduard-hallberg-pyoritteli-paataan-miten-suomalaiskomeetan-kay","status":"publish","type":"post","link":"https:\/\/www.europesays.com\/fi\/123038\/","title":{"rendered":"Eduard Hallberg py\u00f6ritteli p\u00e4\u00e4t\u00e4\u00e4n \u2013 Miten suomalaiskomeetan k\u00e4y?"},"content":{"rendered":"<p><img decoding=\"async\" class=\"image image-show image-preview\" src=\"https:\/\/www.europesays.com\/fi\/wp-content\/uploads\/2025\/12\/8f8437254312a50c99f9ceb35f71638c048ccac6e0130f5979d2c4cac89e4e3b.jpg\" alt=\"\"\/><img decoding=\"async\" class=\"image image-show\" src=\"https:\/\/www.europesays.com\/fi\/wp-content\/uploads\/2025\/12\/1766398150_631_8f8437254312a50c99f9ceb35f71638c048ccac6e0130f5979d2c4cac89e4e3b.jpg\" alt=\"\"\/><\/p>\n<p>Eduard Hallberg mets\u00e4st\u00e4\u00e4 maailmancupin pisteit\u00e4. Arkistokuva. EPA \/ AOP<\/p>\n<p class=\"paragraph\"><strong>Eduard Hallberg<\/strong>, 22, ei ylt\u00e4nyt uuteen sensaatioon alppihiihdon maailmancupin pujottelukisan ensimm\u00e4isell\u00e4 kierroksella Italian Alta Badiassa.<\/p>\n<p class=\"paragraph\">Numerolla 23 laskenut Hallberg ylitti viivan sekunnin hitaammalla ajalla kuin k\u00e4rkinimi <strong>Cl\u00e9ment No\u00ebl<\/strong>. Suomalainen py\u00f6ritteli p\u00e4\u00e4t\u00e4\u00e4n maalialueella.<\/p>\n<p class=\"paragraph\">Hallberg oli sijalla 12, kun kolmisenkymment\u00e4 laskijaa oli tullut rinteen alas.<\/p>\n<p class=\"paragraph\"><strong>Jesper Pohjolainen<\/strong> laskee numerolla 50.<\/p>\n<p class=\"paragraph\">Hallberg aloitti kauden sensaatiomaisesti Levill\u00e4 sijoittumalla kolmanneksi.<\/p>\n<p class=\"paragraph\">Juttu p\u00e4ivittyy.<\/p>\n<p><a href=\"https:\/\/www.iltalehti.fi\/telkku\/?utm_source=iltalehti.fi&amp;utm_medium=almainternal&amp;utm_campaign=urheilu_artikkelibanneri&amp;utm_content=banner_612_a\" rel=\"nofollow noopener\" target=\"_blank\"><img decoding=\"async\" src=\"https:\/\/www.europesays.com\/fi\/wp-content\/uploads\/2025\/08\/7ef604e47d46ca174b7df4149bd3557dbde56a86d520f8e1b2125548b0a2e03a.png\" alt=\"TV-ohjelmat t\u00e4n\u00e4\u00e4n, TV-opas\"\/><\/a><\/p>\n","protected":false},"excerpt":{"rendered":"Eduard Hallberg mets\u00e4st\u00e4\u00e4 maailmancupin pisteit\u00e4. Arkistokuva. EPA \/ AOP Eduard Hallberg, 22, ei ylt\u00e4nyt uuteen sensaatioon alppihiihdon maailmancupin&hellip;\n","protected":false},"author":2,"featured_media":123039,"comment_status":"","ping_status":"","sticky":false,"template":"","format":"standard","meta":{"footnotes":""},"categories":[158],"tags":[35,2110,33,31,30,2096,923,159,32,17151,2793,160],"class_list":{"0":"post-123038","1":"post","2":"type-post","3":"status-publish","4":"format-standard","5":"has-post-thumbnail","7":"category-urheilu","8":"tag-24h","9":"tag-elamantapa-ja-vapaa-aika","10":"tag-fi","11":"tag-finland","12":"tag-finnish","13":"tag-hiihtolajit","14":"tag-matkustaminen","15":"tag-sports","16":"tag-suomi","17":"tag-talviurheilukeskus","18":"tag-turismi","19":"tag-urheilu"},"share_on_mastodon":{"url":"https:\/\/pubeurope.com\/@fi\/115762677017277760","error":""},"_links":{"self":[{"href":"https:\/\/www.europesays.com\/fi\/wp-json\/wp\/v2\/posts\/123038","targetHints":{"allow":["GET"]}}],"collection":[{"href":"https:\/\/www.europesays.com\/fi\/wp-json\/wp\/v2\/posts"}],"about":[{"href":"https:\/\/www.europesays.com\/fi\/wp-json\/wp\/v2\/types\/post"}],"author":[{"embeddable":true,"href":"https:\/\/www.europesays.com\/fi\/wp-json\/wp\/v2\/users\/2"}],"replies":[{"embeddable":true,"href":"https:\/\/www.europesays.com\/fi\/wp-json\/wp\/v2\/comments?post=123038"}],"version-history":[{"count":0,"href":"https:\/\/www.europesays.com\/fi\/wp-json\/wp\/v2\/posts\/123038\/revisions"}],"wp:featuredmedia":[{"embeddable":true,"href":"https:\/\/www.europesays.com\/fi\/wp-json\/wp\/v2\/media\/123039"}],"wp:attachment":[{"href":"https:\/\/www.europesays.com\/fi\/wp-json\/wp\/v2\/media?parent=123038"}],"wp:term":[{"taxonomy":"category","embeddable":true,"href":"https:\/\/www.europesays.com\/fi\/wp-json\/wp\/v2\/categories?post=123038"},{"taxonomy":"post_tag","embeddable":true,"href":"https:\/\/www.europesays.com\/fi\/wp-json\/wp\/v2\/tags?post=123038"}],"curies":[{"name":"wp","href":"https:\/\/api.w.org\/{rel}","templated":true}]}}