{"id":123054,"date":"2025-12-22T10:35:08","date_gmt":"2025-12-22T10:35:08","guid":{"rendered":"https:\/\/www.europesays.com\/fi\/123054\/"},"modified":"2025-12-22T10:35:08","modified_gmt":"2025-12-22T10:35:08","slug":"pyry-jatti-keupan-tylysti-nollille-ja-lahtee-joulutauolle-taskussaan-27-pistetta","status":"publish","type":"post","link":"https:\/\/www.europesays.com\/fi\/123054\/","title":{"rendered":"Pyry j\u00e4tti KeuPan tylysti nollille ja l\u00e4htee joulutauolle taskussaan 27 pistett\u00e4"},"content":{"rendered":"<p>Pyryn maalia vartioinut Faustas Nauseda pys\u00e4ytti keuruulaisten alkurynnistyksen.<\/p>\n<p class=\"article-body mb-nof-24 px-nof-16\">Nokian Pyry oli lauantaina tyly is\u00e4nt\u00e4 keuruulaisille vierailleen. Mestiksen sarjataulukossa ritirinnan kauden aikana kulkeneiden joukkueiden v\u00e4liset ottelut ovat kauden ensimm\u00e4ist\u00e4 kohtaamista lukuun ottamatta olleet tiukkaa ja tasav\u00e4list\u00e4 v\u00e4\u00e4nt\u00f6\u00e4, mutta ovat lopulta ratkenneet KeuPa HT:n eduksi.<\/p>\n","protected":false},"excerpt":{"rendered":"Pyryn maalia vartioinut Faustas Nauseda pys\u00e4ytti keuruulaisten alkurynnistyksen. Nokian Pyry oli lauantaina tyly is\u00e4nt\u00e4 keuruulaisille vierailleen. Mestiksen sarjataulukossa&hellip;\n","protected":false},"author":2,"featured_media":123055,"comment_status":"","ping_status":"","sticky":false,"template":"","format":"standard","meta":{"footnotes":""},"categories":[158],"tags":[33,31,30,684,159,32,160],"class_list":{"0":"post-123054","1":"post","2":"type-post","3":"status-publish","4":"format-standard","5":"has-post-thumbnail","7":"category-urheilu","8":"tag-fi","9":"tag-finland","10":"tag-finnish","11":"tag-nokian-uutiset","12":"tag-sports","13":"tag-suomi","14":"tag-urheilu"},"share_on_mastodon":{"url":"https:\/\/pubeurope.com\/@fi\/115762778880509649","error":""},"_links":{"self":[{"href":"https:\/\/www.europesays.com\/fi\/wp-json\/wp\/v2\/posts\/123054","targetHints":{"allow":["GET"]}}],"collection":[{"href":"https:\/\/www.europesays.com\/fi\/wp-json\/wp\/v2\/posts"}],"about":[{"href":"https:\/\/www.europesays.com\/fi\/wp-json\/wp\/v2\/types\/post"}],"author":[{"embeddable":true,"href":"https:\/\/www.europesays.com\/fi\/wp-json\/wp\/v2\/users\/2"}],"replies":[{"embeddable":true,"href":"https:\/\/www.europesays.com\/fi\/wp-json\/wp\/v2\/comments?post=123054"}],"version-history":[{"count":0,"href":"https:\/\/www.europesays.com\/fi\/wp-json\/wp\/v2\/posts\/123054\/revisions"}],"wp:featuredmedia":[{"embeddable":true,"href":"https:\/\/www.europesays.com\/fi\/wp-json\/wp\/v2\/media\/123055"}],"wp:attachment":[{"href":"https:\/\/www.europesays.com\/fi\/wp-json\/wp\/v2\/media?parent=123054"}],"wp:term":[{"taxonomy":"category","embeddable":true,"href":"https:\/\/www.europesays.com\/fi\/wp-json\/wp\/v2\/categories?post=123054"},{"taxonomy":"post_tag","embeddable":true,"href":"https:\/\/www.europesays.com\/fi\/wp-json\/wp\/v2\/tags?post=123054"}],"curies":[{"name":"wp","href":"https:\/\/api.w.org\/{rel}","templated":true}]}}