{"id":123056,"date":"2025-12-22T10:36:14","date_gmt":"2025-12-22T10:36:14","guid":{"rendered":"https:\/\/www.europesays.com\/fi\/123056\/"},"modified":"2025-12-22T10:36:14","modified_gmt":"2025-12-22T10:36:14","slug":"suomalaista-elokuvaa-uhkaa-ideoiden-ja-vimman-uupuminen-pihla-viitala-pelkaa-uutissuomalainen","status":"publish","type":"post","link":"https:\/\/www.europesays.com\/fi\/123056\/","title":{"rendered":"Suomalaista elokuvaa uhkaa ideoiden ja vimman uupuminen, Pihla Viitala pelk\u00e4\u00e4 | Uutissuomalainen"},"content":{"rendered":"<p>Terapia-elokuvan tekeminen oli Pihla Viitalalle kokemus, jollaiset ovat suomalaisessa elokuvassa harvassa. N\u00e4yttelij\u00f6ill\u00e4 oli pitk\u00e4 harjoitteluaika, eik\u00e4 kuvauksissakaan ollut kiire. Ohjaaja-k\u00e4sikirjoittaja Paavo Westerbergin teatteri- ja n\u00e4yttelij\u00e4tausta toivat ty\u00f6h\u00f6n vapautta ja varmuutta.<\/p>\n<p>\u2013\u2009Kun kuvausp\u00e4ivist\u00e4 tingit\u00e4\u00e4n rahan vuoksi, sit\u00e4 suuremmalla syyll\u00e4 pit\u00e4isi muistaa, ett\u00e4 n\u00e4yttelij\u00e4t eiv\u00e4t ole lamppuja, jotka laitetaan p\u00e4\u00e4lle ja pois, Viitala kuvailee.<\/p>\n<p>\u2013\u2009Ihmettelen ohjaajia, jotka eiv\u00e4t edes halua harjoituksia n\u00e4yttelij\u00f6iden kanssa ennen kuvauksia. <\/p>\n<p>V\u00e4h\u00e4n kuin oopperalaulaja ei saisi harjoitella, vaan h\u00e4net vain k\u00e4skett\u00e4isiin yleis\u00f6n eteen. Terapia on ensemble-elokuva, joka sijoittuu tunnetun terapeuttipariskunnan perustamaan henkisen kasvun keskukseen. Asiakkaina n\u00e4hd\u00e4\u00e4n Alma P\u00f6ysti, Antti Luusuaniemi, Matleena Kuusniemi, Mikko Kauppila ja Jarkko Niemi. Viitala ja Tommi Korpela n\u00e4yttelev\u00e4t kesken\u00e4\u00e4n riitaisia terapeutteja.<\/p>\n<p>\u2013\u2009Terapia on oma\u00e4\u00e4ninen, Paavon n\u00e4k\u00f6inen elokuva, Viitala sanoo. <\/p>\n<p>\u2013\u2009Paavolla on paljon tunteita. <\/p>\n<p>Draamakomedian kuvauspaikka, valtava virolainen kartano toi tarinaan omaa luonnettaan.<\/p>\n<p>\u2013\u2009Milj\u00f6\u00f6 nostaa elokuvaa todella paljon, Viitala arvioi.<\/p>\n<p>\u2013\u2009Satoja vuosia vanhoja rakennus on jotain, millaista Suomessa ei oikein edes ole. Ajan kerrokset n\u00e4kyv\u00e4t konkreettisesti. <\/p>\n<p>\t\t\t\tDokumenttiohjaajan pitk\u00e4t prosessit<\/p>\n<p>Viitala on my\u00f6s ohjaaja. H\u00e4nen ensimm\u00e4ist\u00e4 elokuvaansa, dokumenttia romanityt\u00f6n lapsuudesta ja teini-i\u00e4st\u00e4, kuvattiin kahdeksan vuoden ajan. Carmen on nyt leikattu, mutta ensi-ilta saattaa veny\u00e4 vuoteen 2027.<\/p>\n<p>Kehitteill\u00e4 on my\u00f6s n\u00e4ytelm\u00e4elokuvia, mutta ensin alkavat toisen dokumentin kuvaukset. Se kertoo Viktoria Mullovasta, joka tunnetaan Suomessa erityisesti loikkauksestaan kes\u00e4ll\u00e4 1983. Tuolloin 23-vuotias viulisti Mullova ja kapellimestari Vakhtang Jordania livahtivat KGB:n asettamalta vartijalta Kuusamossa ja pakenivat Ruotsiin.<\/p>\n<p>Kymmenisen vuotta sitten Viitala keskusteli italialaisen elokuvan kuvauksissa n\u00e4yttelij\u00e4kollegan kanssa synnytyskokemuksistaan. H\u00e4n mainitsi kuunnelleensa suuresti ihailemansa Mullovan konserttoa supistusten loppusuoralla. Kollega paljasti tuntevansa Mullovan henkil\u00f6kohtaisesti.<\/p>\n<p>Siit\u00e4 alkaneen tapahtumaketjun seurauksena Viitala tapasi Mullovan viime vuoden syksyll\u00e4, ja t\u00e4m\u00e4 suostui dokumentintekoon. Mukaan tulevat viulistin aikuiset lapset, joista yksi on free jazzmuusikko, yksi teknodeejii ja yksi balettitanssija.<\/p>\n<p>\u2013\u2009Mullova oli nuorin Neuvostoliitosta loikannut taiteentekij\u00e4. Nyt t\u00e4llaiset tarinat toistuvat taas, Viitala sanoo. <\/p>\n<p>Viime vuosina Mullova on kritisoinut voimakkaasti Vladimir Putinia ja tuominnut hy\u00f6kk\u00e4yssodan Ukrainaan.<\/p>\n<p>\u2013\u2009Loikkaamalla tuolloin h\u00e4n mahdollisti lastensa vapauden sek\u00e4 oman, eritt\u00e4in v\u00e4rikk\u00e4\u00e4n ja taiteellisesti luovan el\u00e4m\u00e4ns\u00e4.<\/p>\n<p>\t\t\t\tRiskinottajat kiinnostavat<\/p>\n<p>Vuonna 2026 Viitala n\u00e4hd\u00e4\u00e4n perheseikkailussa Vinski 2 sek\u00e4 Dome Karukosken elokuvassa Rakkautta ja virtahepoja. Kreetalla kuvatussa ihmissuhdedraamassa vastan\u00e4yttelij\u00e4n\u00e4 on Aku Sipola.\u2028\u2028Viitala on harvakseltaan n\u00e4ytellyt my\u00f6s teatterissa, mutta elokuva on prioriteetti. H\u00e4n k\u00e4y katsomassa kiinnostavat uutuuselokuvat valkokankaalta, usein yksin p\u00e4iv\u00e4n\u00e4yt\u00f6ksiss\u00e4.<\/p>\n<p>Inspiraatiota on viime aikoina antanut ohjaaja Yorgos Lanthimoksen ja n\u00e4yttelij\u00e4 Emma Stonen nelj\u00e4 elokuvaa kattanut yhteisty\u00f6. Uusin, Bugonia, oli j\u00e4lleen kihelm\u00f6iv\u00e4.<\/p>\n<p>\u2013\u2009Stone on l\u00f6yt\u00e4nyt ohjaajan, jonka kanssa saa kokeilla n\u00e4yttelemisen rajoja, Viitala sanoo.<\/p>\n<p>\u2013\u2009En tied\u00e4, olisiko Lanthimos yht\u00e4 hyv\u00e4 ilman Stonea ja olisiko Stone p\u00e4\u00e4ssyt kenenk\u00e4\u00e4n muun kanssa tekem\u00e4\u00e4n n\u00e4in s\u00e4v\u00e4ytt\u00e4v\u00e4\u00e4 ty\u00f6t\u00e4. Taiteilijoiden yhteist\u00e4 evoluutiota on harvoin n\u00e4in kiinnostavaa seurata.<\/p>\n<p>Viitala uskoo vastaavan olevan Suomessakin mahdollista, jos valtavirrasta poikkeavan elokuvan rahoituksessa olisi enemm\u00e4n uskallusta ja ripeytt\u00e4,<\/p>\n<p>\u2013\u2009Jos rahoitus kest\u00e4\u00e4 viisi vuotta, vaarana on ideoiden ja vimman uupuminen.<\/p>\n<p>lis\u00e4ksi kainalo, arkistokuvaa<\/p>\n","protected":false},"excerpt":{"rendered":"Terapia-elokuvan tekeminen oli Pihla Viitalalle kokemus, jollaiset ovat suomalaisessa elokuvassa harvassa. N\u00e4yttelij\u00f6ill\u00e4 oli pitk\u00e4 harjoitteluaika, eik\u00e4 kuvauksissakaan ollut&hellip;\n","protected":false},"author":2,"featured_media":123057,"comment_status":"","ping_status":"","sticky":false,"template":"","format":"standard","meta":{"footnotes":""},"categories":[130],"tags":[3530,137,33,31,30,108,786,718,622,32,485,109,2257],"class_list":{"0":"post-123056","1":"post","2":"type-post","3":"status-publish","4":"format-standard","5":"has-post-thumbnail","7":"category-viihde","8":"tag-draamakomedia","9":"tag-entertainment","10":"tag-fi","11":"tag-finland","12":"tag-finnish","13":"tag-kulttuuri","14":"tag-kuusamo","15":"tag-nayttamotaide","16":"tag-nayttelijat","17":"tag-suomi","18":"tag-taide-yleista","19":"tag-viihde","20":"tag-vladimir-putin"},"share_on_mastodon":{"url":"https:\/\/pubeurope.com\/@fi\/115762782771153312","error":""},"_links":{"self":[{"href":"https:\/\/www.europesays.com\/fi\/wp-json\/wp\/v2\/posts\/123056","targetHints":{"allow":["GET"]}}],"collection":[{"href":"https:\/\/www.europesays.com\/fi\/wp-json\/wp\/v2\/posts"}],"about":[{"href":"https:\/\/www.europesays.com\/fi\/wp-json\/wp\/v2\/types\/post"}],"author":[{"embeddable":true,"href":"https:\/\/www.europesays.com\/fi\/wp-json\/wp\/v2\/users\/2"}],"replies":[{"embeddable":true,"href":"https:\/\/www.europesays.com\/fi\/wp-json\/wp\/v2\/comments?post=123056"}],"version-history":[{"count":0,"href":"https:\/\/www.europesays.com\/fi\/wp-json\/wp\/v2\/posts\/123056\/revisions"}],"wp:featuredmedia":[{"embeddable":true,"href":"https:\/\/www.europesays.com\/fi\/wp-json\/wp\/v2\/media\/123057"}],"wp:attachment":[{"href":"https:\/\/www.europesays.com\/fi\/wp-json\/wp\/v2\/media?parent=123056"}],"wp:term":[{"taxonomy":"category","embeddable":true,"href":"https:\/\/www.europesays.com\/fi\/wp-json\/wp\/v2\/categories?post=123056"},{"taxonomy":"post_tag","embeddable":true,"href":"https:\/\/www.europesays.com\/fi\/wp-json\/wp\/v2\/tags?post=123056"}],"curies":[{"name":"wp","href":"https:\/\/api.w.org\/{rel}","templated":true}]}}