{"id":123062,"date":"2025-12-22T10:40:08","date_gmt":"2025-12-22T10:40:08","guid":{"rendered":"https:\/\/www.europesays.com\/fi\/123062\/"},"modified":"2025-12-22T10:40:08","modified_gmt":"2025-12-22T10:40:08","slug":"petteri-orpo-nopeasta-yllatyspaatoksesta-ukraina-tuessa-mandaatti-riitti-ja-soitin-yolla-puheenjohtajalle-politiikka","status":"publish","type":"post","link":"https:\/\/www.europesays.com\/fi\/123062\/","title":{"rendered":"Petteri Orpo nopeasta yll\u00e4tysp\u00e4\u00e4t\u00f6ksest\u00e4 Ukraina-tuessa: \u201dMandaatti riitti ja soitin y\u00f6ll\u00e4 puheenjohtajalle\u201d | Politiikka"},"content":{"rendered":"<p class=\"aw-1gybjub aw-5vja16 kEtdKx kmuxyA yle__article__paragraph\">Oppositiosta kritisoidaan, ett\u00e4 Ven\u00e4j\u00e4n j\u00e4\u00e4dytettyj\u00e4 varoja ei saatu k\u00e4ytetty\u00e4 Ukrainan hyv\u00e4ksi, vaan tuki annetaan yhteisvelan muodossa. <\/p>\n<p><img decoding=\"async\" alt=\"P\u00e4\u00e4ministeri Petteri Orpo EU-kokouksessa.\" src=\"https:\/\/www.europesays.com\/fi\/wp-content\/uploads\/2025\/12\/39-15723246944d00e4bd7e.jpeg\" class=\"aw-1l9m598 hKVVvP\"\/><\/p>\n<p>Avaa kuvien katselu<\/p>\n<p>P\u00e4\u00e4ministeri Petteri Orpo (kok.) kertoo, ett\u00e4 soitti y\u00f6ll\u00e4 EU-huippukokouksesta valiokuntien puheenjohtajille. Kuva: Nicolas Tucat \/ AFP<\/p>\n<p class=\"aw-1gybjub aw-1p7kakr kEtdKx cEmitX yle__article__paragraph\">P\u00e4\u00e4ministeri <strong class=\"aw-ak79eh KyCXm yle__article__strong\">Petteri Orpo<\/strong> (kok.) joutui selitt\u00e4m\u00e4\u00e4n, onko h\u00e4n toiminut mandaattinsa puitteissa, kun Suomi p\u00e4\u00e4tti Eurooppa-neuvoston mukana, ett\u00e4 Ukrainalle annetaan tukea yhteisvelkaa vastaan. Neuvottelup\u00f6yt\u00e4\u00e4n mentiin alun perin sopimaan Ven\u00e4j\u00e4n j\u00e4\u00e4dytettyjen varojen k\u00e4ytt\u00e4misest\u00e4 Ukrainan tueksi.<\/p>\n<p class=\"aw-1gybjub aw-1p7kakr kEtdKx cEmitX yle__article__paragraph\">Orpo kertoi, ett\u00e4 muutos tuli neuvotteluissa Suomelle yll\u00e4tyksen\u00e4.<\/p>\n<p class=\"aw-1gybjub aw-1p7kakr kEtdKx cEmitX yle__article__paragraph\">\u2013 Tyylipisteit\u00e4 ei Eurooppa t\u00e4st\u00e4 erityisemmin saa, Orpo totesi eduskunnassa toimittajille.<\/p>\n<p class=\"aw-1gybjub aw-1p7kakr kEtdKx cEmitX yle__article__paragraph\">H\u00e4n kuitenkin korosti, ett\u00e4 t\u00e4rkeint\u00e4 oli varmistaa Ukrainan tuki EU:lta.<\/p>\n<p class=\"aw-1gybjub aw-1p7kakr kEtdKx cEmitX yle__article__paragraph\">Suuren valiokunnan toinen varapuheenjohtaja <strong class=\"aw-ak79eh KyCXm yle__article__strong\">Miapetra Kumpula-Natri<\/strong> (sd.)<a class=\"aw-iao6s4 iHOxEa yle__article__link\" href=\"https:\/\/www.threads.com\/@miapetrakumpula\/post\/DScRxdbisFl\" role=\"link\" rel=\"nofollow noopener\" target=\"_blank\"> kritisoi<\/a> viikonloppuna, ett\u00e4 Orpo ei olisi asianmukaisesti valmistellut muita vaihtoehtoja Ukrainan tukemiseksi kuin Ven\u00e4j\u00e4n j\u00e4\u00e4dytettyjen varojen k\u00e4yt\u00f6n.<\/p>\n<p class=\"aw-1gybjub aw-1p7kakr kEtdKx cEmitX yle__article__paragraph\"><strong class=\"aw-ak79eh KyCXm yle__article__strong\">Oletteko itse sit\u00e4 mielt\u00e4, ett\u00e4 teill\u00e4 oli mandaatti suostua t\u00e4h\u00e4n?<\/strong><\/p>\n<p class=\"aw-1gybjub aw-1p7kakr kEtdKx cEmitX yle__article__paragraph\">\u2013 Mandaatti riitti t\u00e4h\u00e4n ja varmistin sen y\u00f6ll\u00e4 tekem\u00e4ll\u00e4ni soitolla valiokunnan puheenjohtajalle, Orpo sanoi.<\/p>\n<p class=\"aw-1gybjub aw-1p7kakr kEtdKx cEmitX yle__article__paragraph\">Ulkoasiainvaliokunnan puheenjohtaja <strong class=\"aw-ak79eh KyCXm yle__article__strong\">Johannes Koskinen<\/strong> (sd.) kritisoi prosessia, jolla yhteisvelasta p\u00e4\u00e4tettiin. H\u00e4nen mukaansa on tulkinnan varaista, onko Orpo toiminut mandaattinsa puitteissa.<\/p>\n<p class=\"aw-1gybjub aw-1p7kakr kEtdKx cEmitX yle__article__paragraph\">\u2013 Siin\u00e4 olisi laajempi konsultointi ollut tarpeen, Koskinen sanoo medialle sen j\u00e4lkeen, kun Orpo k\u00e4vi eduskunnassa puhumassa EU:n huippukokouksesta suurelle valiokunnalle ja ulkoasiainvaliokunnalle.<\/p>\n<p class=\"aw-1gybjub aw-1p7kakr kEtdKx cEmitX yle__article__paragraph\">H\u00e4n kuitenkin pit\u00e4\u00e4 t\u00e4rke\u00e4n\u00e4, ett\u00e4 tuki Ukrainalle saatiin.<\/p>\n<p class=\"aw-1gybjub aw-1p7kakr kEtdKx cEmitX yle__article__paragraph\">Keskustan puheenjohtaja <strong class=\"aw-ak79eh KyCXm yle__article__strong\">Antti Kaikkonen<\/strong> kertoi olevansa pettynyt p\u00e4\u00e4t\u00f6kseen.<\/p>\n<p class=\"aw-1gybjub aw-1p7kakr kEtdKx cEmitX yle__article__paragraph\">\u2013 Piti tulla sotakorvauslaina, tulikin yhteisvelka. Vaikka Ukrainaa pit\u00e4\u00e4 auttaa, niin ei t\u00e4st\u00e4 nyt kovin suuria tyylipisteit\u00e4 voi antaa, Kaikkonen sanoi.<\/p>\n<p class=\"aw-1gybjub aw-1p7kakr kEtdKx cEmitX yle__article__paragraph\">Jo heti huippukokouksen j\u00e4lkeen Orpo <a class=\"aw-iao6s4 iHOxEa yle__article__link\" href=\"https:\/\/yle.fi\/a\/74-20200668\" role=\"link\" rel=\"nofollow noopener\" target=\"_blank\">totesi<\/a>, ett\u00e4 Suomi olisi halunnut Ven\u00e4j\u00e4n j\u00e4\u00e4dytettyjen varojen k\u00e4ytt\u00f6\u00e4 Ukrainan hyv\u00e4ksi mieluummin kuin yhteisvelalla.<\/p>\n","protected":false},"excerpt":{"rendered":"Oppositiosta kritisoidaan, ett\u00e4 Ven\u00e4j\u00e4n j\u00e4\u00e4dytettyj\u00e4 varoja ei saatu k\u00e4ytetty\u00e4 Ukrainan hyv\u00e4ksi, vaan tuki annetaan yhteisvelan muodossa. Avaa kuvien&hellip;\n","protected":false},"author":2,"featured_media":123063,"comment_status":"","ping_status":"","sticky":false,"template":"","format":"standard","meta":{"footnotes":""},"categories":[14],"tags":[22,23,1617,26,27,33,31,30,17,24,25,28,29,15,18,21,637,5016,32,19,20,549,56,16,59,60,61],"class_list":{"0":"post-123062","1":"post","2":"type-post","3":"status-publish","4":"format-standard","5":"has-post-thumbnail","7":"category-ulkomaat","8":"tag-breaking-news","9":"tag-breakingnews","10":"tag-euroopan-unioni","11":"tag-featured-news","12":"tag-featurednews","13":"tag-fi","14":"tag-finland","15":"tag-finnish","16":"tag-headlines","17":"tag-latest-news","18":"tag-latestnews","19":"tag-main-news","20":"tag-mainnews","21":"tag-news","22":"tag-otsikot","23":"tag-paauutiset","24":"tag-politiikka","25":"tag-suomen-ulkopolitiikka","26":"tag-suomi","27":"tag-top-stories","28":"tag-topstories","29":"tag-ukrainan-sota","30":"tag-ulkomaat","31":"tag-uutiset","32":"tag-world","33":"tag-world-news","34":"tag-worldnews"},"share_on_mastodon":{"url":"https:\/\/pubeurope.com\/@fi\/115762798742981448","error":""},"_links":{"self":[{"href":"https:\/\/www.europesays.com\/fi\/wp-json\/wp\/v2\/posts\/123062","targetHints":{"allow":["GET"]}}],"collection":[{"href":"https:\/\/www.europesays.com\/fi\/wp-json\/wp\/v2\/posts"}],"about":[{"href":"https:\/\/www.europesays.com\/fi\/wp-json\/wp\/v2\/types\/post"}],"author":[{"embeddable":true,"href":"https:\/\/www.europesays.com\/fi\/wp-json\/wp\/v2\/users\/2"}],"replies":[{"embeddable":true,"href":"https:\/\/www.europesays.com\/fi\/wp-json\/wp\/v2\/comments?post=123062"}],"version-history":[{"count":0,"href":"https:\/\/www.europesays.com\/fi\/wp-json\/wp\/v2\/posts\/123062\/revisions"}],"wp:featuredmedia":[{"embeddable":true,"href":"https:\/\/www.europesays.com\/fi\/wp-json\/wp\/v2\/media\/123063"}],"wp:attachment":[{"href":"https:\/\/www.europesays.com\/fi\/wp-json\/wp\/v2\/media?parent=123062"}],"wp:term":[{"taxonomy":"category","embeddable":true,"href":"https:\/\/www.europesays.com\/fi\/wp-json\/wp\/v2\/categories?post=123062"},{"taxonomy":"post_tag","embeddable":true,"href":"https:\/\/www.europesays.com\/fi\/wp-json\/wp\/v2\/tags?post=123062"}],"curies":[{"name":"wp","href":"https:\/\/api.w.org\/{rel}","templated":true}]}}