{"id":123088,"date":"2025-12-22T11:25:12","date_gmt":"2025-12-22T11:25:12","guid":{"rendered":"https:\/\/www.europesays.com\/fi\/123088\/"},"modified":"2025-12-22T11:25:12","modified_gmt":"2025-12-22T11:25:12","slug":"terasleidit-arvio-pamela-tolan-menestyskomedia-murskasi-iloisesti-odotukset","status":"publish","type":"post","link":"https:\/\/www.europesays.com\/fi\/123088\/","title":{"rendered":"Ter\u00e4sleidit arvio: Pamela Tolan menestyskomedia murskasi iloisesti odotukset"},"content":{"rendered":"<p>Rellest\u00e4v\u00e4 komedia oli ensi-iltavuotensa katsotuin kotimainen.<\/p>\n<p class=\"article-body mb-nof-24 px-nof-16\">Tv-lehti arvioi: J\u00e4ttihitiksi elokuvateattereissa noussut kotimainen Ter\u00e4sleidit-komedia esitet\u00e4\u00e4n Subilla sopivasti maanantai-iltana \u2013\u2009vain muutamaa p\u00e4iv\u00e4\u00e4 ennen sen jatko-osan joulup\u00e4iv\u00e4n eli torstain ensi-iltaa.<\/p>\n<p class=\"article-body mb-nof-24 px-nof-16\"><a class=\"article-personlink\" href=\"https:\/\/www.is.fi\/haku\/?query=Leena%20Uotila\" rel=\"nofollow noopener\" target=\"_blank\">Leena Uotila<\/a>, <a class=\"article-personlink\" href=\"https:\/\/www.is.fi\/haku\/?query=Seela%20Sella\" rel=\"nofollow noopener\" target=\"_blank\">Seela Sella<\/a> sek\u00e4 <a class=\"article-personlink\" href=\"https:\/\/www.is.fi\/haku\/?query=Saara%20Pakkasvirta\" rel=\"nofollow noopener\" target=\"_blank\">Saara Pakkasvirta<\/a> n\u00e4yttelev\u00e4t komediassa Inkeri\u00e4, Railia ja Sylvi\u00e4, joita ei pid\u00e4 erehty\u00e4 luulemaan miksik\u00e4\u00e4n perusmummoiksi, vaikka he ensi-illan aikaan 2020 olivat 72-, 83- ja 81-vuotiaita.<\/p>\n<p class=\"article-body mb-nof-24 px-nof-16\">Elokuvan alussa Inkeri panikoi isketty\u00e4\u00e4n v\u00e4kivaltaista alkoholistimiest\u00e4\u00e4n pannulla p\u00e4\u00e4h\u00e4n. Pian h\u00e4n jo s\u00e4nt\u00e4\u00e4 isosiskojensa kanssa tien p\u00e4\u00e4lle etsi\u00e4kseen mahdolliseen tulevaan murhaoikeudenk\u00e4yntiins\u00e4 \u201dlievent\u00e4vi\u00e4 asianhaaroja\u201d.<\/p>\n<p class=\"article-body mb-nof-24 px-nof-16\">Jokainen on omanlaisensa persoona: Inkeri on sovinnaiseen arkeen solahtanut entinen naisaktivisti, Raili kitkeri\u00e4 t\u00f6lv\u00e4isyj\u00e4 laukova kyyninen hienostonainen ja Sylvi kaiken kauhistelija, joka viinaryyppyjen j\u00e4lkeen kuitenkin intoutuu villiin seksiin kolmekymppisen miekkosen kanssa.<\/p>\n<p class=\"article-body mb-nof-24 px-nof-16\">Ter\u00e4sleidit toi kotimaiseen elokuvaan t\u00e4ysin uuden n\u00e4k\u00f6kulman, sill\u00e4 vanhoja naisia ei oltu aiemmin n\u00e4hty n\u00e4in t\u00e4p\u00e4k\u00f6in\u00e4 tytsyin\u00e4 \u2013 etenk\u00e4\u00e4n niin, ett\u00e4 he olisivat p\u00e4\u00e4sseet elokuvan p\u00e4\u00e4henkil\u00f6iksi.<\/p>\n<p class=\"article-body mb-nof-24 px-nof-16\">Ohjaaja <a class=\"article-personlink\" href=\"https:\/\/www.is.fi\/haku\/?query=Pamela%20Tolan\" rel=\"nofollow noopener\" target=\"_blank\">Pamela Tolan<\/a> ja <a class=\"article-personlink\" href=\"https:\/\/www.is.fi\/haku\/?query=Aleksi%20Bardyn\" rel=\"nofollow noopener\" target=\"_blank\">Aleksi Bardyn<\/a> laatiman k\u00e4sikirjoituksen repiv\u00e4 sanailu sinkoilee kolmikon v\u00e4lill\u00e4 niin moneen suuntaan, ett\u00e4 tabut ja totutut mielikuvat vanhuudesta menev\u00e4t iloisesti pirstaleiksi.<\/p>\n<p><img decoding=\"async\" src=\"https:\/\/www.europesays.com\/fi\/wp-content\/uploads\/2025\/12\/1766402711_571_468.jpg\" alt=\"Miest\u00e4\u00e4n kalauttanut Inkeri (Leena Uotila) ja Sylvi (Saara Pakkasvirta) l\u00e4htev\u00e4t pikkupaniikissa tien p\u00e4\u00e4lle.\" class=\"_Img_1rerz_1\" style=\"aspect-ratio:1.7777777777777777\" loading=\"eager\"\/><\/p>\n<p class=\"article-picture-caption\">Miest\u00e4\u00e4n kalauttanut Inkeri (Leena Uotila) ja Sylvi (Saara Pakkasvirta) l\u00e4htev\u00e4t pikkupaniikissa tien p\u00e4\u00e4lle. Kuva:\u00a0Sami Kuokkanen \/ Helsinki-filmi \/ SF Studios<\/p>\n<p class=\"article-body mb-nof-24 px-nof-16\">Loppupuolella meno v\u00e4lj\u00e4htyy, kun mukaan tulee liuta muitakin hahmoja. Pakostakin k\u00e4y mieless\u00e4, onko lempeytt\u00e4 koko kehollaan huokuvan <a class=\"article-personlink\" href=\"https:\/\/www.is.fi\/haku\/?query=Heikki%20Nousiaisen\" rel=\"nofollow noopener\" target=\"_blank\">Heikki Nousiaisen<\/a> roolitus t\u00e4ll\u00e4 kertaa mennyt kohdilleen.<\/p>\n<p class=\"article-body mb-nof-24 px-nof-16\"><a class=\"article-personlink\" href=\"https:\/\/www.is.fi\/haku\/?query=Pirjo%20Lonka\" rel=\"nofollow noopener\" target=\"_blank\">Pirjo Lonka<\/a> vet\u00e4\u00e4 joka tapauksessa hillitt\u00f6m\u00e4n k\u00e4rjistyksen liian monta lankaa k\u00e4siss\u00e4\u00e4n py\u00f6rittelev\u00e4n\u00e4 Inkerin aikuisena tytt\u00e4ren\u00e4. Puolisoa n\u00e4yttelee j\u00e4lleen Lonkan tosiel\u00e4m\u00e4nkin puoliso <a class=\"article-personlink\" href=\"https:\/\/www.is.fi\/haku\/?query=Jani%20Volanen\" rel=\"nofollow noopener\" target=\"_blank\">Jani Volanen<\/a>.<\/p>\n<p class=\"article-body mb-nof-24 px-nof-16\">Pakkasvirta p\u00e4\u00e4see palkittiin railakkaasta roolistaan Jussi-palkinnolla. Jatko-osassa Ter\u00e4sleidit \u2013 kuin viimeist\u00e4 p\u00e4iv\u00e4\u00e4 h\u00e4nen Sylvi-hahmoaan ei en\u00e4\u00e4 n\u00e4hd\u00e4 kuin muistovalokuvassa.<\/p>\n<p><img decoding=\"async\" src=\"https:\/\/www.europesays.com\/fi\/wp-content\/uploads\/2025\/12\/1766402712_335_468.jpg\" alt=\"Ter\u00e4v\u00e4kielist\u00e4 Railia n\u00e4yttelee Seela Sella.\" class=\"_Img_1rerz_1\" style=\"aspect-ratio:1.7777777777777777\" loading=\"eager\"\/><\/p>\n<p class=\"article-picture-caption\">Ter\u00e4v\u00e4kielist\u00e4 Railia n\u00e4yttelee Seela Sella. Kuva:\u00a0Sub<\/p>\n<p class=\"article-body mb-nof-24 px-nof-16\">Rellest\u00e4vien mummojen railakasta matkaa todisti alkuvuodesta 2020 teattereissa per\u00e4ti 247\u202f088 katsojaa. Se teki Ter\u00e4sleideist\u00e4 vuotensa katsotuimman kotimaisen. Kaikista elokuvistakin sen edelle meni tuolloin vain koko perheen Frozen 2 -animaatio, joka ilmestyi jo joulukuun 2019 lopussa.<\/p>\n<p class=\"article-body nof-ui-body-medium mb-nof-24 px-nof-16\">Ter\u00e4sleidit, Sub klo 21.00 maanantaina 22.12. &amp; MTV Katsomo. Komedia \u2605\u2605\u2605<\/p>\n","protected":false},"excerpt":{"rendered":"Rellest\u00e4v\u00e4 komedia oli ensi-iltavuotensa katsotuin kotimainen. Tv-lehti arvioi: J\u00e4ttihitiksi elokuvateattereissa noussut kotimainen Ter\u00e4sleidit-komedia esitet\u00e4\u00e4n Subilla sopivasti maanantai-iltana \u2013\u2009vain&hellip;\n","protected":false},"author":2,"featured_media":123089,"comment_status":"","ping_status":"","sticky":false,"template":"","format":"standard","meta":{"footnotes":""},"categories":[131],"tags":[155,137,33,173,31,30,34,172,32,109],"class_list":{"0":"post-123088","1":"post","2":"type-post","3":"status-publish","4":"format-standard","5":"has-post-thumbnail","7":"category-elokuvat","8":"tag-elokuvat","9":"tag-entertainment","10":"tag-fi","11":"tag-film","12":"tag-finland","13":"tag-finnish","14":"tag-ilta-sanomat","15":"tag-movies","16":"tag-suomi","17":"tag-viihde"},"share_on_mastodon":{"url":"https:\/\/pubeurope.com\/@fi\/115762975712270845","error":""},"_links":{"self":[{"href":"https:\/\/www.europesays.com\/fi\/wp-json\/wp\/v2\/posts\/123088","targetHints":{"allow":["GET"]}}],"collection":[{"href":"https:\/\/www.europesays.com\/fi\/wp-json\/wp\/v2\/posts"}],"about":[{"href":"https:\/\/www.europesays.com\/fi\/wp-json\/wp\/v2\/types\/post"}],"author":[{"embeddable":true,"href":"https:\/\/www.europesays.com\/fi\/wp-json\/wp\/v2\/users\/2"}],"replies":[{"embeddable":true,"href":"https:\/\/www.europesays.com\/fi\/wp-json\/wp\/v2\/comments?post=123088"}],"version-history":[{"count":0,"href":"https:\/\/www.europesays.com\/fi\/wp-json\/wp\/v2\/posts\/123088\/revisions"}],"wp:featuredmedia":[{"embeddable":true,"href":"https:\/\/www.europesays.com\/fi\/wp-json\/wp\/v2\/media\/123089"}],"wp:attachment":[{"href":"https:\/\/www.europesays.com\/fi\/wp-json\/wp\/v2\/media?parent=123088"}],"wp:term":[{"taxonomy":"category","embeddable":true,"href":"https:\/\/www.europesays.com\/fi\/wp-json\/wp\/v2\/categories?post=123088"},{"taxonomy":"post_tag","embeddable":true,"href":"https:\/\/www.europesays.com\/fi\/wp-json\/wp\/v2\/tags?post=123088"}],"curies":[{"name":"wp","href":"https:\/\/api.w.org\/{rel}","templated":true}]}}