{"id":123099,"date":"2025-12-22T11:33:10","date_gmt":"2025-12-22T11:33:10","guid":{"rendered":"https:\/\/www.europesays.com\/fi\/123099\/"},"modified":"2025-12-22T11:33:10","modified_gmt":"2025-12-22T11:33:10","slug":"ratavika-junat-jopa-kolme-tuntia-myohassa","status":"publish","type":"post","link":"https:\/\/www.europesays.com\/fi\/123099\/","title":{"rendered":"Ratavika \u2013 Junat jopa kolme tuntia my\u00f6h\u00e4ss\u00e4"},"content":{"rendered":"<p>Rataj\u00e4rjestelm\u00e4n vika aiheuttaa my\u00f6h\u00e4stymisi\u00e4 etenkin kaukojunille. <\/p>\n<p><img decoding=\"async\" class=\"image image-show image-preview\" src=\"https:\/\/www.europesays.com\/fi\/wp-content\/uploads\/2025\/12\/cedab7f50c5843c9c42b69b9e6ef21cfbfa1740eac2e8d82bd32b548336ca4bc.jpg\" alt=\"\"\/><img decoding=\"async\" class=\"image image-show\" src=\"https:\/\/www.europesays.com\/fi\/wp-content\/uploads\/2025\/12\/1766403190_597_cedab7f50c5843c9c42b69b9e6ef21cfbfa1740eac2e8d82bd32b548336ca4bc.jpg\" alt=\"\"\/><\/p>\n<p>Sunnuntaina Helsingist\u00e4 Kolariin l\u00e4htenyt y\u00f6juna on aikataulusta 3 tuntia 50 minuuttia j\u00e4ljess\u00e4. Kuvituskuva. Levi Veps\u00e4<\/p>\n<p class=\"paragraph\">Rataj\u00e4rjestelm\u00e4vika aiheuttaa junaliikenteess\u00e4 pitki\u00e4 my\u00f6h\u00e4stymisi\u00e4.<\/p>\n<p class=\"paragraph\">H\u00e4iri\u00f6 aiheuttaa paikoin useiden tuntien my\u00f6h\u00e4stymisi\u00e4.<\/p>\n<p class=\"paragraph\">Pitk\u00e4t my\u00f6h\u00e4stymiset koskevat kaukojunia. Helsingin ja Kolarin v\u00e4lisi\u00e4 yhteyksi\u00e4 ajavat junat ovat t\u00e4n\u00e4\u00e4n arvion mukaan jopa yli kolme tuntia aikataulusta j\u00e4ljess\u00e4. My\u00f6s Helsingin ja Rovaniemen v\u00e4li\u00e4 ajaville junille tulee yli tunnin viiv\u00e4styksi\u00e4.<\/p>\n<p class=\"paragraph\">VR:n poikkeustilannesivujen mukaan matkustajille kerrotaan vaihtoyhteyksist\u00e4 ennen vaihtoasemille saapumista.<\/p>\n<p class=\"paragraph\">Yhteens\u00e4 20 junaa on Fintrafficin mukaan maanantaina puolenp\u00e4iv\u00e4n aikaan my\u00f6h\u00e4ss\u00e4 aikataulusta. Osa junista on my\u00f6h\u00e4ss\u00e4 vain hieman yli 10 minuuttia.<\/p>\n","protected":false},"excerpt":{"rendered":"Rataj\u00e4rjestelm\u00e4n vika aiheuttaa my\u00f6h\u00e4stymisi\u00e4 etenkin kaukojunille. Sunnuntaina Helsingist\u00e4 Kolariin l\u00e4htenyt y\u00f6juna on aikataulusta 3 tuntia 50 minuuttia j\u00e4ljess\u00e4.&hellip;\n","protected":false},"author":2,"featured_media":123100,"comment_status":"","ping_status":"","sticky":false,"template":"","format":"standard","meta":{"footnotes":""},"categories":[12],"tags":[35,22,23,26,27,33,31,30,17,24,25,121,734,951,28,29,953,15,18,21,950,32,19,20,16],"class_list":{"0":"post-123099","1":"post","2":"type-post","3":"status-publish","4":"format-standard","5":"has-post-thumbnail","7":"category-suomi","8":"tag-24h","9":"tag-breaking-news","10":"tag-breakingnews","11":"tag-featured-news","12":"tag-featurednews","13":"tag-fi","14":"tag-finland","15":"tag-finnish","16":"tag-headlines","17":"tag-latest-news","18":"tag-latestnews","19":"tag-liikenne-ja-kuljetus","20":"tag-maaliikenne","21":"tag-maaliikenne-putkijohtokuljetus","22":"tag-main-news","23":"tag-mainnews","24":"tag-matkustajaliikenne","25":"tag-news","26":"tag-otsikot","27":"tag-paauutiset","28":"tag-raskas-liikenne","29":"tag-suomi","30":"tag-top-stories","31":"tag-topstories","32":"tag-uutiset"},"share_on_mastodon":{"url":"https:\/\/pubeurope.com\/@fi\/115763007448093825","error":""},"_links":{"self":[{"href":"https:\/\/www.europesays.com\/fi\/wp-json\/wp\/v2\/posts\/123099","targetHints":{"allow":["GET"]}}],"collection":[{"href":"https:\/\/www.europesays.com\/fi\/wp-json\/wp\/v2\/posts"}],"about":[{"href":"https:\/\/www.europesays.com\/fi\/wp-json\/wp\/v2\/types\/post"}],"author":[{"embeddable":true,"href":"https:\/\/www.europesays.com\/fi\/wp-json\/wp\/v2\/users\/2"}],"replies":[{"embeddable":true,"href":"https:\/\/www.europesays.com\/fi\/wp-json\/wp\/v2\/comments?post=123099"}],"version-history":[{"count":0,"href":"https:\/\/www.europesays.com\/fi\/wp-json\/wp\/v2\/posts\/123099\/revisions"}],"wp:featuredmedia":[{"embeddable":true,"href":"https:\/\/www.europesays.com\/fi\/wp-json\/wp\/v2\/media\/123100"}],"wp:attachment":[{"href":"https:\/\/www.europesays.com\/fi\/wp-json\/wp\/v2\/media?parent=123099"}],"wp:term":[{"taxonomy":"category","embeddable":true,"href":"https:\/\/www.europesays.com\/fi\/wp-json\/wp\/v2\/categories?post=123099"},{"taxonomy":"post_tag","embeddable":true,"href":"https:\/\/www.europesays.com\/fi\/wp-json\/wp\/v2\/tags?post=123099"}],"curies":[{"name":"wp","href":"https:\/\/api.w.org\/{rel}","templated":true}]}}