{"id":123103,"date":"2025-12-22T11:47:13","date_gmt":"2025-12-22T11:47:13","guid":{"rendered":"https:\/\/www.europesays.com\/fi\/123103\/"},"modified":"2025-12-22T11:47:13","modified_gmt":"2025-12-22T11:47:13","slug":"sinkkukuningatar-pirita-niemenmaa-vietti-jo-joulun-tassa-syy","status":"publish","type":"post","link":"https:\/\/www.europesays.com\/fi\/123103\/","title":{"rendered":"Sinkkukuningatar Pirita Niemenmaa vietti jo joulun \u2013 t\u00e4ss\u00e4 syy"},"content":{"rendered":"<p class=\"has-drop-cap\"><strong><a href=\"https:\/\/www.tanssiin.fi\/tag\/pirita-niemenmaa\/\" title=\"pirita niemenmaa\" rel=\"nofollow noopener\" target=\"_blank\">Pirita Niemenmaa<\/a><\/strong>, 41, viett\u00e4\u00e4 t\u00e4n\u00e4 vuonna joulun sinkkuna. Kev\u00e4\u00e4ll\u00e4 2025 Piritan el\u00e4m\u00e4ss\u00e4 tapahtui iso muutos, kun h\u00e4n yll\u00e4tt\u00e4en <a href=\"https:\/\/www.tanssiin.fi\/pirita-niemenmaa-ja-mika-kihlattu-yllatysero\/\" title=\"Pirita Niemenmaa ja Mika-kihlattu: yll\u00e4tysero\" rel=\"nofollow noopener\" target=\"_blank\">erosi<\/a> kihlatustaan\u00a0<strong><a href=\"https:\/\/www.tanssiin.fi\/tag\/mika-poikola\/\" target=\"_blank\" rel=\"noreferrer noopener nofollow\">Mika Poikolasta<\/a><\/strong>.<\/p>\n<p>Temptation Island Suomi\u00a0-kohuohjelmassakin rakkautensa rajoja tv:ss\u00e4 testanneen avoparin suhde kesti kuutisen vuotta. Lempi alkoi leiskua Sein\u00e4joen Tangomarkkinoiden j\u00e4lkeen kes\u00e4ll\u00e4 2019.<\/p>\n<p>Kihloihin he meniv\u00e4t uudenvuodeny\u00f6n\u00e4 2020-21.\u00a0<\/p>\n<p>Tunteikas ja el\u00e4m\u00e4niloinen Pirita on puhunut avoimesti tunteistaan ja el\u00e4m\u00e4ns\u00e4 k\u00e4\u00e4nteist\u00e4 julkisuudessa.\u00a0Huhtikuisen eron tiimoiltakin h\u00e4n korosti, ettei siihen liity esimerkiksi kolmansia osapuolia tai muuta draamaa.<\/p>\n<p>\u201dPaljon on ollut ymp\u00e4rill\u00e4 kaikkee ja moni miettii mun jaksamista ja sen sellasta, mutta t\u00e4ll\u00e4 hetkell\u00e4 mulla on niin hyv\u00e4 energia ja voima p\u00e4\u00e4ll\u00e4, ett\u00e4 jaksan kyll\u00e4\u201d, laulaja sanoitti tunteitaan elokuussa 2025.<\/p>\n<p><strong>Lue my\u00f6s:<\/strong> <a href=\"https:\/\/www.tanssiin.fi\/nyt-puhuu-eronnut-pirita-niemenmaa-taman-takia-rakkaus-kuihtui-unohdimme\/\" title=\"Nyt puhuu eronnut Pirita Niemenmaa \u2013\u00a0t\u00e4m\u00e4n takia rakkaus kuihtui: \u201dUnohdimme\u2026\u201d\" rel=\"nofollow noopener\" target=\"_blank\">Nyt puhuu eronnut Pirita Niemenmaa \u2013\u00a0t\u00e4m\u00e4n takia rakkaus kuihtui: \u201dUnohdimme\u2026\u201d<\/a><\/p>\n<p>Pirita S-marketista: \u201dEn irtisanoudu varmasti koskaan\u201d<\/p>\n<p>Vuoden 2019 tangokuningatar on siviiliss\u00e4 paiskinut pitk\u00e4\u00e4n t\u00f6it\u00e4 S-ryhm\u00e4n palveluksessa. Kun Piritasta kruunattiin tangokuningatar, h\u00e4n ty\u00f6skenteli paikallisella ABC-huoltoasemalla.<\/p>\n<p>Sittemmin h\u00e4n on siirtynyt myyj\u00e4ksi Sein\u00e4joen S-marketiin.<\/p>\n<p><strong>Lue my\u00f6s: <\/strong><a href=\"https:\/\/www.tanssiin.fi\/pirita-niemenmaa-jatti-tyot-abclla-tangokuningatar-on-sinkku-koirahullu\/\" title=\"Pirita Niemenmaa j\u00e4tti ty\u00f6t ABC:lla \u2013 tangokuningatar on sinkku koirahullu\" rel=\"nofollow noopener\" target=\"_blank\">Pirita Niemenmaa j\u00e4tti ty\u00f6t ABC:lla \u2013 tangokuningatar on sinkku koirahullu<\/a><\/p>\n<p>Vaikka laulukeikkojakin piisaa, t\u00f6it\u00e4\u00e4n S-marketissa Pirita ei ole j\u00e4tt\u00e4m\u00e4ss\u00e4.<\/p>\n<p>\u201dPit\u00e4\u00e4 olla el\u00e4m\u00e4ss\u00e4 turva, kun koskaan ei voi tiet\u00e4\u00e4 maailman tilanteista, terveydest\u00e4, laulu\u00e4\u00e4nest\u00e4 tai muusta, ett\u00e4 mit\u00e4 tulevaisuus tuo tullessaan. Mutta jos mulle keikkoja paljon suodaan, niin sit ollaan vaan omilla vapailla enemm\u00e4n ja pusketaan keikkaa, mutta en irtisanoudu varmasti koskaan!\u201d<\/p>\n<p>\u201dOlen kaikki joulunpyh\u00e4t t\u00f6iss\u00e4\u201d<\/p>\n<p>T\u00e4n\u00e4 vuonna Pirita on joulunpyh\u00e4t t\u00f6iss\u00e4 ruokakaupassa. Sen takia tangokuningatar kertookin jo juhlineensa joulua etuk\u00e4teen.<\/p>\n<p>\u201dMe ollaan perheen kesken joulu jo vietetty, mut monella se on vasta edess\u00e4p\u00e4in. Selvittiin t\u00e4st\u00e4 joulustressist\u00e4 ja h\u00e4ss\u00e4k\u00e4st\u00e4\u201d, laulaja valotti sunnuntaina somessa.<\/p>\n<p>\u201dViel\u00e4 yksi p\u00e4iv\u00e4 oleilua ja sitten olen kaikki joulunpyh\u00e4t t\u00f6iss\u00e4.\u201d<\/p>\n<p>Pirita paljasti my\u00f6s lempijoululaulunsa: Ilon hetki\u00e4.<\/p>\n<p>\u201dT\u00e4t\u00e4 oli alkuun vaikea laulaa tai jopa kuunnella. T\u00e4m\u00e4 saa mut herkistym\u00e4\u00e4n.\u201d<\/p>\n<p><strong>Kuuntele<\/strong> Paula Koivuniemi Ilon hetki\u00e4 2013:<\/p>\n<p>Pirita Niemenmaa on yksi tanssi- ja iskelm\u00e4kansan suosikkiartisteista: Tanssiin.fi julkaisi vastik\u00e4\u00e4n suuren Tanssin t\u00e4hdet -yleis\u00f6\u00e4\u00e4nestyksen tulokset, ja Pirita oli Vuoden naisartisti 2025 -listalla komeasti kolmantena: <a href=\"https:\/\/www.tanssiin.fi\/tanssikansa-aanesti-tassa-ovat-suomen-10-suosituinta-naisartistia\/\" title=\"Tanssikansa \u00e4\u00e4nesti: t\u00e4ss\u00e4 ovat Suomen 10 suosituinta naisartistia\" rel=\"nofollow noopener\" target=\"_blank\">Tanssikansa \u00e4\u00e4nesti: t\u00e4ss\u00e4 ovat Suomen 10 suosituinta naisartistia<\/a><\/p>\n<p>Katso Pirita Niemenmaan <a href=\"https:\/\/www.tanssiin.fi\/artistit\/naistahdet\/pirita-niemenmaa\/\" title=\"\" rel=\"nofollow noopener\" target=\"_blank\">keikat t\u00e4st\u00e4<\/a>.<\/p>\n<p>Kirjoittanut:<br \/>\n<img loading=\"lazy\" data-lazyloaded=\"1\" width=\"512\" height=\"512\" decoding=\"async\" class=\"aioseo-author-image\" src=\"https:\/\/www.europesays.com\/fi\/wp-content\/uploads\/2025\/10\/cropped-tanssiin-logo.jpg\" alt=\"author avatar\"\/><\/p>\n<p>Tanssiin.fi<\/p>\n<p>\nTanssi- ja iskelm\u00e4musiikin uutiset asiantuntevasti.<\/p>\n<p><img loading=\"lazy\" decoding=\"async\" data-lazyloaded=\"1\" width=\"512\" height=\"512\" class=\"aioseo-author-bio-compact-image\" src=\"https:\/\/www.europesays.com\/fi\/wp-content\/uploads\/2025\/10\/cropped-tanssiin-logo.jpg\" alt=\"author avatar\"\/><br \/>\nTanssi- ja iskelm\u00e4musiikin uutiset asiantuntevasti.<\/p>\n<p>100%<br \/>\nIhana<\/p>\n<p>0%<br \/>\nHauska<\/p>\n<p>0%<br \/>\nVau<\/p>\n<p>0%<br \/>\nSurullinen<\/p>\n<p>0%<br \/>\nVihainen\n<\/p>\n<p>Post navigation<\/p>\n","protected":false},"excerpt":{"rendered":"Pirita Niemenmaa, 41, viett\u00e4\u00e4 t\u00e4n\u00e4 vuonna joulun sinkkuna. Kev\u00e4\u00e4ll\u00e4 2025 Piritan el\u00e4m\u00e4ss\u00e4 tapahtui iso muutos, kun h\u00e4n yll\u00e4tt\u00e4en&hellip;\n","protected":false},"author":2,"featured_media":123104,"comment_status":"","ping_status":"","sticky":false,"template":"","format":"standard","meta":{"footnotes":""},"categories":[136],"tags":[407,137,33,31,30,22056,5856,408,8972,13445,19596,8193,32,6188,4049,939,22057,16,109],"class_list":{"0":"post-123103","1":"post","2":"type-post","3":"status-publish","4":"format-standard","5":"has-post-thumbnail","7":"category-julkkikset","8":"tag-celebrities","9":"tag-entertainment","10":"tag-fi","11":"tag-finland","12":"tag-finnish","13":"tag-ilon-hetkia","14":"tag-joulu","15":"tag-julkkikset","16":"tag-keikat","17":"tag-pirita-niemenmaa","18":"tag-s-market","19":"tag-sinkku","20":"tag-suomi","21":"tag-tangokuningatar","22":"tag-tanssitahdet","23":"tag-tyo","24":"tag-tyopaikka","25":"tag-uutiset","26":"tag-viihde"},"share_on_mastodon":{"url":"https:\/\/pubeurope.com\/@fi\/115763062278718942","error":""},"_links":{"self":[{"href":"https:\/\/www.europesays.com\/fi\/wp-json\/wp\/v2\/posts\/123103","targetHints":{"allow":["GET"]}}],"collection":[{"href":"https:\/\/www.europesays.com\/fi\/wp-json\/wp\/v2\/posts"}],"about":[{"href":"https:\/\/www.europesays.com\/fi\/wp-json\/wp\/v2\/types\/post"}],"author":[{"embeddable":true,"href":"https:\/\/www.europesays.com\/fi\/wp-json\/wp\/v2\/users\/2"}],"replies":[{"embeddable":true,"href":"https:\/\/www.europesays.com\/fi\/wp-json\/wp\/v2\/comments?post=123103"}],"version-history":[{"count":0,"href":"https:\/\/www.europesays.com\/fi\/wp-json\/wp\/v2\/posts\/123103\/revisions"}],"wp:featuredmedia":[{"embeddable":true,"href":"https:\/\/www.europesays.com\/fi\/wp-json\/wp\/v2\/media\/123104"}],"wp:attachment":[{"href":"https:\/\/www.europesays.com\/fi\/wp-json\/wp\/v2\/media?parent=123103"}],"wp:term":[{"taxonomy":"category","embeddable":true,"href":"https:\/\/www.europesays.com\/fi\/wp-json\/wp\/v2\/categories?post=123103"},{"taxonomy":"post_tag","embeddable":true,"href":"https:\/\/www.europesays.com\/fi\/wp-json\/wp\/v2\/tags?post=123103"}],"curies":[{"name":"wp","href":"https:\/\/api.w.org\/{rel}","templated":true}]}}