{"id":123105,"date":"2025-12-22T11:51:13","date_gmt":"2025-12-22T11:51:13","guid":{"rendered":"https:\/\/www.europesays.com\/fi\/123105\/"},"modified":"2025-12-22T11:51:13","modified_gmt":"2025-12-22T11:51:13","slug":"olemme-kiertava-pop-up-kauppa-gary-holt-puhuu-kiertue-elaman-taloudellisista-realiteeteista","status":"publish","type":"post","link":"https:\/\/www.europesays.com\/fi\/123105\/","title":{"rendered":"&#8221;Olemme kiert\u00e4v\u00e4 pop-up -kauppa&#8221; &#8211; Gary Holt puhuu kiertue-el\u00e4m\u00e4n taloudellisista realiteeteista"},"content":{"rendered":"<p>Kiert\u00e4miseen ja keikkailuun liittyvien kulujen ja menojen kasvu on ollut viime vuosina niin valtaisaa, ett\u00e4 isoillakin b\u00e4ndeill\u00e4 on vaikeuksia p\u00e4\u00e4st\u00e4 kiertueista plussan puolelle. <strong>Exodus<\/strong>\u2013 ja <strong>Slayer<\/strong>-yhtyeist\u00e4 tuttu kitaristi <strong>Gary Holt<\/strong> keskusteli hiljattain kiertue-el\u00e4m\u00e4n taloudellisista realiteeteista Sweetwaterin haastattelussa ja totesi rundaamisen onnistuvan t\u00e4ll\u00e4 hetkell\u00e4 ainoastaan oheistuotemyynnin ansiosta.<\/p>\n<p>\u201dMe kaikki olemme t\u00e4t\u00e4 nyky\u00e4 pelkki\u00e4 kiert\u00e4vi\u00e4 paitakauppiaita. Ehk\u00e4 joku <strong>Metallica <\/strong>on kyllin suuri p\u00e4rj\u00e4\u00e4m\u00e4\u00e4n ilman paitamyynti\u00e4kin, mutta Exodus ja muut \u2013 me olemme kiert\u00e4v\u00e4 pop-up -kauppa. Soitamme musiikkia, jotta sin\u00e4 tulisit merkkaritiskille\u201d, <a href=\"https:\/\/blabbermouth.net\/news\/exoduss-gary-holt-on-financial-realities-of-touring-if-your-guarantees-cover-the-entire-cost-of-the-tour-youre-way-ahead-of-the-game\" target=\"_blank\" rel=\"noreferrer noopener nofollow\">Holt toteaa<\/a>.<\/p>\n<p>\u201dMe olemme onnekkaita siin\u00e4, ett\u00e4 saamme viel\u00e4 rojalteja ja sellaisia. Mutta jos saat takuupalkkiot kattamaan koko kiertueen kulut, asiat ovat todella hyv\u00e4ll\u00e4 mallilla. Siin\u00e4 tapauksessa oheistuotemyynti tulee suoraan omaan taskuun ja viivan allekin j\u00e4\u00e4 jotain.\u201d<\/p>\n<p>My\u00f6s Exodus-basisti <strong>Jack Gibson<\/strong> on puhunut aiheesta samaan malliin.<\/p>\n<p>\u201dLevyj\u00e4 ei myyd\u00e4 paskan vertaa. Jos emme kierr\u00e4 ja myy paitoja, emme tienaa mit\u00e4\u00e4n. Olen paitakauppias, en muusikko. Sit\u00e4 me teemme. Soitamme musiikkia, jotta ihmiset ostavat kamaa, johon on painettu meid\u00e4n logomme. Siin\u00e4 se bisnes on\u201d, Gibson <a href=\"https:\/\/www.inferno.fi\/uutiset\/olen-paitakauppias-en-muusikko-exodus-basistin-kuva-alan-kehityksesta-on-varsin-synkka\/\" target=\"_blank\" rel=\"noreferrer noopener nofollow\">totesi taannoin<\/a> The Danielle Bloom Podcastin haastattelussa.<\/p>\n<p><img loading=\"lazy\" decoding=\"async\" alt=\"YouTube video\" width=\"480\" height=\"360\" data-pin-nopin=\"true\" nopin=\"nopin\" class=\"perfmatters-lazy\" src=\"https:\/\/www.europesays.com\/fi\/wp-content\/uploads\/2025\/12\/1766370130_455_hqdefault.jpg\"\/><\/p>\n<p>Lue my\u00f6s: <a href=\"https:\/\/www.inferno.fi\/uutiset\/olen-paitakauppias-en-muusikko-exodus-basistin-kuva-alan-kehityksesta-on-varsin-synkka\/\" title=\"\u201dOlen paitakauppias, en muusikko\u201d \u2013 Exodus-basistin kuva alan kehityksest\u00e4 on varsin synkk\u00e4\" class=\"underline-custom !font-montserrat !font-bold !underline-offset-4 !decoration-4 !decoration-red-600 !text-md\" rel=\"nofollow noopener\" target=\"_blank\">\u201dOlen paitakauppias, en muusikko\u201d \u2013 Exodus-basistin kuva alan kehityksest\u00e4 on varsin synkk\u00e4<\/a><\/p>\n<p>Lue my\u00f6s: <a href=\"https:\/\/www.inferno.fi\/uutiskirje\/\" title=\"Tilaa Infernon uutiskirje\" class=\"underline-custom !font-montserrat !font-bold !underline-offset-4 !decoration-4 !decoration-red-600 !text-md\" rel=\"nofollow noopener\" target=\"_blank\">Tilaa Infernon uutiskirje ja tied\u00e4t mist\u00e4 kahvitauolla puhutaan! Nappaa raskaan musiikin uutiset ja puheenaiheet suoraan s\u00e4hk\u00f6postiin t\u00e4st\u00e4.<\/a><\/p>\n","protected":false},"excerpt":{"rendered":"Kiert\u00e4miseen ja keikkailuun liittyvien kulujen ja menojen kasvu on ollut viime vuosina niin valtaisaa, ett\u00e4 isoillakin b\u00e4ndeill\u00e4 on&hellip;\n","protected":false},"author":2,"featured_media":123106,"comment_status":"","ping_status":"","sticky":false,"template":"","format":"standard","meta":{"footnotes":""},"categories":[132],"tags":[3495,137,33,31,30,195,47,11903,1240,32,109],"class_list":{"0":"post-123105","1":"post","2":"type-post","3":"status-publish","4":"format-standard","5":"has-post-thumbnail","7":"category-musiikki","8":"tag-bisnes","9":"tag-entertainment","10":"tag-fi","11":"tag-finland","12":"tag-finnish","13":"tag-music","14":"tag-musiikki","15":"tag-musiikkibisnes","16":"tag-raha","17":"tag-suomi","18":"tag-viihde"},"share_on_mastodon":{"url":"https:\/\/pubeurope.com\/@fi\/115763077949235493","error":""},"_links":{"self":[{"href":"https:\/\/www.europesays.com\/fi\/wp-json\/wp\/v2\/posts\/123105","targetHints":{"allow":["GET"]}}],"collection":[{"href":"https:\/\/www.europesays.com\/fi\/wp-json\/wp\/v2\/posts"}],"about":[{"href":"https:\/\/www.europesays.com\/fi\/wp-json\/wp\/v2\/types\/post"}],"author":[{"embeddable":true,"href":"https:\/\/www.europesays.com\/fi\/wp-json\/wp\/v2\/users\/2"}],"replies":[{"embeddable":true,"href":"https:\/\/www.europesays.com\/fi\/wp-json\/wp\/v2\/comments?post=123105"}],"version-history":[{"count":0,"href":"https:\/\/www.europesays.com\/fi\/wp-json\/wp\/v2\/posts\/123105\/revisions"}],"wp:featuredmedia":[{"embeddable":true,"href":"https:\/\/www.europesays.com\/fi\/wp-json\/wp\/v2\/media\/123106"}],"wp:attachment":[{"href":"https:\/\/www.europesays.com\/fi\/wp-json\/wp\/v2\/media?parent=123105"}],"wp:term":[{"taxonomy":"category","embeddable":true,"href":"https:\/\/www.europesays.com\/fi\/wp-json\/wp\/v2\/categories?post=123105"},{"taxonomy":"post_tag","embeddable":true,"href":"https:\/\/www.europesays.com\/fi\/wp-json\/wp\/v2\/tags?post=123105"}],"curies":[{"name":"wp","href":"https:\/\/api.w.org\/{rel}","templated":true}]}}