{"id":123111,"date":"2025-12-22T11:58:08","date_gmt":"2025-12-22T11:58:08","guid":{"rendered":"https:\/\/www.europesays.com\/fi\/123111\/"},"modified":"2025-12-22T11:58:08","modified_gmt":"2025-12-22T11:58:08","slug":"sastamala-palautti-kiikoisten-terveysaseman-myyntiin-tama-oli-syy-aetsan-terveysaseman-jatkosuunnitelma-tarkentui","status":"publish","type":"post","link":"https:\/\/www.europesays.com\/fi\/123111\/","title":{"rendered":"Sastamala palautti Kiikoisten terveysaseman myyntiin: t\u00e4m\u00e4 oli syy \u2013 \u00c4ets\u00e4n terveysaseman jatkosuunnitelma tarkentui"},"content":{"rendered":"<p>\u00c4ets\u00e4n terveysasemakiinteist\u00f6n kauppa etenee. Sastamalan kaupunki on tavoittanut ostajan ja kuullut, mit\u00e4 t\u00e4m\u00e4 kiinteist\u00f6lle suunnittelee.<\/p>\n<p class=\"article-body mb-nof-24 px-nof-16\">Sastamalan kaupunki jatkaa Kiikoisten terveysaseman myynti\u00e4. Sastamalan kaupungingeodeetti <a class=\"article-personlink\" href=\"https:\/\/www.tyrvaansanomat.fi\/haku\/?query=Arto%20Vuorij%C3%A4rvi\" rel=\"nofollow noopener\" target=\"_blank\">Arto Vuorij\u00e4rvi <\/a>kertoo, ett\u00e4 kiinteist\u00f6n myynti\u00e4 Huutokaupat.com-palvelussa p\u00e4\u00e4tettiin jatkaa sen j\u00e4lkeen, kun ensimm\u00e4inen tarjousaika umpeutui 17. joulukuuta.<\/p>\n<p class=\"article-body mb-nof-24 px-nof-16\">Kiikoisten terveysaseman hinta kohosi ensimm\u00e4isen jakson aikana huutokaupassa 3000 euroon ja tarjoajia oli kolme.<\/p>\n","protected":false},"excerpt":{"rendered":"\u00c4ets\u00e4n terveysasemakiinteist\u00f6n kauppa etenee. Sastamalan kaupunki on tavoittanut ostajan ja kuullut, mit\u00e4 t\u00e4m\u00e4 kiinteist\u00f6lle suunnittelee. Sastamalan kaupunki jatkaa&hellip;\n","protected":false},"author":2,"featured_media":123112,"comment_status":"","ping_status":"","sticky":false,"template":"","format":"standard","meta":{"footnotes":""},"categories":[76],"tags":[79,77,33,31,30,32,78,3885],"class_list":{"0":"post-123111","1":"post","2":"type-post","3":"status-publish","4":"format-standard","5":"has-post-thumbnail","7":"category-talous","8":"tag-business","9":"tag-economy","10":"tag-fi","11":"tag-finland","12":"tag-finnish","13":"tag-suomi","14":"tag-talous","15":"tag-tyrvaan-sanomat"},"share_on_mastodon":{"url":"https:\/\/pubeurope.com\/@fi\/115763105208273693","error":""},"_links":{"self":[{"href":"https:\/\/www.europesays.com\/fi\/wp-json\/wp\/v2\/posts\/123111","targetHints":{"allow":["GET"]}}],"collection":[{"href":"https:\/\/www.europesays.com\/fi\/wp-json\/wp\/v2\/posts"}],"about":[{"href":"https:\/\/www.europesays.com\/fi\/wp-json\/wp\/v2\/types\/post"}],"author":[{"embeddable":true,"href":"https:\/\/www.europesays.com\/fi\/wp-json\/wp\/v2\/users\/2"}],"replies":[{"embeddable":true,"href":"https:\/\/www.europesays.com\/fi\/wp-json\/wp\/v2\/comments?post=123111"}],"version-history":[{"count":0,"href":"https:\/\/www.europesays.com\/fi\/wp-json\/wp\/v2\/posts\/123111\/revisions"}],"wp:featuredmedia":[{"embeddable":true,"href":"https:\/\/www.europesays.com\/fi\/wp-json\/wp\/v2\/media\/123112"}],"wp:attachment":[{"href":"https:\/\/www.europesays.com\/fi\/wp-json\/wp\/v2\/media?parent=123111"}],"wp:term":[{"taxonomy":"category","embeddable":true,"href":"https:\/\/www.europesays.com\/fi\/wp-json\/wp\/v2\/categories?post=123111"},{"taxonomy":"post_tag","embeddable":true,"href":"https:\/\/www.europesays.com\/fi\/wp-json\/wp\/v2\/tags?post=123111"}],"curies":[{"name":"wp","href":"https:\/\/api.w.org\/{rel}","templated":true}]}}