{"id":123113,"date":"2025-12-22T11:59:10","date_gmt":"2025-12-22T11:59:10","guid":{"rendered":"https:\/\/www.europesays.com\/fi\/123113\/"},"modified":"2025-12-22T11:59:10","modified_gmt":"2025-12-22T11:59:10","slug":"thaimaan-ulkoministeri-thaimaan-ja-kambodzan-rauhansopimusta-kiirehdettiin-trumpin-vierailun-takia-uutisia-lyhyesti","status":"publish","type":"post","link":"https:\/\/www.europesays.com\/fi\/123113\/","title":{"rendered":"Thaimaan ulkoministeri: Thaimaan ja Kambod\u017ean rauhansopimusta kiirehdettiin Trumpin vierailun takia | Uutisia lyhyesti"},"content":{"rendered":"<p><img decoding=\"async\" alt=\"Thaimaan ulkoministeri Sihasak Phuangketkeow poistumassa lehdist\u00f6tilaisuudesta. H\u00e4n katsoo kelloaan.\" src=\"https:\/\/www.europesays.com\/fi\/wp-content\/uploads\/2025\/12\/39-157354569493106e65e6.jpeg\" class=\"aw-1l9m598 hKVVvP\"\/><\/p>\n<p>Avaa kuvien katselu<\/p>\n<p>Thaimaan ulkoministeri Sihasak Phuangketkeow poistui lehdist\u00f6tilaisuudesta Kuala Lumpurissa Malesiassa t\u00e4n\u00e4\u00e4n. Kuva: Fazry Ismail \/ EPA<\/p>\n<p>12:49\u2022P\u00e4ivitetty 12:57<\/p>\n<p class=\"aw-1gybjub aw-1p7kakr kEtdKx cEmitX yle__article__paragraph\">Thaimaan ulkoministerin <strong class=\"aw-ak79eh KyCXm yle__article__strong\">Sihasak Phuangketkeowin<\/strong> mukaan Thaimaan ja Kambod\u017ean v\u00e4list\u00e4 rauhansopimusta kiirehdettiin Yhdysvaltain presidentin <strong class=\"aw-ak79eh KyCXm yle__article__strong\">Donald Trumpin<\/strong> vierailun takia.<\/p>\n<p class=\"aw-1gybjub aw-1p7kakr kEtdKx cEmitX yle__article__paragraph\">Lokakuista sopimusta on jo rikottu, ja rajakiista on kiihtynyt t\u00e4ss\u00e4 kuussa. Yhteens\u00e4 kymmeni\u00e4 ihmisi\u00e4 on kuollut ja yli 900\u00a0000 on joutunut j\u00e4tt\u00e4m\u00e4\u00e4n kotinsa.<\/p>\n<p class=\"aw-1gybjub aw-1p7kakr kEtdKx cEmitX yle__article__paragraph\">Malesiassa t\u00e4n\u00e4\u00e4n pidetyn kriisi-istunnon j\u00e4lkeen on kerrottu, ett\u00e4 Thaimaan ja Kambod\u017ean edustajat k\u00e4sittelev\u00e4t kiistaa seuraavan kerran keskiviikkona.<\/p>\n","protected":false},"excerpt":{"rendered":"Avaa kuvien katselu Thaimaan ulkoministeri Sihasak Phuangketkeow poistui lehdist\u00f6tilaisuudesta Kuala Lumpurissa Malesiassa t\u00e4n\u00e4\u00e4n. Kuva: Fazry Ismail \/ EPA&hellip;\n","protected":false},"author":2,"featured_media":123114,"comment_status":"","ping_status":"","sticky":false,"template":"","format":"standard","meta":{"footnotes":""},"categories":[14],"tags":[4372,22,23,585,26,27,33,31,30,17,4036,11742,4258,24,25,28,29,3281,15,18,21,4083,5071,32,2911,19,20,4274,56,16,59,60,61],"class_list":{"0":"post-123113","1":"post","2":"type-post","3":"status-publish","4":"format-standard","5":"has-post-thumbnail","7":"category-ulkomaat","8":"tag-aasia","9":"tag-breaking-news","10":"tag-breakingnews","11":"tag-donald-trump","12":"tag-featured-news","13":"tag-featurednews","14":"tag-fi","15":"tag-finland","16":"tag-finnish","17":"tag-headlines","18":"tag-kaakkois-aasia","19":"tag-kambodza","20":"tag-konfliktit","21":"tag-latest-news","22":"tag-latestnews","23":"tag-main-news","24":"tag-mainnews","25":"tag-malesia","26":"tag-news","27":"tag-otsikot","28":"tag-paauutiset","29":"tag-rauhanneuvottelut","30":"tag-rauhansopimukset","31":"tag-suomi","32":"tag-thaimaa","33":"tag-top-stories","34":"tag-topstories","35":"tag-ulkoasiainministerio","36":"tag-ulkomaat","37":"tag-uutiset","38":"tag-world","39":"tag-world-news","40":"tag-worldnews"},"share_on_mastodon":{"url":"","error":"Validation failed: Text character limit of 500 exceeded"},"_links":{"self":[{"href":"https:\/\/www.europesays.com\/fi\/wp-json\/wp\/v2\/posts\/123113","targetHints":{"allow":["GET"]}}],"collection":[{"href":"https:\/\/www.europesays.com\/fi\/wp-json\/wp\/v2\/posts"}],"about":[{"href":"https:\/\/www.europesays.com\/fi\/wp-json\/wp\/v2\/types\/post"}],"author":[{"embeddable":true,"href":"https:\/\/www.europesays.com\/fi\/wp-json\/wp\/v2\/users\/2"}],"replies":[{"embeddable":true,"href":"https:\/\/www.europesays.com\/fi\/wp-json\/wp\/v2\/comments?post=123113"}],"version-history":[{"count":0,"href":"https:\/\/www.europesays.com\/fi\/wp-json\/wp\/v2\/posts\/123113\/revisions"}],"wp:featuredmedia":[{"embeddable":true,"href":"https:\/\/www.europesays.com\/fi\/wp-json\/wp\/v2\/media\/123114"}],"wp:attachment":[{"href":"https:\/\/www.europesays.com\/fi\/wp-json\/wp\/v2\/media?parent=123113"}],"wp:term":[{"taxonomy":"category","embeddable":true,"href":"https:\/\/www.europesays.com\/fi\/wp-json\/wp\/v2\/categories?post=123113"},{"taxonomy":"post_tag","embeddable":true,"href":"https:\/\/www.europesays.com\/fi\/wp-json\/wp\/v2\/tags?post=123113"}],"curies":[{"name":"wp","href":"https:\/\/api.w.org\/{rel}","templated":true}]}}