{"id":123117,"date":"2025-12-22T12:01:16","date_gmt":"2025-12-22T12:01:16","guid":{"rendered":"https:\/\/www.europesays.com\/fi\/123117\/"},"modified":"2025-12-22T12:01:16","modified_gmt":"2025-12-22T12:01:16","slug":"junaliikenteessa-hairio-helsingin-ja-tampereen-valilla-myos-lappiin-matkalla-olevat-junat-ovat-myohassa-uutisia-lyhyesti","status":"publish","type":"post","link":"https:\/\/www.europesays.com\/fi\/123117\/","title":{"rendered":"Juna\u00adliikenteess\u00e4 h\u00e4iri\u00f6 Helsingin ja Tampereen v\u00e4lill\u00e4 \u2013 my\u00f6s Lappiin matkalla olevat junat ovat my\u00f6h\u00e4ss\u00e4 | Uutisia lyhyesti"},"content":{"rendered":"<p class=\"aw-1gybjub aw-5vja16 kEtdKx kmuxyA yle__article__paragraph\">Vian vuoksi junat kulkevat hitaasti tai joutuvat jonottamaan.<\/p>\n<p><img decoding=\"async\" alt=\"Eero Vartiainen junassa matkalla Helsinkiin. \" src=\"https:\/\/www.europesays.com\/fi\/wp-content\/uploads\/2025\/12\/39-157348069491ed96e6ce.jpeg\" class=\"aw-1l9m598 hKVVvP\"\/><\/p>\n<p>Avaa kuvien katselu<\/p>\n<p>Eero Vartiainen suhtautui junan my\u00f6h\u00e4stymiseen positiivisesti. Kuva: Joel Peltonen \/ Yle<\/p>\n<p>12:07\u2022P\u00e4ivitetty 13:21<\/p>\n<p class=\"aw-1gybjub aw-1p7kakr kEtdKx cEmitX yle__article__paragraph\">Junaliikenteess\u00e4 on useita my\u00f6h\u00e4stymisi\u00e4, jotka johtuvat kahdesta eri rataj\u00e4rjestelm\u00e4viasta.<\/p>\n<p class=\"aw-1gybjub aw-1p7kakr kEtdKx cEmitX yle__article__paragraph\">Toinen h\u00e4iri\u00f6 on Helsinki\u2013Tampere -reitill\u00e4 Toijalan kohdalla.<\/p>\n<p class=\"aw-1gybjub aw-1p7kakr kEtdKx cEmitX yle__article__paragraph\">Ylen tietojen mukaan kyseess\u00e4 on turvalaitevika, mink\u00e4 vuoksi junat kulkevat hiljennetyll\u00e4 nopeudella tai joutuvat jonottamaan, ett\u00e4 p\u00e4\u00e4sev\u00e4t kohdasta l\u00e4pi.<\/p>\n<p class=\"aw-1gybjub aw-1p7kakr kEtdKx cEmitX yle__article__paragraph\">Finntraffic rataliikennekeskuksesta kerrottiin Ylelle, ett\u00e4 kunnossapito on paikalla, mutta vikaa ei ole viel\u00e4 korjattu. T\u00e4ll\u00e4 hetkell\u00e4 vika aiheuttaa noin 10\u201315 minuutin my\u00f6h\u00e4stymisi\u00e4 junille.<\/p>\n<p class=\"aw-1gybjub aw-1p7kakr kEtdKx cEmitX yle__article__paragraph\"><strong class=\"aw-ak79eh KyCXm yle__article__strong\">Eero Vartiainen<\/strong> oli Intercityn 142 -junassa matkalla Helsinkiin. Pienest\u00e4 viiv\u00e4styksest\u00e4 huolimatta Vartiainen suhtautui tilanteeseen positiivisesti.<\/p>\n<p class=\"aw-1gybjub aw-1p7kakr kEtdKx cEmitX yle__article__paragraph\">\u2013 T\u00e4ss\u00e4h\u00e4n saa enemm\u00e4n junamatkaa samalla rahalla.<\/p>\n<p><img decoding=\"async\" alt=\"Juna-aikataulun n\u00e4ytt\u00e4v\u00e4 infotaulu, jossa useita my\u00f6h\u00e4stymisi\u00e4.\" src=\"https:\/\/www.europesays.com\/fi\/wp-content\/uploads\/2025\/12\/39-15734906949268469f10.jpeg\" loading=\"lazy\" class=\"aw-1l9m598 hKVVvP\"\/><\/p>\n<p>Avaa kuvien katselu<\/p>\n<p>Tampereella useat junat olivat my\u00f6h\u00e4ss\u00e4 hieman ennen yht\u00e4 p\u00e4iv\u00e4ll\u00e4. Kuva: Juha Kokkala \/ Yle<\/p>\n<p class=\"aw-1gybjub aw-1p7kakr kEtdKx cEmitX yle__article__paragraph\">IC94 -junassa on my\u00f6s Ylen toimittaja <strong class=\"aw-ak79eh KyCXm yle__article__strong\">Elsa Osipova<\/strong>. H\u00e4n haastatteli Tampereelta matkaan l\u00e4htenytt\u00e4 <strong class=\"aw-ak79eh KyCXm yle__article__strong\">Reetta Latvakoskea<\/strong>.<\/p>\n<p class=\"aw-1gybjub aw-1p7kakr kEtdKx cEmitX yle__article__paragraph\">\u2013 Olemme menossa Thaimaan Phukettiin joululomalle. Lento l\u00e4htee 16.35. V\u00e4h\u00e4n j\u00e4nnitt\u00e4\u00e4.<\/p>\n<p class=\"aw-1gybjub aw-1p7kakr kEtdKx cEmitX yle__article__paragraph\">Latvakoski aikoo tilata taksin kumppaninsa kanssa, jos n\u00e4ytt\u00e4\u00e4 silt\u00e4 ettei kerke\u00e4 lennolle.<\/p>\n<p class=\"aw-1gybjub aw-1p7kakr kEtdKx cEmitX yle__article__paragraph\">Pariskunta kertoo varautuneensa my\u00f6h\u00e4stymisiin ja l\u00e4htiv\u00e4t sen takia aikaisemmalla junalla.<\/p>\n<p><img decoding=\"async\" alt=\"Juna seisoo Toijalan asemalla.\" src=\"https:\/\/www.europesays.com\/fi\/wp-content\/uploads\/2025\/12\/39-157347969491ed8f2038.jpeg\" loading=\"lazy\" class=\"aw-1l9m598 hKVVvP\"\/><\/p>\n<p>Avaa kuvien katselu<\/p>\n<p>Junat kulkevat hiljennetyll\u00e4 nopeudella ja joutuvat jonottamaan Toijalan kohdalla turvalaitevian vuoksi.  Kuva: Joel Peltonen \/ YleMy\u00f6s Lappiin matkalla olevat junat ovat my\u00f6h\u00e4ss\u00e4<\/p>\n<p class=\"aw-1gybjub aw-1p7kakr kEtdKx cEmitX yle__article__paragraph\"><a class=\"aw-iao6s4 iHOxEa yle__article__link\" href=\"https:\/\/www.vr.fi\/radalla\/poikkeustilanteet\" role=\"link\" rel=\"nofollow noopener\" target=\"_blank\">VR:n poikkeustilanne-sivun<\/a> mukaan useat junat esimerkiksi Helsingist\u00e4 pohjoiseen ovat my\u00f6h\u00e4stym\u00e4ss\u00e4 jopa useita tunteja.<\/p>\n<p class=\"aw-1gybjub aw-1p7kakr kEtdKx cEmitX yle__article__paragraph\">Finntraffic rataliikennekeskuksesta kerrottiin, ett\u00e4 n\u00e4iden junien my\u00f6h\u00e4styminen on johtunut Laurilassa Keminmaassa olevasta tietoliikenneviasta.<\/p>\n<p class=\"aw-1gybjub aw-1p7kakr kEtdKx cEmitX yle__article__paragraph\">Vika aiheuttaa my\u00f6h\u00e4stymisi\u00e4 junaliikenteess\u00e4 Kemi &#8211; Rovaniemi ja Kemi &#8211; Kolari v\u00e4leill\u00e4.<\/p>\n<p class=\"aw-1gybjub aw-1p7kakr kEtdKx cEmitX yle__article__paragraph\">Vikaa ei ole viel\u00e4 saatu korjattua.<\/p>\n<p class=\"aw-1gybjub aw-1p7kakr kEtdKx cEmitX yle__article__paragraph\">Uutinen p\u00e4ivittyy.<\/p>\n","protected":false},"excerpt":{"rendered":"Vian vuoksi junat kulkevat hitaasti tai joutuvat jonottamaan. Avaa kuvien katselu Eero Vartiainen suhtautui junan my\u00f6h\u00e4stymiseen positiivisesti. Kuva:&hellip;\n","protected":false},"author":2,"featured_media":123118,"comment_status":"","ping_status":"","sticky":false,"template":"","format":"standard","meta":{"footnotes":""},"categories":[5],"tags":[22,23,26,27,33,31,30,17,15919,71,667,24,25,1161,28,29,15,18,21,553,1711,32,22063,19,20,16],"class_list":{"0":"post-123117","1":"post","2":"type-post","3":"status-publish","4":"format-standard","5":"has-post-thumbnail","7":"category-otsikot","8":"tag-breaking-news","9":"tag-breakingnews","10":"tag-featured-news","11":"tag-featurednews","12":"tag-fi","13":"tag-finland","14":"tag-finnish","15":"tag-headlines","16":"tag-junaliikennehairiot","17":"tag-kotimaa","18":"tag-lappi","19":"tag-latest-news","20":"tag-latestnews","21":"tag-liikenne","22":"tag-main-news","23":"tag-mainnews","24":"tag-news","25":"tag-otsikot","26":"tag-paauutiset","27":"tag-pirkanmaa","28":"tag-rautatieliikenne","29":"tag-suomi","30":"tag-toijala","31":"tag-top-stories","32":"tag-topstories","33":"tag-uutiset"},"share_on_mastodon":{"url":"https:\/\/pubeurope.com\/@fi\/115763117141452518","error":""},"_links":{"self":[{"href":"https:\/\/www.europesays.com\/fi\/wp-json\/wp\/v2\/posts\/123117","targetHints":{"allow":["GET"]}}],"collection":[{"href":"https:\/\/www.europesays.com\/fi\/wp-json\/wp\/v2\/posts"}],"about":[{"href":"https:\/\/www.europesays.com\/fi\/wp-json\/wp\/v2\/types\/post"}],"author":[{"embeddable":true,"href":"https:\/\/www.europesays.com\/fi\/wp-json\/wp\/v2\/users\/2"}],"replies":[{"embeddable":true,"href":"https:\/\/www.europesays.com\/fi\/wp-json\/wp\/v2\/comments?post=123117"}],"version-history":[{"count":0,"href":"https:\/\/www.europesays.com\/fi\/wp-json\/wp\/v2\/posts\/123117\/revisions"}],"wp:featuredmedia":[{"embeddable":true,"href":"https:\/\/www.europesays.com\/fi\/wp-json\/wp\/v2\/media\/123118"}],"wp:attachment":[{"href":"https:\/\/www.europesays.com\/fi\/wp-json\/wp\/v2\/media?parent=123117"}],"wp:term":[{"taxonomy":"category","embeddable":true,"href":"https:\/\/www.europesays.com\/fi\/wp-json\/wp\/v2\/categories?post=123117"},{"taxonomy":"post_tag","embeddable":true,"href":"https:\/\/www.europesays.com\/fi\/wp-json\/wp\/v2\/tags?post=123117"}],"curies":[{"name":"wp","href":"https:\/\/api.w.org\/{rel}","templated":true}]}}