{"id":123123,"date":"2025-12-22T12:16:07","date_gmt":"2025-12-22T12:16:07","guid":{"rendered":"https:\/\/www.europesays.com\/fi\/123123\/"},"modified":"2025-12-22T12:16:07","modified_gmt":"2025-12-22T12:16:07","slug":"ensitreffit-alttarilla-tuula-meni-naimisiin-tassa-on-komea-puoliso","status":"publish","type":"post","link":"https:\/\/www.europesays.com\/fi\/123123\/","title":{"rendered":"Ensitreffit alttarilla -Tuula meni naimisiin &#8211; t\u00e4ss\u00e4 on komea puoliso!"},"content":{"rendered":"<p>            Pasi Murto\n        <\/p>\n<p class=\"subtitle \">Ensitreffit alttarilla -sarjassa Tuulan ja Miika-miehen sukset meniv\u00e4t pahasti ristiin. Nyt molemmat ovat menneet el\u00e4miss\u00e4\u00e4n eteenp\u00e4in.<\/p>\n<p class=\"article-content article-content-width !bg-background\">Ensitreffit alttarilla -sarjan , 34,\u00a0on j\u00e4lleen astunut avioliiton auvoiseen satamaan.<\/p>\n<p class=\"font-weight-bold m-font-weight-bold article-content article-content-width !bg-background\">Ensitreffit alttarilla -asiantuntijat antavat vinkkej\u00e4\u00e4n:<\/p>\n<p class=\"article-content article-content-width !bg-background\">Tuula tuli tunnetuksi rakkausrealityn 8. tuotantokaudelta, joka n\u00e4htiin televisiossa vuonna 2021. Tuolloin asiantuntijat olivat parittaneet Tuulan autoista innostuneen  kanssa, mutta jo kuvausten aikana pariskunta ajautui hankaliin tilanteisiin kesken\u00e4\u00e4n.<\/p>\n<p>        <a itemprop=\"url\" href=\"https:\/\/www.seiska.fi\/kotimaa\/ensitreffit-erostaan-suivaantunut-miika-ja-uusi-kumppani-yhteenmuutto\/1178337\" rel=\"nofollow noopener\" target=\"_blank\"><\/p>\n<p class=\"section-date\">\n        <strong class=\"article-section\" data-section=\"kotimaa\"><br \/>\n            kotimaa<br \/>\n        <\/strong><br \/>\n        31.10.2023 16:00\n    <\/p>\n<p>Ensitreffit-erostaan suivaantunut Miika ja uusi kumppani: Yhteenmuutto!\n    <\/p>\n<p itemprop=\"description\" class=\"subtitle \">\n    Ensitreffit alttarilla -ohjelmasta tuttu Miika on laittanut tytt\u00f6yst\u00e4v\u00e4ns\u00e4 kanssa hynttyyt yhteen.\n<\/p>\n<p>        <\/a><\/p>\n<p class=\"article-content article-content-width !bg-background\">Kaksikko erosi ja my\u00f6hemmin Miika purki tuntojaan Tuulasta ja heid\u00e4n kariutuneesta suhteestaan sosiaalisessa mediassa.<\/p>\n<p class=\"article-content article-content-width !bg-background\">Tuula vietti hiljaiseloa, mutta viimeisen parin vuoden aikana h\u00e4nkin on intoutunut kertomaan el\u00e4m\u00e4nmuutoksistaan someseuraajilleen.<\/p>\n<p class=\"article-content article-content-width !bg-background\">Tuula on puhunut avoimesti muun muassa sairastamastaan sy\u00f6v\u00e4st\u00e4, uudesta kumppanistaan sek\u00e4 siit\u00e4, ett\u00e4 pariskunta odottaa t\u00e4ll\u00e4 hetkell\u00e4 yhdess\u00e4 vauvaa.<\/p>\n<p>        <a itemprop=\"url\" href=\"https:\/\/www.seiska.fi\/terveys\/ensitreffit-alttarilla-tuulan-syopataistelussa-kaanne\/1537208\" rel=\"nofollow noopener\" target=\"_blank\"><\/p>\n<p class=\"section-date\">\n        <strong class=\"article-section\" data-section=\"terveys\"><br \/>\n            terveys<br \/>\n        <\/strong><br \/>\n        29.11.2024 13:59\n    <\/p>\n<p>Ensitreffit alttarilla -Tuulan sy\u00f6p\u00e4taistelussa k\u00e4\u00e4nne\n    <\/p>\n<p itemprop=\"description\" class=\"subtitle \">\n    Televisiosta tuttu Tuula on taistellut kilpirauhassy\u00f6v\u00e4ns\u00e4 kanssa.\n<\/p>\n<p>        <\/a><\/p>\n<p>Avioliitto!<\/p>\n<p class=\"article-content article-content-width !bg-background\">Nyt Tuula on mennyt rakkaansa kanssa my\u00f6s naimisiin.<\/p>\n<p class=\"article-content article-content-width !bg-background\">\u2013 Rakas aviomieheni (syd\u00e4n). Sanoimme 11.12. toisillemme tahdon. Ihan vain kaksin. Tanssitaan kes\u00e4ll\u00e4 sit isommin, Tuula ilmoittaa maanantaisessa (22.12.) Instagram-p\u00e4ivityksess\u00e4\u00e4n.<\/p>\n<p>        <a itemprop=\"url\" href=\"https:\/\/www.seiska.fi\/kotimaa\/ensitreffit-tuula-vauvauutinen-takana-syopataistelu\/1992759\" rel=\"nofollow noopener\" target=\"_blank\"><\/p>\n<p>\nEnsitreffit-Tuula sel\u00e4tti sy\u00f6v\u00e4n\n<\/p>\n<p class=\"section-date\">\n        <strong class=\"article-section\" data-section=\"kotimaa\"><br \/>\n            kotimaa<br \/>\n        <\/strong><br \/>\n        14.11. 07:27\n    <\/p>\n<p>Ensitreffit-Tuula: Vauvauutinen \u2013 takana sy\u00f6p\u00e4taistelu\n    <\/p>\n<p itemprop=\"description\" class=\"subtitle \">\n    Tuula kertoo ilouutisesta terveyshuolien j\u00e4lkeen.\n<\/p>\n<p>        <\/a><\/p>\n<p class=\"no_italic m-no_italic article-content article-content-width !bg-background\">Tuula nojautuu julkaisemassaan kuvassa tuoreen aviomiehens\u00e4 kainaloon. Molemmat ovat pukeutuneet mustaan.<\/p>\n<p class=\"no_italic m-no_italic article-content article-content-width !bg-background\">\u2013 Onnea, iloa, siunausta! Ensitreffit alttarilla -ohjelmasta tuttu pappi  toivottaa.<\/p>\n<p class=\"no_italic m-no_italic article-content article-content-width !bg-background\">Tuula kertoi uudesta kumppanistaan julkisuuteen ensimm\u00e4isen kerran vuoden 2023 kes\u00e4ll\u00e4.\u00a0<\/p>\n<p>        <a itemprop=\"url\" href=\"https:\/\/www.seiska.fi\/kotimaa\/loysiko-ensitreffit-alttarilla-tuula-rakkauden\/1046785\" rel=\"nofollow noopener\" target=\"_blank\"><\/p>\n<p class=\"section-date\">\n        <strong class=\"article-section\" data-section=\"kotimaa\"><br \/>\n            kotimaa<br \/>\n        <\/strong><br \/>\n        2.6.2023 19:00\n    <\/p>\n<p>L\u00f6ysik\u00f6 Ensitreffit alttarilla -Tuula rakkauden?\n    <\/p>\n<p itemprop=\"description\" class=\"subtitle \">\n    Tuula matkusti herran kanssa viett\u00e4m\u00e4\u00e4n lomaa Puolaan.\n<\/p>\n<p>        <\/a><\/p>\n<p class=\"no_italic m-no_italic article-content article-content-width !bg-background\">My\u00f6s Tuulan ex-puoliso Miika on l\u00f6yt\u00e4nyt el\u00e4m\u00e4\u00e4ns\u00e4 uuden kumppanin, jonka kanssa h\u00e4n on saanut j\u00e4lkikasvua. Miika ei kuitenkaan p\u00e4ivit\u00e4 en\u00e4\u00e4 el\u00e4m\u00e4st\u00e4\u00e4n aktiivisesti somekanavilleen.<\/p>\n","protected":false},"excerpt":{"rendered":"Pasi Murto Ensitreffit alttarilla -sarjassa Tuulan ja Miika-miehen sukset meniv\u00e4t pahasti ristiin. Nyt molemmat ovat menneet el\u00e4miss\u00e4\u00e4n eteenp\u00e4in.&hellip;\n","protected":false},"author":2,"featured_media":123124,"comment_status":"","ping_status":"","sticky":false,"template":"","format":"standard","meta":{"footnotes":""},"categories":[133],"tags":[1075,1657,22064,18022,137,33,31,30,1208,2377,651,32,1469,206,156,1461,109],"class_list":{"0":"post-123123","1":"post","2":"type-post","3":"status-publish","4":"format-standard","5":"has-post-thumbnail","7":"category-televisiot","8":"tag-avioliitto","9":"tag-ensitreffit-alttarilla","10":"tag-ensitreffit-alttarilla-miika","11":"tag-ensitreffit-alttarilla-tuula","12":"tag-entertainment","13":"tag-fi","14":"tag-finland","15":"tag-finnish","16":"tag-haat","17":"tag-kari-kanala","18":"tag-suhteet","19":"tag-suomi","20":"tag-syopa","21":"tag-televisiot","22":"tag-tv","23":"tag-vauva","24":"tag-viihde"},"share_on_mastodon":{"url":"https:\/\/pubeurope.com\/@fi\/115763176091148283","error":""},"_links":{"self":[{"href":"https:\/\/www.europesays.com\/fi\/wp-json\/wp\/v2\/posts\/123123","targetHints":{"allow":["GET"]}}],"collection":[{"href":"https:\/\/www.europesays.com\/fi\/wp-json\/wp\/v2\/posts"}],"about":[{"href":"https:\/\/www.europesays.com\/fi\/wp-json\/wp\/v2\/types\/post"}],"author":[{"embeddable":true,"href":"https:\/\/www.europesays.com\/fi\/wp-json\/wp\/v2\/users\/2"}],"replies":[{"embeddable":true,"href":"https:\/\/www.europesays.com\/fi\/wp-json\/wp\/v2\/comments?post=123123"}],"version-history":[{"count":0,"href":"https:\/\/www.europesays.com\/fi\/wp-json\/wp\/v2\/posts\/123123\/revisions"}],"wp:featuredmedia":[{"embeddable":true,"href":"https:\/\/www.europesays.com\/fi\/wp-json\/wp\/v2\/media\/123124"}],"wp:attachment":[{"href":"https:\/\/www.europesays.com\/fi\/wp-json\/wp\/v2\/media?parent=123123"}],"wp:term":[{"taxonomy":"category","embeddable":true,"href":"https:\/\/www.europesays.com\/fi\/wp-json\/wp\/v2\/categories?post=123123"},{"taxonomy":"post_tag","embeddable":true,"href":"https:\/\/www.europesays.com\/fi\/wp-json\/wp\/v2\/tags?post=123123"}],"curies":[{"name":"wp","href":"https:\/\/api.w.org\/{rel}","templated":true}]}}