{"id":123125,"date":"2025-12-22T12:17:08","date_gmt":"2025-12-22T12:17:08","guid":{"rendered":"https:\/\/www.europesays.com\/fi\/123125\/"},"modified":"2025-12-22T12:17:08","modified_gmt":"2025-12-22T12:17:08","slug":"mikkelin-metallilahettilas-bloodred-hourglass-on-ehdolla-emma-gaalassa-paikalliset","status":"publish","type":"post","link":"https:\/\/www.europesays.com\/fi\/123125\/","title":{"rendered":"Mikkelin metallil\u00e4hettil\u00e4s Bloodred Hourglass on ehdolla Emma-gaalassa | Paikalliset"},"content":{"rendered":"<p>Mikkelil\u00e4isl\u00e4ht\u00f6inen Bloodred Hourglass (BRHG) on j\u00e4lleen <a href=\"https:\/\/www.lansi-savo.fi\/paikalliset\/4580466\" rel=\"nofollow noopener\" target=\"_blank\">Emma-gaala -ehdokkaana<\/a> Vuoden metalli 2025 -sarjassa. Ehdokkuus on saavutus sin\u00e4ns\u00e4, sill\u00e4 Musiikkituottajien \u2013 IFPI Finlandin j\u00e4rjest\u00e4m\u00e4ss\u00e4 musiikkialan tapahtumassa palkitaan vuoden menestyneimm\u00e4t taiteilijat ja alan ammattilaiset.<\/p>\n<p>Tulos ratkeaa maaliskuun 7. p\u00e4iv\u00e4n\u00e4 Espoossa j\u00e4rjestett\u00e4v\u00e4ss\u00e4 tapahtumassa.<\/p>\n<p>Vuoden metalli 2025 -sarjan muut ehdokkaat ovat Amorphis, Battle Beast, Havukruunu ja Sara. Ehdokkuuden edellytyksen\u00e4 on uuden musiikin julkaiseminen. Voittaja valitaan musiikillisen kiinnostavuuden, menestyksen ja suosion perusteella.<\/p>\n<blockquote class=\"voice-no-read rs_skip diks-blockquote\">\n<p class=\"diks-blockquote__text\">Edellinen konsertti oli itselleni yksi vuoden kohokohdista.<\/p>\n<p>Saku Moilanen<\/p><\/blockquote>\n<p>Bloodred Hourglassin lokakuussa julkaistu We should be buried like this on osoittautunut yhtyeen t\u00e4h\u00e4n asti menestyksekk\u00e4imm\u00e4ksi pitk\u00e4soitoksi.<\/p>\n<p>Emma-gaalassa jaetaan palkintoja lukuisissa kategoriassa. P\u00e4\u00e4osan palkinnoista valitsee ammattiraati, mutta yleis\u00f6 \u00e4\u00e4nest\u00e4\u00e4 Vuoden 2025 kotimaisen artistin tai yhtyeen.<\/p>\n<p><a href=\"https:\/\/lomake.supla.fi\/emma-gaala-2026-yleisoaanestys\/\" rel=\"nofollow noopener\" target=\"_blank\">\u00c4\u00e4nestys on avoinna<\/a> tammikuun 25. p\u00e4iv\u00e4\u00e4n saakka.<\/p>\n<p>\t\t<a class=\"diks-gallery__link\" href=\"https:\/\/i.media.fi\/incoming\/vfnok6\/10993442.jpg\/alternates\/FREE_1440\/10993442.jpg\" data-thumbnail=\"\" data-sub-html=\"Viime kes\u00e4n\u00e4 BRHG soitti keikan Dinosaurockissa Visulahdessa. Arkistokuva Oskari M\u00e4kisarka\" aria-label=\"Katso isompi kuva\" rel=\"nofollow noopener\" target=\"_blank\"><br \/>\n\t\t\t\t<img class=\"diks-figure__image\" src=\"https:\/\/www.europesays.com\/fi\/wp-content\/uploads\/2025\/12\/10993442.jpg\" loading=\"lazy\" decoding=\"sync\" alt=\"\"\/><\/p>\n<p>\t\t\t<\/a><br \/>\n\t\t\t\t\tViime kes\u00e4n\u00e4 BRHG soitti keikan Dinosaurockissa Visulahdessa. Arkistokuva Oskari M\u00e4kisarka<\/p>\n<p><strong class=\"diks-storyline__impact\">Out of Line Music<\/strong> -levy-yhti\u00f6lle kiinnitetty Bloodred Hourglass k\u00e4ynnisti syksyll\u00e4 pitk\u00e4n Euroopan kiertueen uusimman levyns\u00e4 merkeiss\u00e4. Kiertue jatkuu ensi vuoden puolella. Esimerkiksi tammikuun 2026 lopussa BRHG on mukana Miamista Bahamalle suuntaavalla, nelip\u00e4iv\u00e4isell\u00e4 70000 Tons of Metal -risteilyll\u00e4.<\/p>\n<p>Maaliskuussa metallimiehet saapuvat Mikkeliin. Kotikaupungissaan BRHG soittaa aivan erityisen keikan, yhteiskonsertin Mikkelin kaupunginorkesterin kanssa. <a href=\"https:\/\/www.lansi-savo.fi\/paikalliset\/6486940\" rel=\"nofollow noopener\" target=\"_blank\">Se on toinen laatuaan<\/a> ja jatkoa vuoden 2024 yhteiskeikalle.<\/p>\n<p>\u2013\u2009Edellinen konsertti oli itselleni yksi vuoden kohokohdista, ja kun t\u00e4ll\u00e4 kertaa k\u00e4\u00e4nnet\u00e4\u00e4n Hollywood-potikkaa viel\u00e4 pyk\u00e4l\u00e4 lis\u00e4\u00e4, lupaa yhtyeen tuotannosta orkesterisovitukset tekev\u00e4 <strong>Saku Moilanen<\/strong> tiedotteessa.<\/p>\n<p>Liput 21. maaliskuuta Mikaelin Martti Talvela -salissa soitettavalle keikalle ovat menneet ennakkoon mikkelil\u00e4isitt\u00e4in mainiosti kaupaksi. Kaksi ja puoli tuntia kest\u00e4v\u00e4ss\u00e4 konsertissa kuullaan uusimman albumin kappaleet, joitakin harvinaisuuksia, sek\u00e4 hittej\u00e4 yhtyeen uran varrelta.<\/p>\n","protected":false},"excerpt":{"rendered":"Mikkelil\u00e4isl\u00e4ht\u00f6inen Bloodred Hourglass (BRHG) on j\u00e4lleen Emma-gaala -ehdokkaana Vuoden metalli 2025 -sarjassa. Ehdokkuus on saavutus sin\u00e4ns\u00e4, sill\u00e4 Musiikkituottajien&hellip;\n","protected":false},"author":2,"featured_media":58248,"comment_status":"","ping_status":"","sticky":false,"template":"","format":"standard","meta":{"footnotes":""},"categories":[132],"tags":[4356,137,400,33,31,30,685,686,195,47,32,484,398,109],"class_list":{"0":"post-123125","1":"post","2":"type-post","3":"status-publish","4":"format-standard","5":"has-post-thumbnail","7":"category-musiikki","8":"tag-aanestykset","9":"tag-entertainment","10":"tag-espoo","11":"tag-fi","12":"tag-finland","13":"tag-finnish","14":"tag-mikkeli","15":"tag-mikkelin-seutukunta","16":"tag-music","17":"tag-musiikki","18":"tag-suomi","19":"tag-taiteellinen-ilmaisu-ja-mediat","20":"tag-taiteilija","21":"tag-viihde"},"share_on_mastodon":{"url":"https:\/\/pubeurope.com\/@fi\/115763180209772827","error":""},"_links":{"self":[{"href":"https:\/\/www.europesays.com\/fi\/wp-json\/wp\/v2\/posts\/123125","targetHints":{"allow":["GET"]}}],"collection":[{"href":"https:\/\/www.europesays.com\/fi\/wp-json\/wp\/v2\/posts"}],"about":[{"href":"https:\/\/www.europesays.com\/fi\/wp-json\/wp\/v2\/types\/post"}],"author":[{"embeddable":true,"href":"https:\/\/www.europesays.com\/fi\/wp-json\/wp\/v2\/users\/2"}],"replies":[{"embeddable":true,"href":"https:\/\/www.europesays.com\/fi\/wp-json\/wp\/v2\/comments?post=123125"}],"version-history":[{"count":0,"href":"https:\/\/www.europesays.com\/fi\/wp-json\/wp\/v2\/posts\/123125\/revisions"}],"wp:featuredmedia":[{"embeddable":true,"href":"https:\/\/www.europesays.com\/fi\/wp-json\/wp\/v2\/media\/58248"}],"wp:attachment":[{"href":"https:\/\/www.europesays.com\/fi\/wp-json\/wp\/v2\/media?parent=123125"}],"wp:term":[{"taxonomy":"category","embeddable":true,"href":"https:\/\/www.europesays.com\/fi\/wp-json\/wp\/v2\/categories?post=123125"},{"taxonomy":"post_tag","embeddable":true,"href":"https:\/\/www.europesays.com\/fi\/wp-json\/wp\/v2\/tags?post=123125"}],"curies":[{"name":"wp","href":"https:\/\/api.w.org\/{rel}","templated":true}]}}