{"id":123128,"date":"2025-12-22T12:21:08","date_gmt":"2025-12-22T12:21:08","guid":{"rendered":"https:\/\/www.europesays.com\/fi\/123128\/"},"modified":"2025-12-22T12:21:08","modified_gmt":"2025-12-22T12:21:08","slug":"18-vuotias-aino-harakka-harjasi-hiuksensa-kasarityyliin-ja-nyt-hanella-on-tiktokissa-miljoonayleiso-2","status":"publish","type":"post","link":"https:\/\/www.europesays.com\/fi\/123128\/","title":{"rendered":"18-vuotias Aino Harakka harjasi hiuksensa kasarityyliin, ja nyt h\u00e4nell\u00e4 on Tiktokissa miljoonayleis\u00f6"},"content":{"rendered":"<p>Raisiolaisen Aino Harakan kasarityyli on saanut nuoret ihailemaan retrokampauksia.<\/p>\n<p class=\"article-body mb-nof-24 px-nof-16\">Raisiolaisessa omakotitalossa, tavallisessa teinityt\u00f6n huoneessa syntyi jotain, mik\u00e4 on sittemmin ker\u00e4nnyt kymmeni\u00e4 miljoonia silm\u00e4pareja.<\/p>\n<p class=\"article-body mb-nof-24 px-nof-16\">18-vuotias <a class=\"article-personlink\" href=\"https:\/\/www.rannikkoseutu.fi\/haku\/?query=Aino%20Harakka\" rel=\"nofollow noopener\" target=\"_blank\">Aino Harakka<\/a>, Tiktokissa Aino Magdaleena, on noussut yhdeksi Suomen seuratuimmista hiust\u00e4hdist\u00e4. Seuraajia on jo l\u00e4hes miljoona, ja osa videoista on ker\u00e4nnyt kymmeni\u00e4 miljoonia katselukertoja.<\/p>\n","protected":false},"excerpt":{"rendered":"Raisiolaisen Aino Harakan kasarityyli on saanut nuoret ihailemaan retrokampauksia. Raisiolaisessa omakotitalossa, tavallisessa teinityt\u00f6n huoneessa syntyi jotain, mik\u00e4 on&hellip;\n","protected":false},"author":2,"featured_media":123129,"comment_status":"","ping_status":"","sticky":false,"template":"","format":"standard","meta":{"footnotes":""},"categories":[130],"tags":[137,33,31,30,1102,32,109],"class_list":{"0":"post-123128","1":"post","2":"type-post","3":"status-publish","4":"format-standard","5":"has-post-thumbnail","7":"category-viihde","8":"tag-entertainment","9":"tag-fi","10":"tag-finland","11":"tag-finnish","12":"tag-rannikkoseutu","13":"tag-suomi","14":"tag-viihde"},"share_on_mastodon":{"url":"https:\/\/pubeurope.com\/@fi\/115763195569576723","error":""},"_links":{"self":[{"href":"https:\/\/www.europesays.com\/fi\/wp-json\/wp\/v2\/posts\/123128","targetHints":{"allow":["GET"]}}],"collection":[{"href":"https:\/\/www.europesays.com\/fi\/wp-json\/wp\/v2\/posts"}],"about":[{"href":"https:\/\/www.europesays.com\/fi\/wp-json\/wp\/v2\/types\/post"}],"author":[{"embeddable":true,"href":"https:\/\/www.europesays.com\/fi\/wp-json\/wp\/v2\/users\/2"}],"replies":[{"embeddable":true,"href":"https:\/\/www.europesays.com\/fi\/wp-json\/wp\/v2\/comments?post=123128"}],"version-history":[{"count":0,"href":"https:\/\/www.europesays.com\/fi\/wp-json\/wp\/v2\/posts\/123128\/revisions"}],"wp:featuredmedia":[{"embeddable":true,"href":"https:\/\/www.europesays.com\/fi\/wp-json\/wp\/v2\/media\/123129"}],"wp:attachment":[{"href":"https:\/\/www.europesays.com\/fi\/wp-json\/wp\/v2\/media?parent=123128"}],"wp:term":[{"taxonomy":"category","embeddable":true,"href":"https:\/\/www.europesays.com\/fi\/wp-json\/wp\/v2\/categories?post=123128"},{"taxonomy":"post_tag","embeddable":true,"href":"https:\/\/www.europesays.com\/fi\/wp-json\/wp\/v2\/tags?post=123128"}],"curies":[{"name":"wp","href":"https:\/\/api.w.org\/{rel}","templated":true}]}}