{"id":123134,"date":"2025-12-22T12:26:10","date_gmt":"2025-12-22T12:26:10","guid":{"rendered":"https:\/\/www.europesays.com\/fi\/123134\/"},"modified":"2025-12-22T12:26:10","modified_gmt":"2025-12-22T12:26:10","slug":"jarvenpaa-ja-poliisi-vahvistavat-kaupunkiturvallisuutta-kameravalvonnalla","status":"publish","type":"post","link":"https:\/\/www.europesays.com\/fi\/123134\/","title":{"rendered":"J\u00e4rvenp\u00e4\u00e4 ja poliisi vahvistavat kaupunkiturvallisuutta kameravalvonnalla"},"content":{"rendered":"<p><strong>J\u00e4rvenp\u00e4\u00e4n kaupunki ja It\u00e4-Uudenmaan poliisilaitos ottavat k\u00e4ytt\u00f6\u00f6n uuden digitaalisen kameravalvontaj\u00e4rjestelm\u00e4n,\u00a0joka\u00a0tukee poliisin ty\u00f6t\u00e4 ja lis\u00e4\u00e4 turvallisuutta erityisesti keskustan alueilla.<\/strong>\u00a0<\/p>\n<p>J\u00e4rvenp\u00e4\u00e4n kaupunki, It\u00e4-Uudenmaan poliisilaitos ja Poliisihallitus ovat sopineet kaupunkikameraj\u00e4rjestelm\u00e4n suunnittelusta, toteutuksesta ja yll\u00e4pidosta kaupungin yleisill\u00e4 alueilla. J\u00e4rjestelm\u00e4 perustuu lains\u00e4\u00e4d\u00e4nt\u00f6\u00f6n, joka mahdollistaa valvonnan julkisissa kaupunkiymp\u00e4rist\u00f6iss\u00e4. Kameroita on sijoitettu esimerkiksi Rantapuistoon ja k\u00e4velykadulle.\u00a0<\/p>\n<p>Poliisi vastaa kameravalvonnasta, joka tukee yleisen j\u00e4rjestyksen ja turvallisuuden yll\u00e4pit\u00e4mist\u00e4 sek\u00e4 rikosten ennaltaehk\u00e4isy\u00e4 ja selvitt\u00e4mist\u00e4. Kaupunki puolestaan vastaa kameraverkon teknisest\u00e4 rakentamisesta ja yll\u00e4pidosta, joka on jo suurelta osin toteutettu j\u00e4rjestelm\u00e4n uudistamisen yhteydess\u00e4.\u00a0<\/p>\n<p>J\u00e4rjestelm\u00e4\u00e4 voidaan k\u00e4ytt\u00e4\u00e4 my\u00f6s muihin lain sallimiin tarkoituksiin, kuten katualueiden kunnossapidon tai s\u00e4\u00e4olosuhteiden seurannan tukena. Ensisijaisesti se toimii kuitenkin poliisin apuv\u00e4lineen\u00e4 valvontateht\u00e4viss\u00e4.\u00a0<\/p>\n<p>Valvontaa voidaan jatkossa laajentaa sek\u00e4 uusilla kameroilla ett\u00e4 liikkuvista ajoneuvoista k\u00e4sin toteutettavalla seurannalla.\u00a0<\/p>\n<p>\u2013 Kameravalvonnalla voidaan parantaa h\u00e4iri\u00f6iden ja rikosten ennaltaehk\u00e4isy\u00e4 sek\u00e4 tukea tapahtuneiden rikosten selvitt\u00e4mist\u00e4 esimerkiksi tekij\u00e4n tunnistamisen kautta. Kameravalvonta tarjoaa tarvittaessa my\u00f6s n\u00e4ytt\u00f6\u00e4 tapahtumien kulusta ja auttaa poliisia kohdentamaan partioita entist\u00e4 nopeammin h\u00e4iri\u00f6tilanteisiin, kertoo\u00a0<strong>Aki Rantahuhta<\/strong>\u00a0It\u00e4-Uudenmaan poliisilaitokselta.\u00a0<\/p>\n<p>\u2013 Poliisin ja kaupungin resurssien yhdist\u00e4minen kameravalvontaj\u00e4rjestelm\u00e4n avulla tukee merkitt\u00e4v\u00e4sti turvallista kaupunkiymp\u00e4rist\u00f6\u00e4 ja vaikuttaa aidosti keskusta-alueiden turvallisuuteen sek\u00e4 ennaltaehk\u00e4isev\u00e4\u00e4n ty\u00f6h\u00f6n. J\u00e4rvenp\u00e4\u00e4 on pohjoisen metropolialueen keskus, jossa arjen turvallisuuteen liittyv\u00e4t asiat koetaan t\u00e4rkeiksi kaikilla tasoilla, turvallisuus- ja valmiusp\u00e4\u00e4llikk\u00f6<strong>\u00a0Jussi Jokivaara\u00a0<\/strong>toteaa.\u00a0<\/p>\n<p><strong>Lis\u00e4tietoja:<\/strong>\u00a0<\/p>\n<p>Mikko Autere\u00a0<br \/>kaupunkikehitysjohtaja\u00a0<br \/>puh. 040 315 3269\u00a0<\/p>\n<p>Jussi Jokivaara\u00a0<br \/>turvallisuus- ja valmiusp\u00e4\u00e4llikk\u00f6\u00a0<br \/>puh. 040 315 3133\u00a0<\/p>\n","protected":false},"excerpt":{"rendered":"J\u00e4rvenp\u00e4\u00e4n kaupunki ja It\u00e4-Uudenmaan poliisilaitos ottavat k\u00e4ytt\u00f6\u00f6n uuden digitaalisen kameravalvontaj\u00e4rjestelm\u00e4n,\u00a0joka\u00a0tukee poliisin ty\u00f6t\u00e4 ja lis\u00e4\u00e4 turvallisuutta erityisesti keskustan alueilla.\u00a0&hellip;\n","protected":false},"author":2,"featured_media":123135,"comment_status":"","ping_status":"","sticky":false,"template":"","format":"standard","meta":{"footnotes":""},"categories":[12],"tags":[22,23,26,27,33,31,30,17,24,25,28,29,15,18,21,32,19,20,16],"class_list":{"0":"post-123134","1":"post","2":"type-post","3":"status-publish","4":"format-standard","5":"has-post-thumbnail","7":"category-suomi","8":"tag-breaking-news","9":"tag-breakingnews","10":"tag-featured-news","11":"tag-featurednews","12":"tag-fi","13":"tag-finland","14":"tag-finnish","15":"tag-headlines","16":"tag-latest-news","17":"tag-latestnews","18":"tag-main-news","19":"tag-mainnews","20":"tag-news","21":"tag-otsikot","22":"tag-paauutiset","23":"tag-suomi","24":"tag-top-stories","25":"tag-topstories","26":"tag-uutiset"},"share_on_mastodon":{"url":"https:\/\/pubeurope.com\/@fi\/115763215382026488","error":""},"_links":{"self":[{"href":"https:\/\/www.europesays.com\/fi\/wp-json\/wp\/v2\/posts\/123134","targetHints":{"allow":["GET"]}}],"collection":[{"href":"https:\/\/www.europesays.com\/fi\/wp-json\/wp\/v2\/posts"}],"about":[{"href":"https:\/\/www.europesays.com\/fi\/wp-json\/wp\/v2\/types\/post"}],"author":[{"embeddable":true,"href":"https:\/\/www.europesays.com\/fi\/wp-json\/wp\/v2\/users\/2"}],"replies":[{"embeddable":true,"href":"https:\/\/www.europesays.com\/fi\/wp-json\/wp\/v2\/comments?post=123134"}],"version-history":[{"count":0,"href":"https:\/\/www.europesays.com\/fi\/wp-json\/wp\/v2\/posts\/123134\/revisions"}],"wp:featuredmedia":[{"embeddable":true,"href":"https:\/\/www.europesays.com\/fi\/wp-json\/wp\/v2\/media\/123135"}],"wp:attachment":[{"href":"https:\/\/www.europesays.com\/fi\/wp-json\/wp\/v2\/media?parent=123134"}],"wp:term":[{"taxonomy":"category","embeddable":true,"href":"https:\/\/www.europesays.com\/fi\/wp-json\/wp\/v2\/categories?post=123134"},{"taxonomy":"post_tag","embeddable":true,"href":"https:\/\/www.europesays.com\/fi\/wp-json\/wp\/v2\/tags?post=123134"}],"curies":[{"name":"wp","href":"https:\/\/api.w.org\/{rel}","templated":true}]}}