{"id":123140,"date":"2025-12-22T12:40:26","date_gmt":"2025-12-22T12:40:26","guid":{"rendered":"https:\/\/www.europesays.com\/fi\/123140\/"},"modified":"2025-12-22T12:40:26","modified_gmt":"2025-12-22T12:40:26","slug":"talta-helsinki-nayttaa-vuoden-mustimpana-paivana","status":"publish","type":"post","link":"https:\/\/www.europesays.com\/fi\/123140\/","title":{"rendered":"T\u00e4lt\u00e4 Helsinki n\u00e4ytt\u00e4\u00e4 vuoden mustimpana p\u00e4iv\u00e4n\u00e4"},"content":{"rendered":"<p>Valokuvaaja Rio Gandara kuvasi vuoden synkint\u00e4 p\u00e4iv\u00e4\u00e4 l\u00e4pi pime\u00e4n, h\u00e4m\u00e4r\u00e4n ja uuden pime\u00e4n.<\/p>\n<p class=\"article-body mb-nof-24 px-nof-16\">T\u00e4lt\u00e4 n\u00e4ytt\u00e4\u00e4 Helsinki, kun valo on lyhyt harmaa v\u00e4l\u00e4ys kahden syv\u00e4n pime\u00e4n v\u00e4liss\u00e4.<\/p>\n<p class=\"article-body mb-nof-24 px-nof-16\">HS:n kuvaaja <a class=\"article-personlink\" href=\"https:\/\/www.hs.fi\/haku\/?query=Rio%20Gandara\" rel=\"nofollow noopener\" target=\"_blank\">Rio Gandara<\/a> l\u00e4hti sunnuntaina aamuy\u00f6ll\u00e4 ulos ilman tarkkaa suunnitelmaa. H\u00e4n kuvasi kaupunkia kunnes aurinko nousi ja laski sitten taas uudelleen.<\/p>\n<p class=\"article-body mb-nof-24 px-nof-16\">Talvip\u00e4iv\u00e4nseisaus oli sunnuntaina kello 17.02. Olemme siis j\u00e4lleen matkalla kohti kes\u00e4\u00e4 ja valoa.<\/p>\n<p><img decoding=\"async\" src=\"https:\/\/www.europesays.com\/fi\/wp-content\/uploads\/2025\/12\/1766407210_130_1920.jpg\" alt=\"Helsingin p\u00e4\u00e4rautatieasema kello 4.30. Ihmiset ovat matkalla kotiin y\u00f6n riennoista.\" class=\"_Img_1rerz_1\" style=\"aspect-ratio:1.3333333333333333\" loading=\"eager\"\/><\/p>\n<p class=\"article-picture-caption\">Helsingin p\u00e4\u00e4rautatieasema kello 4.30. Ihmiset ovat matkalla kotiin y\u00f6n riennoista. Kuva:\u00a0Rio Gandara \/ HS<\/p>\n<p><img decoding=\"async\" src=\"https:\/\/www.europesays.com\/fi\/wp-content\/uploads\/2025\/12\/1766407211_807_1920.jpg\" alt=\"Rautatientori kello 4.41.\" class=\"_Img_1rerz_1\" style=\"aspect-ratio:1.3342599027102153\" loading=\"eager\"\/><\/p>\n<p class=\"article-picture-caption\">Rautatientori kello 4.41. Kuva:\u00a0Rio Gandara \/ HS<\/p>\n<p><img decoding=\"async\" src=\"https:\/\/www.europesays.com\/fi\/wp-content\/uploads\/2025\/12\/1766407211_627_1920.jpg\" alt=\"Rautatientori kello 4.49. Arttu Wallenius, 24, sy\u00f6 rullakebabia.\" class=\"_Img_1rerz_1\" style=\"aspect-ratio:1.3342599027102153\" loading=\"eager\"\/><\/p>\n<p class=\"article-picture-caption\">Rautatientori kello 4.49. Arttu Wallenius, 24, sy\u00f6 rullakebabia. Kuva:\u00a0Rio Gandara \/ HS<\/p>\n<p><img decoding=\"async\" src=\"https:\/\/www.europesays.com\/fi\/wp-content\/uploads\/2025\/12\/1766407212_548_1920.jpg\" alt=\"Kulosaari kello 5.16. Mrunal Taywade, 27, (keskell\u00e4) matkustaa bussissa.\" class=\"_Img_1rerz_1\" style=\"aspect-ratio:1.3333333333333333\" loading=\"eager\"\/><\/p>\n<p class=\"article-picture-caption\">Kulosaari kello 5.16. Mrunal Taywade, 27, (keskell\u00e4) matkustaa bussissa. Kuva:\u00a0Rio Gandara \/ HS<\/p>\n<p><img decoding=\"async\" src=\"https:\/\/www.europesays.com\/fi\/wp-content\/uploads\/2025\/12\/1766407212_959_1920.jpg\" alt=\"It\u00e4keskus kello 5.30. Mrunal Taywade on pian perill\u00e4 ty\u00f6paikallaan intialaisessa ravintolassa.\" class=\"_Img_1rerz_1\" style=\"aspect-ratio:1.3333333333333333\" loading=\"eager\"\/><\/p>\n<p class=\"article-picture-caption\">It\u00e4keskus kello 5.30. Mrunal Taywade on pian perill\u00e4 ty\u00f6paikallaan intialaisessa ravintolassa. Kuva:\u00a0Rio Gandara \/ HS<\/p>\n<p><img decoding=\"async\" src=\"https:\/\/www.europesays.com\/fi\/wp-content\/uploads\/2025\/12\/1766407213_787_1920.jpg\" alt=\"It\u00e4keskuksen metroasema kello 6.01\" class=\"_Img_1rerz_1\" style=\"aspect-ratio:1.3333333333333333\" loading=\"eager\"\/><\/p>\n<p class=\"article-picture-caption\">It\u00e4keskuksen metroasema kello 6.01 Kuva:\u00a0Rio Gandara \/ HS<\/p>\n<p><img decoding=\"async\" src=\"https:\/\/www.europesays.com\/fi\/wp-content\/uploads\/2025\/12\/1766407214_798_1920.jpg\" alt=\"It\u00e4keskuksen metroasema kello 6.05. Sobuj Sarkler, 36, on matkalla t\u00f6ihin Lauttasaareen. H\u00e4n ty\u00f6skentelee siivojana ruokakaupassa.\" class=\"_Img_1rerz_1\" style=\"aspect-ratio:1.3333333333333333\" loading=\"eager\"\/><\/p>\n<p class=\"article-picture-caption\">It\u00e4keskuksen metroasema kello 6.05. Sobuj Sarkler, 36, on matkalla t\u00f6ihin Lauttasaareen. H\u00e4n ty\u00f6skentelee siivojana ruokakaupassa. Kuva:\u00a0Rio Gandara \/ HS<\/p>\n<p><img decoding=\"async\" src=\"https:\/\/www.europesays.com\/fi\/wp-content\/uploads\/2025\/12\/1766407215_389_1920.jpg\" alt=\"Siilitien metroasemakello 6.15.\" class=\"_Img_1rerz_1\" style=\"aspect-ratio:1.3333333333333333\" loading=\"eager\"\/><\/p>\n<p class=\"article-picture-caption\">Siilitien metroasemakello 6.15. Kuva:\u00a0Rio Gandara \/ HS<\/p>\n<p><img decoding=\"async\" src=\"https:\/\/www.europesays.com\/fi\/wp-content\/uploads\/2025\/12\/1766407215_16_1920.jpg\" alt=\"S\u00f6rn\u00e4inen kello 6.42. Alisa Pajunen, 24, nousee ratikkaan matkallaan ty\u00f6paikalleen l\u00e4hihoitajana asumispalveluissa. Laukkuvalintaa selitt\u00e4\u00e4, ett\u00e4 h\u00e4n opiskelee saksan ja suomen kieli\u00e4.\" class=\"_Img_1rerz_1\" style=\"aspect-ratio:1.3333333333333333\" loading=\"eager\"\/><\/p>\n<p class=\"article-picture-caption\">S\u00f6rn\u00e4inen kello 6.42. Alisa Pajunen, 24, nousee ratikkaan matkallaan ty\u00f6paikalleen l\u00e4hihoitajana asumispalveluissa. Laukkuvalintaa selitt\u00e4\u00e4, ett\u00e4 h\u00e4n opiskelee saksan ja suomen kieli\u00e4. Kuva:\u00a0Rio Gandara \/ HS<\/p>\n<p><img decoding=\"async\" src=\"https:\/\/www.europesays.com\/fi\/wp-content\/uploads\/2025\/12\/1766407216_677_1920.jpg\" alt=\"Alppiharju kello 6.59.\" class=\"_Img_1rerz_1\" style=\"aspect-ratio:1.3333333333333333\" loading=\"eager\"\/><\/p>\n<p class=\"article-picture-caption\">Alppiharju kello 6.59. Kuva:\u00a0Rio Gandara \/ HS<\/p>\n<p><img decoding=\"async\" src=\"https:\/\/www.europesays.com\/fi\/wp-content\/uploads\/2025\/12\/1766407216_940_1920.jpg\" alt=\"Linnunlaulun ulkokuntosali kello 7.04. Heidi Meril\u00e4, 37, pys\u00e4htyy kuntoilemaan viiden kilometrin aamulenkill\u00e4\u00e4n.\" class=\"_Img_1rerz_1\" style=\"aspect-ratio:1.3333333333333333\" loading=\"eager\"\/><\/p>\n<p class=\"article-picture-caption\">Linnunlaulun ulkokuntosali kello 7.04. Heidi Meril\u00e4, 37, pys\u00e4htyy kuntoilemaan viiden kilometrin aamulenkill\u00e4\u00e4n. Kuva:\u00a0Rio Gandara \/ HS<\/p>\n<p><img decoding=\"async\" src=\"https:\/\/www.europesays.com\/fi\/wp-content\/uploads\/2025\/12\/1766407217_902_1920.jpg\" alt=\"L\u00e4nsiterminaali kello 7.50. Elias Karvonen, 31, ja Ellinoora Rautio, 28, ovat l\u00e4hd\u00f6ss\u00e4 p\u00e4iv\u00e4ksi Tallinnaan.\" class=\"_Img_1rerz_1\" style=\"aspect-ratio:1.3333333333333333\" loading=\"eager\"\/><\/p>\n<p class=\"article-picture-caption\">L\u00e4nsiterminaali kello 7.50. Elias Karvonen, 31, ja Ellinoora Rautio, 28, ovat l\u00e4hd\u00f6ss\u00e4 p\u00e4iv\u00e4ksi Tallinnaan. Kuva:\u00a0Rio Gandara \/ HS<\/p>\n<p><img decoding=\"async\" src=\"https:\/\/www.europesays.com\/fi\/wp-content\/uploads\/2025\/12\/1766407217_502_1920.jpg\" alt=\"Atlantinkatu kello 8.06.\" class=\"_Img_1rerz_1\" style=\"aspect-ratio:1.3342599027102153\" loading=\"eager\"\/><\/p>\n<p class=\"article-picture-caption\">Atlantinkatu kello 8.06. Kuva:\u00a0Rio Gandara \/ HS<\/p>\n<p><img decoding=\"async\" src=\"https:\/\/www.europesays.com\/fi\/wp-content\/uploads\/2025\/12\/1766407218_555_1920.jpg\" alt=\"J\u00e4tk\u00e4saari kello 8.34.\" class=\"_Img_1rerz_1\" style=\"aspect-ratio:1.3333333333333333\" loading=\"eager\"\/><\/p>\n<p class=\"article-picture-caption\">J\u00e4tk\u00e4saari kello 8.34. Kuva:\u00a0Rio Gandara \/ HS<\/p>\n<p><img decoding=\"async\" src=\"https:\/\/www.europesays.com\/fi\/wp-content\/uploads\/2025\/12\/1766407218_916_1920.jpg\" alt=\"J\u00e4tk\u00e4saari kello 8.46. Marja Kuronen, 44, ulkoiluttaa Leegoa ja Kettua.\" class=\"_Img_1rerz_1\" style=\"aspect-ratio:1.3333333333333333\" loading=\"eager\"\/><\/p>\n<p class=\"article-picture-caption\">J\u00e4tk\u00e4saari kello 8.46. Marja Kuronen, 44, ulkoiluttaa Leegoa ja Kettua. Kuva:\u00a0Rio Gandara \/ HS<\/p>\n<p><img decoding=\"async\" src=\"https:\/\/www.europesays.com\/fi\/wp-content\/uploads\/2025\/12\/1766407219_786_1920.jpg\" alt=\"Ruoholahti kello 9.06.\" class=\"_Img_1rerz_1\" style=\"aspect-ratio:1.3333333333333333\" loading=\"eager\"\/><\/p>\n<p class=\"article-picture-caption\">Ruoholahti kello 9.06. Kuva:\u00a0Rio Gandara \/ HS<\/p>\n<p><img decoding=\"async\" src=\"https:\/\/www.europesays.com\/fi\/wp-content\/uploads\/2025\/12\/1766407219_133_1920.jpg\" alt=\"Narinkkatori kello 9.23.\" class=\"_Img_1rerz_1\" style=\"aspect-ratio:1.3333333333333333\" loading=\"eager\"\/><\/p>\n<p class=\"article-picture-caption\">Narinkkatori kello 9.23. Kuva:\u00a0Rio Gandara \/ HS<\/p>\n<p><img decoding=\"async\" src=\"https:\/\/www.europesays.com\/fi\/wp-content\/uploads\/2025\/12\/1766407220_948_1920.jpg\" alt=\"Helsingin p\u00e4\u00e4rautatieasema kello 9.42. Venla Marigold, 26, ja Lilja Marigold, 10 kuukautta, ovat l\u00e4hd\u00f6ss\u00e4 Lappiin viett\u00e4m\u00e4\u00e4n joulua sukulaisten kanssa.\" class=\"_Img_1rerz_1\" style=\"aspect-ratio:1.3333333333333333\" loading=\"eager\"\/><\/p>\n<p class=\"article-picture-caption\">Helsingin p\u00e4\u00e4rautatieasema kello 9.42. Venla Marigold, 26, ja Lilja Marigold, 10 kuukautta, ovat l\u00e4hd\u00f6ss\u00e4 Lappiin viett\u00e4m\u00e4\u00e4n joulua sukulaisten kanssa. Kuva:\u00a0Rio Gandara \/ HS<\/p>\n<p><img decoding=\"async\" src=\"https:\/\/www.europesays.com\/fi\/wp-content\/uploads\/2025\/12\/1766407220_342_1920.jpg\" alt=\"Hakaniementori kello 10.20. Elias Rajaniemi, 17, ty\u00f6skentelee perheens\u00e4 omistamassa kahvilassa.\" class=\"_Img_1rerz_1\" style=\"aspect-ratio:1.3333333333333333\" loading=\"eager\"\/><\/p>\n<p class=\"article-picture-caption\">Hakaniementori kello 10.20. Elias Rajaniemi, 17, ty\u00f6skentelee perheens\u00e4 omistamassa kahvilassa. Kuva:\u00a0Rio Gandara \/ HS<\/p>\n<p><img decoding=\"async\" src=\"https:\/\/www.europesays.com\/fi\/wp-content\/uploads\/2025\/12\/1766407221_479_1920.jpg\" alt=\"Hakaniementori kello 10.37. Wilhelmina Lindberg, 14, ja Veronica Lindberg, 18, myyv\u00e4t joulukuusia.\" class=\"_Img_1rerz_1\" style=\"aspect-ratio:1.3333333333333333\" loading=\"eager\"\/><\/p>\n<p class=\"article-picture-caption\">Hakaniementori kello 10.37. Wilhelmina Lindberg, 14, ja Veronica Lindberg, 18, myyv\u00e4t joulukuusia. Kuva:\u00a0Rio Gandara \/ HS<\/p>\n<p><img decoding=\"async\" src=\"https:\/\/www.europesays.com\/fi\/wp-content\/uploads\/2025\/12\/1766407221_822_1920.jpg\" alt=\"Aurinkolahti kello 11.14. Lapsiperheiden kotipalvelun ohjaaja ja avustaja Jemina Tiihonen, 34, on rannalla lapsen kanssa. H\u00e4n on kirjoittanut hiekkaan \u201dHyv\u00e4\u00e4 joulua\u201d.\" class=\"_Img_1rerz_1\" style=\"aspect-ratio:1.3333333333333333\" loading=\"eager\"\/><\/p>\n<p class=\"article-picture-caption\">Aurinkolahti kello 11.14. Lapsiperheiden kotipalvelun ohjaaja ja avustaja Jemina Tiihonen, 34, on rannalla lapsen kanssa. H\u00e4n on kirjoittanut hiekkaan \u201dHyv\u00e4\u00e4 joulua\u201d. Kuva:\u00a0Rio Gandara \/ HS<\/p>\n<p><img decoding=\"async\" src=\"https:\/\/www.europesays.com\/fi\/wp-content\/uploads\/2025\/12\/1766407222_237_1920.jpg\" alt=\"Herttoniemenranta kello 11.52. Anna Karro, 51, ja Ontrei Sarpaneva, 60, nostavat venett\u00e4 talvis\u00e4ilytykseen.\" class=\"_Img_1rerz_1\" style=\"aspect-ratio:1.3342599027102153\" loading=\"eager\"\/><\/p>\n<p class=\"article-picture-caption\">Herttoniemenranta kello 11.52. Anna Karro, 51, ja Ontrei Sarpaneva, 60, nostavat venett\u00e4 talvis\u00e4ilytykseen. Kuva:\u00a0Rio Gandara \/ HS<\/p>\n<p><img decoding=\"async\" src=\"https:\/\/www.europesays.com\/fi\/wp-content\/uploads\/2025\/12\/1766407223_274_1920.jpg\" alt=\"Lauttasaari kello 12.38. Oscar Loid, 15, ja David Loid, 56, kantavat joulukuusta kotiin.\" class=\"_Img_1rerz_1\" style=\"aspect-ratio:1.3333333333333333\" loading=\"eager\"\/><\/p>\n<p class=\"article-picture-caption\">Lauttasaari kello 12.38. Oscar Loid, 15, ja David Loid, 56, kantavat joulukuusta kotiin. Kuva:\u00a0Rio Gandara \/ HS<\/p>\n<p><img decoding=\"async\" src=\"https:\/\/www.europesays.com\/fi\/wp-content\/uploads\/2025\/12\/1766407223_20_1920.jpg\" alt=\"Lauttasaaren uimaranta kello 13.03.\" class=\"_Img_1rerz_1\" style=\"aspect-ratio:1.3333333333333333\" loading=\"eager\"\/><\/p>\n<p class=\"article-picture-caption\">Lauttasaaren uimaranta kello 13.03. Kuva:\u00a0Rio Gandara \/ HS<\/p>\n<p><img decoding=\"async\" src=\"https:\/\/www.europesays.com\/fi\/wp-content\/uploads\/2025\/12\/1766407224_921_1920.jpg\" alt=\"L\u00e4ntinen Pukkisaari kello 13.38.\" class=\"_Img_1rerz_1\" style=\"aspect-ratio:1.3342599027102153\" loading=\"eager\"\/><\/p>\n<p class=\"article-picture-caption\">L\u00e4ntinen Pukkisaari kello 13.38. Kuva:\u00a0Rio Gandara \/ HS<\/p>\n<p><img decoding=\"async\" src=\"https:\/\/www.europesays.com\/fi\/wp-content\/uploads\/2025\/12\/1766407225_267_1920.jpg\" alt=\"Munkkiniemi kello 13.59. Tuukka Yl\u00f6nen, 50, ja Oiva -koira kahvilla.\" class=\"_Img_1rerz_1\" style=\"aspect-ratio:1.3333333333333333\" loading=\"eager\"\/><\/p>\n<p class=\"article-picture-caption\">Munkkiniemi kello 13.59. Tuukka Yl\u00f6nen, 50, ja Oiva -koira kahvilla. Kuva:\u00a0Rio Gandara \/ HS<\/p>\n<p><img decoding=\"async\" src=\"https:\/\/www.europesays.com\/fi\/wp-content\/uploads\/2025\/12\/1766407225_754_1920.jpg\" alt=\"K\u00e4pyl\u00e4 kello 14.41.\" class=\"_Img_1rerz_1\" style=\"aspect-ratio:1.3342599027102153\" loading=\"eager\"\/><\/p>\n<p class=\"article-picture-caption\">K\u00e4pyl\u00e4 kello 14.41. Kuva:\u00a0Rio Gandara \/ HS<\/p>\n<p><img decoding=\"async\" src=\"https:\/\/www.europesays.com\/fi\/wp-content\/uploads\/2025\/12\/1766407226_541_1920.jpg\" alt=\"Pornaistenniemi kello 15.31. Taustalla Helsinki-huussi.\" class=\"_Img_1rerz_1\" style=\"aspect-ratio:1.3333333333333333\" loading=\"eager\"\/><\/p>\n<p class=\"article-picture-caption\">Pornaistenniemi kello 15.31. Taustalla Helsinki-huussi. Kuva:\u00a0Rio Gandara \/ HS<\/p>\n<p><img decoding=\"async\" src=\"https:\/\/www.europesays.com\/fi\/wp-content\/uploads\/2025\/12\/1766407226_846_1920.jpg\" alt=\"Kalasatama kello 15.45.\" class=\"_Img_1rerz_1\" style=\"aspect-ratio:1.3333333333333333\" loading=\"eager\"\/><\/p>\n<p class=\"article-picture-caption\">Kalasatama kello 15.45. Kuva:\u00a0Rio Gandara \/ HS<\/p>\n","protected":false},"excerpt":{"rendered":"Valokuvaaja Rio Gandara kuvasi vuoden synkint\u00e4 p\u00e4iv\u00e4\u00e4 l\u00e4pi pime\u00e4n, h\u00e4m\u00e4r\u00e4n ja uuden pime\u00e4n. T\u00e4lt\u00e4 n\u00e4ytt\u00e4\u00e4 Helsinki, kun valo&hellip;\n","protected":false},"author":2,"featured_media":123141,"comment_status":"","ping_status":"","sticky":false,"template":"","format":"standard","meta":{"footnotes":""},"categories":[135],"tags":[389,387,388,390,137,33,31,30,46,32,394,393,391,392,109],"class_list":{"0":"post-123140","1":"post","2":"type-post","3":"status-publish","4":"format-standard","5":"has-post-thumbnail","7":"category-taiteet-ja-suunnittelu","8":"tag-arts","9":"tag-arts-and-design","10":"tag-artsanddesign","11":"tag-design","12":"tag-entertainment","13":"tag-fi","14":"tag-finland","15":"tag-finnish","16":"tag-helsingin-sanomat","17":"tag-suomi","18":"tag-suunnittelu","19":"tag-taiteet","20":"tag-taiteet-ja-suunnittelu","21":"tag-taiteetsuunnittelu","22":"tag-viihde"},"share_on_mastodon":{"url":"https:\/\/pubeurope.com\/@fi\/115763270957380074","error":""},"_links":{"self":[{"href":"https:\/\/www.europesays.com\/fi\/wp-json\/wp\/v2\/posts\/123140","targetHints":{"allow":["GET"]}}],"collection":[{"href":"https:\/\/www.europesays.com\/fi\/wp-json\/wp\/v2\/posts"}],"about":[{"href":"https:\/\/www.europesays.com\/fi\/wp-json\/wp\/v2\/types\/post"}],"author":[{"embeddable":true,"href":"https:\/\/www.europesays.com\/fi\/wp-json\/wp\/v2\/users\/2"}],"replies":[{"embeddable":true,"href":"https:\/\/www.europesays.com\/fi\/wp-json\/wp\/v2\/comments?post=123140"}],"version-history":[{"count":0,"href":"https:\/\/www.europesays.com\/fi\/wp-json\/wp\/v2\/posts\/123140\/revisions"}],"wp:featuredmedia":[{"embeddable":true,"href":"https:\/\/www.europesays.com\/fi\/wp-json\/wp\/v2\/media\/123141"}],"wp:attachment":[{"href":"https:\/\/www.europesays.com\/fi\/wp-json\/wp\/v2\/media?parent=123140"}],"wp:term":[{"taxonomy":"category","embeddable":true,"href":"https:\/\/www.europesays.com\/fi\/wp-json\/wp\/v2\/categories?post=123140"},{"taxonomy":"post_tag","embeddable":true,"href":"https:\/\/www.europesays.com\/fi\/wp-json\/wp\/v2\/tags?post=123140"}],"curies":[{"name":"wp","href":"https:\/\/api.w.org\/{rel}","templated":true}]}}