{"id":123146,"date":"2025-12-22T12:46:11","date_gmt":"2025-12-22T12:46:11","guid":{"rendered":"https:\/\/www.europesays.com\/fi\/123146\/"},"modified":"2025-12-22T12:46:11","modified_gmt":"2025-12-22T12:46:11","slug":"sebastian-pozo-hernandez-siirtyy-hollannin-liigaan","status":"publish","type":"post","link":"https:\/\/www.europesays.com\/fi\/123146\/","title":{"rendered":"Sebastian Pozo Hernandez siirtyy Hollannin liigaan"},"content":{"rendered":"<p><b>Lentopallon Mestaruusliigassa Akaa-Volleyta kaudesta 2022-23 edustanut Sebastian Pozo Hernandez ilmoitti jo vuosia sitten, ett\u00e4 suunta on mahdollisuuksien mukaan Euroopan lentopallokentille ja Suomen maajoukkueeseen. Niinp\u00e4 sopimus Akaa-Volleyn kanssa sis\u00e4lsi niin kutsutun ulkomaanpyk\u00e4l\u00e4n, joka olisi lauennut joulukuun lopussa.<\/b><\/p>\n<p>Hollannin p\u00e4\u00e4sarjassa toisena oleva Lycurgus Groningenin yleispelaaja Coltyn Liu muutti Taiwaniin joulukuun puoliv\u00e4liss\u00e4. Hollantilaisseura l\u00e4hti etsim\u00e4\u00e4n h\u00e4nelle korvaajaa ja Pozo Hernandez t\u00e4ytti parhaiten seuran asettamat kriteerit.<\/p>\n<p>&#8211; Luvassa on hyvin peliaikaa, joka oli kohdallani t\u00e4rke\u00e4 kriteeri p\u00e4\u00e4t\u00f6kselleni. Haluan edelleen antaa n\u00e4ytt\u00f6j\u00e4 isoille seuroille. Ja kyll\u00e4 maajoukkuekin toki kiinnostaa, perusteli Pozo Hernandez p\u00e4\u00e4t\u00f6st\u00e4\u00e4n.<\/p>\n<p>Maajoukkueen leirityksess\u00e4 jo mukana ollut Pozo Hernandez kertoi odottavansa innolla erilaiseen ymp\u00e4rist\u00f6\u00f6n tutustumista.<\/p>\n<p>&#8211; Kovia otteluita on tiedossa. Hollannin ja Belgian runkosarjojen p\u00e4\u00e4tytty\u00e4 molempien nelj\u00e4 parasta kohtaavat toisensa erillisess\u00e4 turnauksessa, selvent\u00e4\u00e4 Akaa-Volleyssa hienon ja nousujohteisen ajanjakson kokenut yleispelaaja.<\/p>\n<p><img loading=\"lazy\" decoding=\"async\" src=\"https:\/\/www.europesays.com\/fi\/wp-content\/uploads\/2025\/12\/pozo_348009482.jpg\" alt=\"\" width=\"900\" height=\"585\"\/><\/p>\n<p>Akaa-Volleyn p\u00e4\u00e4valmentaja Jani Niskakangas suhtautuu yhden luottopelaajansa siirtouutiseen rauhallisesti.<\/p>\n<p>&#8211; Emme ole aktiivisesti etsim\u00e4ss\u00e4 Pozolle seuraajaa. Meill\u00e4 on aivan riitt\u00e4v\u00e4sti laatua yleispelaajaosastolla. Katsellaan rauhassa, miten edet\u00e4\u00e4n.<\/p>\n<p>Turussa perjantaina pelatussa Mestaruusliigapeliss\u00e4 TUTO Volleyta vastaan Pozo Hernandez seurasi ottelua katsomosta. Joukkueen matkassa oli Kasimir Vuorinen farmiseura Lempo-Volleysta. Vuorinen oli mukana voittamassa Akaa-Volleylle seuran ensimm\u00e4ist\u00e4 mestaruusliigamitalia kaudella 2021-22. H\u00e4n on varmasti k\u00e4ytett\u00e4viss\u00e4 jatkossakin aikataulujen salliessa.<\/p>\n<p>Harri Mattila<\/p>\n","protected":false},"excerpt":{"rendered":"Lentopallon Mestaruusliigassa Akaa-Volleyta kaudesta 2022-23 edustanut Sebastian Pozo Hernandez ilmoitti jo vuosia sitten, ett\u00e4 suunta on mahdollisuuksien mukaan&hellip;\n","protected":false},"author":2,"featured_media":117419,"comment_status":"","ping_status":"","sticky":false,"template":"","format":"standard","meta":{"footnotes":""},"categories":[158],"tags":[33,31,30,9745,21374,159,32,160],"class_list":{"0":"post-123146","1":"post","2":"type-post","3":"status-publish","4":"format-standard","5":"has-post-thumbnail","7":"category-urheilu","8":"tag-fi","9":"tag-finland","10":"tag-finnish","11":"tag-lentopallo","12":"tag-mestaruusliiga","13":"tag-sports","14":"tag-suomi","15":"tag-urheilu"},"share_on_mastodon":{"url":"https:\/\/pubeurope.com\/@fi\/115763294358920555","error":""},"_links":{"self":[{"href":"https:\/\/www.europesays.com\/fi\/wp-json\/wp\/v2\/posts\/123146","targetHints":{"allow":["GET"]}}],"collection":[{"href":"https:\/\/www.europesays.com\/fi\/wp-json\/wp\/v2\/posts"}],"about":[{"href":"https:\/\/www.europesays.com\/fi\/wp-json\/wp\/v2\/types\/post"}],"author":[{"embeddable":true,"href":"https:\/\/www.europesays.com\/fi\/wp-json\/wp\/v2\/users\/2"}],"replies":[{"embeddable":true,"href":"https:\/\/www.europesays.com\/fi\/wp-json\/wp\/v2\/comments?post=123146"}],"version-history":[{"count":0,"href":"https:\/\/www.europesays.com\/fi\/wp-json\/wp\/v2\/posts\/123146\/revisions"}],"wp:featuredmedia":[{"embeddable":true,"href":"https:\/\/www.europesays.com\/fi\/wp-json\/wp\/v2\/media\/117419"}],"wp:attachment":[{"href":"https:\/\/www.europesays.com\/fi\/wp-json\/wp\/v2\/media?parent=123146"}],"wp:term":[{"taxonomy":"category","embeddable":true,"href":"https:\/\/www.europesays.com\/fi\/wp-json\/wp\/v2\/categories?post=123146"},{"taxonomy":"post_tag","embeddable":true,"href":"https:\/\/www.europesays.com\/fi\/wp-json\/wp\/v2\/tags?post=123146"}],"curies":[{"name":"wp","href":"https:\/\/api.w.org\/{rel}","templated":true}]}}